{"id":14585,"date":"2024-10-25T10:40:03","date_gmt":"2024-10-25T08:40:03","guid":{"rendered":"https:\/\/agora.xtec.cat\/escolametllers\/?p=14585"},"modified":"2024-10-30T12:56:38","modified_gmt":"2024-10-30T11:56:38","slug":"sortida-de-lentorn-2","status":"publish","type":"post","link":"https:\/\/agora.xtec.cat\/escolametllers\/primaria\/prom17b\/sortida-de-lentorn-2\/","title":{"rendered":"SORTIDA DE L&#8217;ENTORN"},"content":{"rendered":"<p>La sortida de l&#8217;entorn del nostre curs est\u00e0 relacionada amb les f\u00e0briques t\u00e8xtils de Sant Joan de Vilatorrada. Sortint de l&#8217;escola hem fet l&#8217;itinerari seg\u00fcent : Carrer Frederica Montseny, Avinguda Torrent del Canig\u00f3, fent parada al CAP,\u00a0 hem baixat fins al riu Cardener i despr\u00e9s hem anat fins al davant de Cal Gallifa on ens esperava el Sr. Marc Vilarmau de l&#8217;Associaci\u00f3 Embarrats. Ens ha portat a fer una ruta per les antigues f\u00e0briques Bur\u00e9s, Borr\u00e0s, i Gallifa tot explicant-nos un munt de coses interessants del passat de Sant Joan.<\/p>\n<p>El Marc ha relacionat l&#8217;explicaci\u00f3 amb els elements de la natura, ja que per fer funcionar les f\u00e0briques necessitaven la for\u00e7a de l&#8217;aigua per moure la turbina, per aix\u00f2 estan ubicades a la vora del riu. Si l&#8217;aigua no tenia prou for\u00e7a necessitaven cremar carb\u00f3 per fer funcionar la maquin\u00e0ria.<\/p>\n<p>Despr\u00e9s a la tarda a l&#8217;escola hem refet el cam\u00ed de la sortida i, amb l&#8217;ajuda d&#8217;un pl\u00e0nol del poble, hem buscat els diferents indrets per on hem passat.<\/p>\n<p>Una sortida propera que ens ha perm\u00e8s con\u00e8ixer una altra perspectiva del nostre poble i saber-ne el seu origen.<\/p>\n<p><a href=\"https:\/\/photos.app.goo.gl\/8fCuNzDGnVxfgXFj8\"><img loading=\"lazy\" decoding=\"async\" class=\" wp-image-14586 aligncenter\" src=\"https:\/\/agora.xtec.cat\/escolametllers\/wp-content\/uploads\/usu1580\/2024\/10\/1730240668478.jpg\" alt=\"\" width=\"360\" height=\"480\" srcset=\"https:\/\/agora.xtec.cat\/escolametllers\/wp-content\/uploads\/usu1580\/2024\/10\/1730240668478.jpg 480w, https:\/\/agora.xtec.cat\/escolametllers\/wp-content\/uploads\/usu1580\/2024\/10\/1730240668478-225x300.jpg 225w\" sizes=\"auto, (max-width: 360px) 100vw, 360px\" \/><\/a><\/p>\n","protected":false},"excerpt":{"rendered":"<p>La sortida de l&#8217;entorn del nostre curs est\u00e0 relacionada amb les f\u00e0briques t\u00e8xtils de Sant Joan de Vilatorrada. Sortint de l&#8217;escola hem fet l&#8217;itinerari seg\u00fcent : Carrer Frederica Montseny, Avinguda Torrent del Canig\u00f3, fent parada al CAP,\u00a0 hem baixat fins al riu Cardener i despr\u00e9s hem anat fins al davant de Cal Gallifa on ens [&hellip;]<\/p>\n","protected":false},"author":50,"featured_media":0,"comment_status":"closed","ping_status":"closed","sticky":false,"template":"","format":"standard","meta":{"_bbp_topic_count":0,"_bbp_reply_count":0,"_bbp_total_topic_count":0,"_bbp_total_reply_count":0,"_bbp_voice_count":0,"_bbp_anonymous_reply_count":0,"_bbp_topic_count_hidden":0,"_bbp_reply_count_hidden":0,"_bbp_forum_subforum_count":0,"site-sidebar-layout":"default","site-content-layout":"","ast-site-content-layout":"","site-content-style":"default","site-sidebar-style":"default","ast-global-header-display":"","ast-banner-title-visibility":"","ast-main-header-display":"","ast-hfb-above-header-display":"","ast-hfb-below-header-display":"","ast-hfb-mobile-header-display":"","site-post-title":"","ast-breadcrumbs-content":"","ast-featured-img":"","footer-sml-layout":"","theme-transparent-header-meta":"","adv-header-id-meta":"","stick-header-meta":"","header-above-stick-meta":"","header-main-stick-meta":"","header-below-stick-meta":"","astra-migrate-meta-layouts":"default","ast-page-background-enabled":"default","ast-page-background-meta":{"desktop":{"background-color":"var(--ast-global-color-4)","background-image":"","background-repeat":"repeat","background-position":"center center","background-size":"auto","background-attachment":"scroll","background-type":"","background-media":"","overlay-type":"","overlay-color":"","overlay-opacity":"","overlay-gradient":""},"tablet":{"background-color":"","background-image":"","background-repeat":"repeat","background-position":"center center","background-size":"auto","background-attachment":"scroll","background-type":"","background-media":"","overlay-type":"","overlay-color":"","overlay-opacity":"","overlay-gradient":""},"mobile":{"background-color":"","background-image":"","background-repeat":"repeat","background-position":"center center","background-size":"auto","background-attachment":"scroll","background-type":"","background-media":"","overlay-type":"","overlay-color":"","overlay-opacity":"","overlay-gradient":""}},"ast-content-background-meta":{"desktop":{"background-color":"var(--ast-global-color-5)","background-image":"","background-repeat":"repeat","background-position":"center center","background-size":"auto","background-attachment":"scroll","background-type":"","background-media":"","overlay-type":"","overlay-color":"","overlay-opacity":"","overlay-gradient":""},"tablet":{"background-color":"var(--ast-global-color-5)","background-image":"","background-repeat":"repeat","background-position":"center center","background-size":"auto","background-attachment":"scroll","background-type":"","background-media":"","overlay-type":"","overlay-color":"","overlay-opacity":"","overlay-gradient":""},"mobile":{"background-color":"var(--ast-global-color-5)","background-image":"","background-repeat":"repeat","background-position":"center center","background-size":"auto","background-attachment":"scroll","background-type":"","background-media":"","overlay-type":"","overlay-color":"","overlay-opacity":"","overlay-gradient":""}},"footnotes":""},"categories":[411,61],"tags":[16],"class_list":["post-14585","post","type-post","status-publish","format-standard","hentry","category-24-25","category-prom17b","tag-sortides"],"post_mailing_queue_ids":[],"_links":{"self":[{"href":"https:\/\/agora.xtec.cat\/escolametllers\/wp-json\/wp\/v2\/posts\/14585","targetHints":{"allow":["GET"]}}],"collection":[{"href":"https:\/\/agora.xtec.cat\/escolametllers\/wp-json\/wp\/v2\/posts"}],"about":[{"href":"https:\/\/agora.xtec.cat\/escolametllers\/wp-json\/wp\/v2\/types\/post"}],"author":[{"embeddable":true,"href":"https:\/\/agora.xtec.cat\/escolametllers\/wp-json\/wp\/v2\/users\/50"}],"replies":[{"embeddable":true,"href":"https:\/\/agora.xtec.cat\/escolametllers\/wp-json\/wp\/v2\/comments?post=14585"}],"version-history":[{"count":3,"href":"https:\/\/agora.xtec.cat\/escolametllers\/wp-json\/wp\/v2\/posts\/14585\/revisions"}],"predecessor-version":[{"id":14591,"href":"https:\/\/agora.xtec.cat\/escolametllers\/wp-json\/wp\/v2\/posts\/14585\/revisions\/14591"}],"wp:attachment":[{"href":"https:\/\/agora.xtec.cat\/escolametllers\/wp-json\/wp\/v2\/media?parent=14585"}],"wp:term":[{"taxonomy":"category","embeddable":true,"href":"https:\/\/agora.xtec.cat\/escolametllers\/wp-json\/wp\/v2\/categories?post=14585"},{"taxonomy":"post_tag","embeddable":true,"href":"https:\/\/agora.xtec.cat\/escolametllers\/wp-json\/wp\/v2\/tags?post=14585"}],"curies":[{"name":"wp","href":"https:\/\/api.w.org\/{rel}","templated":true}]}}