{"id":14498,"date":"2024-10-17T22:40:20","date_gmt":"2024-10-17T20:40:20","guid":{"rendered":"https:\/\/agora.xtec.cat\/escolametllers\/?p=14498"},"modified":"2024-10-17T22:46:48","modified_gmt":"2024-10-17T20:46:48","slug":"els-primers-dies-descola-9","status":"publish","type":"post","link":"https:\/\/agora.xtec.cat\/escolametllers\/infantil\/els-primers-dies-descola-9\/","title":{"rendered":"ELS PRIMERS  DIES D&#8217;ESCOLA"},"content":{"rendered":"<p><span style=\"font-weight: 400;\">Durant els primers dies d\u2019adaptaci\u00f3 a la classe de \u201cLA TRIBU DELS NENETS\u201d ha estat important crear un ambient acollidor i tranquil. Aquests dies han estat plens de novetats, com el coneixement de l\u2019espai, les mestres i les companyes i els companys. Per aix\u00f2 ha estat crucial respectar el ritme de cada nen o nena, oferint un entorn segur i afectu\u00f3s. Les rutines senzilles i estables han ajudat a donar seguretat, mentre que l\u2019acompanyament emocional constant ha perm\u00e8s que ens anem sentint m\u00e9s confiats i c\u00f2modes en un nou entorn escolar.<\/span><\/p>\n<p><span style=\"font-weight: 400;\">(Si cliqueu la imatge podreu veure algunes de les fotos d&#8217;aquests primers dies).<\/span><\/p>\n<p><span style=\"font-weight: 400;\"><a href=\"https:\/\/photos.app.goo.gl\/Gh4rYA9gJyAik6cE8\"><br \/>\n<img loading=\"lazy\" decoding=\"async\" class=\"wp-image-14499 aligncenter\" src=\"https:\/\/agora.xtec.cat\/escolametllers\/wp-content\/uploads\/usu1580\/2024\/10\/foto-web-escola-1024x724.jpg\" alt=\"\" width=\"715\" height=\"506\" srcset=\"https:\/\/agora.xtec.cat\/escolametllers\/wp-content\/uploads\/usu1580\/2024\/10\/foto-web-escola-1024x724.jpg 1024w, https:\/\/agora.xtec.cat\/escolametllers\/wp-content\/uploads\/usu1580\/2024\/10\/foto-web-escola-300x212.jpg 300w, https:\/\/agora.xtec.cat\/escolametllers\/wp-content\/uploads\/usu1580\/2024\/10\/foto-web-escola-768x543.jpg 768w, https:\/\/agora.xtec.cat\/escolametllers\/wp-content\/uploads\/usu1580\/2024\/10\/foto-web-escola-1536x1086.jpg 1536w, https:\/\/agora.xtec.cat\/escolametllers\/wp-content\/uploads\/usu1580\/2024\/10\/foto-web-escola.jpg 2000w\" sizes=\"auto, (max-width: 715px) 100vw, 715px\" \/><\/a><\/span><\/p>\n","protected":false},"excerpt":{"rendered":"<p>Durant els primers dies d\u2019adaptaci\u00f3 a la classe de \u201cLA TRIBU DELS NENETS\u201d ha estat important crear un ambient acollidor i tranquil. Aquests dies han estat plens de novetats, com el coneixement de l\u2019espai, les mestres i les companyes i els companys. Per aix\u00f2 ha estat crucial respectar el ritme de cada nen o nena, [&hellip;]<\/p>\n","protected":false},"author":112,"featured_media":0,"comment_status":"open","ping_status":"closed","sticky":false,"template":"","format":"standard","meta":{"_bbp_topic_count":0,"_bbp_reply_count":0,"_bbp_total_topic_count":0,"_bbp_total_reply_count":0,"_bbp_voice_count":0,"_bbp_anonymous_reply_count":0,"_bbp_topic_count_hidden":0,"_bbp_reply_count_hidden":0,"_bbp_forum_subforum_count":0,"site-sidebar-layout":"default","site-content-layout":"","ast-site-content-layout":"","site-content-style":"default","site-sidebar-style":"default","ast-global-header-display":"","ast-banner-title-visibility":"","ast-main-header-display":"","ast-hfb-above-header-display":"","ast-hfb-below-header-display":"","ast-hfb-mobile-header-display":"","site-post-title":"","ast-breadcrumbs-content":"","ast-featured-img":"","footer-sml-layout":"","theme-transparent-header-meta":"","adv-header-id-meta":"","stick-header-meta":"","header-above-stick-meta":"","header-main-stick-meta":"","header-below-stick-meta":"","astra-migrate-meta-layouts":"default","ast-page-background-enabled":"default","ast-page-background-meta":{"desktop":{"background-color":"var(--ast-global-color-4)","background-image":"","background-repeat":"repeat","background-position":"center center","background-size":"auto","background-attachment":"scroll","background-type":"","background-media":"","overlay-type":"","overlay-color":"","overlay-opacity":"","overlay-gradient":""},"tablet":{"background-color":"","background-image":"","background-repeat":"repeat","background-position":"center center","background-size":"auto","background-attachment":"scroll","background-type":"","background-media":"","overlay-type":"","overlay-color":"","overlay-opacity":"","overlay-gradient":""},"mobile":{"background-color":"","background-image":"","background-repeat":"repeat","background-position":"center center","background-size":"auto","background-attachment":"scroll","background-type":"","background-media":"","overlay-type":"","overlay-color":"","overlay-opacity":"","overlay-gradient":""}},"ast-content-background-meta":{"desktop":{"background-color":"var(--ast-global-color-5)","background-image":"","background-repeat":"repeat","background-position":"center center","background-size":"auto","background-attachment":"scroll","background-type":"","background-media":"","overlay-type":"","overlay-color":"","overlay-opacity":"","overlay-gradient":""},"tablet":{"background-color":"var(--ast-global-color-5)","background-image":"","background-repeat":"repeat","background-position":"center center","background-size":"auto","background-attachment":"scroll","background-type":"","background-media":"","overlay-type":"","overlay-color":"","overlay-opacity":"","overlay-gradient":""},"mobile":{"background-color":"var(--ast-global-color-5)","background-image":"","background-repeat":"repeat","background-position":"center center","background-size":"auto","background-attachment":"scroll","background-type":"","background-media":"","overlay-type":"","overlay-color":"","overlay-opacity":"","overlay-gradient":""}},"footnotes":""},"categories":[411,279,2],"tags":[179],"class_list":["post-14498","post","type-post","status-publish","format-standard","hentry","category-24-25","category-eia","category-infantil","tag-primers-dies"],"post_mailing_queue_ids":[],"_links":{"self":[{"href":"https:\/\/agora.xtec.cat\/escolametllers\/wp-json\/wp\/v2\/posts\/14498","targetHints":{"allow":["GET"]}}],"collection":[{"href":"https:\/\/agora.xtec.cat\/escolametllers\/wp-json\/wp\/v2\/posts"}],"about":[{"href":"https:\/\/agora.xtec.cat\/escolametllers\/wp-json\/wp\/v2\/types\/post"}],"author":[{"embeddable":true,"href":"https:\/\/agora.xtec.cat\/escolametllers\/wp-json\/wp\/v2\/users\/112"}],"replies":[{"embeddable":true,"href":"https:\/\/agora.xtec.cat\/escolametllers\/wp-json\/wp\/v2\/comments?post=14498"}],"version-history":[{"count":5,"href":"https:\/\/agora.xtec.cat\/escolametllers\/wp-json\/wp\/v2\/posts\/14498\/revisions"}],"predecessor-version":[{"id":14504,"href":"https:\/\/agora.xtec.cat\/escolametllers\/wp-json\/wp\/v2\/posts\/14498\/revisions\/14504"}],"wp:attachment":[{"href":"https:\/\/agora.xtec.cat\/escolametllers\/wp-json\/wp\/v2\/media?parent=14498"}],"wp:term":[{"taxonomy":"category","embeddable":true,"href":"https:\/\/agora.xtec.cat\/escolametllers\/wp-json\/wp\/v2\/categories?post=14498"},{"taxonomy":"post_tag","embeddable":true,"href":"https:\/\/agora.xtec.cat\/escolametllers\/wp-json\/wp\/v2\/tags?post=14498"}],"curies":[{"name":"wp","href":"https:\/\/api.w.org\/{rel}","templated":true}]}}