{"id":14421,"date":"2024-10-11T15:49:05","date_gmt":"2024-10-11T13:49:05","guid":{"rendered":"https:\/\/agora.xtec.cat\/escolametllers\/?p=14421"},"modified":"2024-10-11T15:50:29","modified_gmt":"2024-10-11T13:50:29","slug":"els-primers-dies-descola-7","status":"publish","type":"post","link":"https:\/\/agora.xtec.cat\/escolametllers\/infantil\/els-primers-dies-descola-7\/","title":{"rendered":"ELS PRIMERS DIES D&#8217;ESCOLA"},"content":{"rendered":"<p style=\"text-align: center;\">Durant els primers dies d&#8217;adaptaci\u00f3 a la classe dels &#8220;TUAREGS&#8221; ha estat important crear un ambient acollidor i tranquil. Aquests dies han estat plens de novetats, com el coneixement de l&#8217;espai, les mestres i les companyes i els companys. Per aix\u00f2 ha estat crucial respectar el ritme de cada nen o nena, oferint un entorn segur i afectu\u00f3s. Les rutines senzilles i estables han ajudat a donar seguretat, mentre que l&#8217;acompanyament emocional constant ha perm\u00e8s que ens anem sentint m\u00e9s confiats i c\u00f2modes en un nou entorn escolar.<\/p>\n<p><a href=\"https:\/\/photos.app.goo.gl\/UN1qxkfLRzjfM6wS7\"><img loading=\"lazy\" decoding=\"async\" class=\"wp-image-14432 aligncenter\" src=\"https:\/\/agora.xtec.cat\/escolametllers\/wp-content\/uploads\/usu1580\/2024\/10\/IMG_20240917_121244-2-2-1024x707.jpg\" alt=\"\" width=\"897\" height=\"619\" srcset=\"https:\/\/agora.xtec.cat\/escolametllers\/wp-content\/uploads\/usu1580\/2024\/10\/IMG_20240917_121244-2-2-1024x707.jpg 1024w, https:\/\/agora.xtec.cat\/escolametllers\/wp-content\/uploads\/usu1580\/2024\/10\/IMG_20240917_121244-2-2-300x207.jpg 300w, https:\/\/agora.xtec.cat\/escolametllers\/wp-content\/uploads\/usu1580\/2024\/10\/IMG_20240917_121244-2-2-768x530.jpg 768w, https:\/\/agora.xtec.cat\/escolametllers\/wp-content\/uploads\/usu1580\/2024\/10\/IMG_20240917_121244-2-2-1536x1060.jpg 1536w, https:\/\/agora.xtec.cat\/escolametllers\/wp-content\/uploads\/usu1580\/2024\/10\/IMG_20240917_121244-2-2-2048x1413.jpg 2048w\" sizes=\"auto, (max-width: 897px) 100vw, 897px\" \/><\/a><\/p>\n","protected":false},"excerpt":{"rendered":"<p>Durant els primers dies d&#8217;adaptaci\u00f3 a la classe dels &#8220;TUAREGS&#8221; ha estat important crear un ambient acollidor i tranquil. Aquests dies han estat plens de novetats, com el coneixement de l&#8217;espai, les mestres i les companyes i els companys. Per aix\u00f2 ha estat crucial respectar el ritme de cada nen o nena, oferint un entorn [&hellip;]<\/p>\n","protected":false},"author":46,"featured_media":0,"comment_status":"open","ping_status":"closed","sticky":false,"template":"","format":"standard","meta":{"_bbp_topic_count":0,"_bbp_reply_count":0,"_bbp_total_topic_count":0,"_bbp_total_reply_count":0,"_bbp_voice_count":0,"_bbp_anonymous_reply_count":0,"_bbp_topic_count_hidden":0,"_bbp_reply_count_hidden":0,"_bbp_forum_subforum_count":0,"site-sidebar-layout":"default","site-content-layout":"","ast-site-content-layout":"","site-content-style":"default","site-sidebar-style":"default","ast-global-header-display":"","ast-banner-title-visibility":"","ast-main-header-display":"","ast-hfb-above-header-display":"","ast-hfb-below-header-display":"","ast-hfb-mobile-header-display":"","site-post-title":"","ast-breadcrumbs-content":"","ast-featured-img":"","footer-sml-layout":"","theme-transparent-header-meta":"","adv-header-id-meta":"","stick-header-meta":"","header-above-stick-meta":"","header-main-stick-meta":"","header-below-stick-meta":"","astra-migrate-meta-layouts":"default","ast-page-background-enabled":"default","ast-page-background-meta":{"desktop":{"background-color":"var(--ast-global-color-4)","background-image":"","background-repeat":"repeat","background-position":"center center","background-size":"auto","background-attachment":"scroll","background-type":"","background-media":"","overlay-type":"","overlay-color":"","overlay-opacity":"","overlay-gradient":""},"tablet":{"background-color":"","background-image":"","background-repeat":"repeat","background-position":"center center","background-size":"auto","background-attachment":"scroll","background-type":"","background-media":"","overlay-type":"","overlay-color":"","overlay-opacity":"","overlay-gradient":""},"mobile":{"background-color":"","background-image":"","background-repeat":"repeat","background-position":"center center","background-size":"auto","background-attachment":"scroll","background-type":"","background-media":"","overlay-type":"","overlay-color":"","overlay-opacity":"","overlay-gradient":""}},"ast-content-background-meta":{"desktop":{"background-color":"var(--ast-global-color-5)","background-image":"","background-repeat":"repeat","background-position":"center center","background-size":"auto","background-attachment":"scroll","background-type":"","background-media":"","overlay-type":"","overlay-color":"","overlay-opacity":"","overlay-gradient":""},"tablet":{"background-color":"var(--ast-global-color-5)","background-image":"","background-repeat":"repeat","background-position":"center center","background-size":"auto","background-attachment":"scroll","background-type":"","background-media":"","overlay-type":"","overlay-color":"","overlay-opacity":"","overlay-gradient":""},"mobile":{"background-color":"var(--ast-global-color-5)","background-image":"","background-repeat":"repeat","background-position":"center center","background-size":"auto","background-attachment":"scroll","background-type":"","background-media":"","overlay-type":"","overlay-color":"","overlay-opacity":"","overlay-gradient":""}},"footnotes":""},"categories":[411,280,2],"tags":[179],"class_list":["post-14421","post","type-post","status-publish","format-standard","hentry","category-24-25","category-eib","category-infantil","tag-primers-dies"],"post_mailing_queue_ids":[],"_links":{"self":[{"href":"https:\/\/agora.xtec.cat\/escolametllers\/wp-json\/wp\/v2\/posts\/14421","targetHints":{"allow":["GET"]}}],"collection":[{"href":"https:\/\/agora.xtec.cat\/escolametllers\/wp-json\/wp\/v2\/posts"}],"about":[{"href":"https:\/\/agora.xtec.cat\/escolametllers\/wp-json\/wp\/v2\/types\/post"}],"author":[{"embeddable":true,"href":"https:\/\/agora.xtec.cat\/escolametllers\/wp-json\/wp\/v2\/users\/46"}],"replies":[{"embeddable":true,"href":"https:\/\/agora.xtec.cat\/escolametllers\/wp-json\/wp\/v2\/comments?post=14421"}],"version-history":[{"count":5,"href":"https:\/\/agora.xtec.cat\/escolametllers\/wp-json\/wp\/v2\/posts\/14421\/revisions"}],"predecessor-version":[{"id":14461,"href":"https:\/\/agora.xtec.cat\/escolametllers\/wp-json\/wp\/v2\/posts\/14421\/revisions\/14461"}],"wp:attachment":[{"href":"https:\/\/agora.xtec.cat\/escolametllers\/wp-json\/wp\/v2\/media?parent=14421"}],"wp:term":[{"taxonomy":"category","embeddable":true,"href":"https:\/\/agora.xtec.cat\/escolametllers\/wp-json\/wp\/v2\/categories?post=14421"},{"taxonomy":"post_tag","embeddable":true,"href":"https:\/\/agora.xtec.cat\/escolametllers\/wp-json\/wp\/v2\/tags?post=14421"}],"curies":[{"name":"wp","href":"https:\/\/api.w.org\/{rel}","templated":true}]}}