{"id":14390,"date":"2024-09-20T12:28:15","date_gmt":"2024-09-20T10:28:15","guid":{"rendered":"https:\/\/agora.xtec.cat\/escolametllers\/?p=14390"},"modified":"2024-09-20T14:58:20","modified_gmt":"2024-09-20T12:58:20","slug":"caminada-a-les-torres-de-fals","status":"publish","type":"post","link":"https:\/\/agora.xtec.cat\/escolametllers\/historic\/prom13a\/caminada-a-les-torres-de-fals\/","title":{"rendered":"CAMINADA A LES TORRES DE FALS"},"content":{"rendered":"<p><span style=\"font-weight: 400;\">El dimarts 17 de setembre vam fer una caminada a les Torres de Fals. Vam caminar un total de 16 km aproximadament. Ens va fer for\u00e7a bon temps, al mat\u00ed feia una mica de fresca, per\u00f2 despr\u00e9s va acabar sortint el sol i fent for\u00e7a calor.\u00a0<\/span><\/p>\n<p><span style=\"font-weight: 400;\">El trajecte va ser una mica\u00a0 dur, ja que era molt llarg i l\u2019anada era plena de pujades. Durant el cam\u00ed vam veure paisatges meravellosos i hi havia unes vistes molt boniques de Montserrat. Tamb\u00e9 vam trobar molts insectes com ara mantis i saltamartins.\u00a0<\/span><\/p>\n<p><span style=\"font-weight: 400;\">Quan vam arribar a les Torres de Fals vam jugar una estona i despr\u00e9s vam dinar. La tornada va ser una mica menys dura, ja que hi havia m\u00e9s baixades, per\u00f2 nosaltres est\u00e0vem m\u00e9s cansats.\u00a0\u00a0<\/span><\/p>\n<p><span style=\"font-weight: 400;\">Va ser un dia molt divertit encara que vam acabar for\u00e7a cansats!\u00a0<\/span><\/p>\n<p><span style=\"font-weight: 400;\">(Text escrit per l\u2019alumnat de 6\u00e8)<\/span><\/p>\n<p>&nbsp;<\/p>\n<p><a href=\"https:\/\/photos.app.goo.gl\/UFpCGLPnsvjmCBQbA\">Podeu veure m\u00e9s fotografies clicant aqu\u00ed.<\/a><a href=\"https:\/\/agora.xtec.cat\/escolametllers\/wp-content\/uploads\/usu1580\/2024\/09\/20240917_121714-scaled.jpg\"><img loading=\"lazy\" decoding=\"async\" class=\"alignnone wp-image-14391\" src=\"https:\/\/agora.xtec.cat\/escolametllers\/wp-content\/uploads\/usu1580\/2024\/09\/20240917_121714-1024x768.jpg\" alt=\"\" width=\"360\" height=\"270\" srcset=\"https:\/\/agora.xtec.cat\/escolametllers\/wp-content\/uploads\/usu1580\/2024\/09\/20240917_121714-1024x768.jpg 1024w, https:\/\/agora.xtec.cat\/escolametllers\/wp-content\/uploads\/usu1580\/2024\/09\/20240917_121714-300x225.jpg 300w, https:\/\/agora.xtec.cat\/escolametllers\/wp-content\/uploads\/usu1580\/2024\/09\/20240917_121714-768x576.jpg 768w, https:\/\/agora.xtec.cat\/escolametllers\/wp-content\/uploads\/usu1580\/2024\/09\/20240917_121714-1536x1152.jpg 1536w, https:\/\/agora.xtec.cat\/escolametllers\/wp-content\/uploads\/usu1580\/2024\/09\/20240917_121714-2048x1536.jpg 2048w, https:\/\/agora.xtec.cat\/escolametllers\/wp-content\/uploads\/usu1580\/2024\/09\/20240917_121714-200x150.jpg 200w\" sizes=\"auto, (max-width: 360px) 100vw, 360px\" \/><\/a><\/p>\n<p>&nbsp;<\/p>\n<p>&nbsp;<\/p>\n","protected":false},"excerpt":{"rendered":"<p>El dimarts 17 de setembre vam fer una caminada a les Torres de Fals. Vam caminar un total de 16 km aproximadament. Ens va fer for\u00e7a bon temps, al mat\u00ed feia una mica de fresca, per\u00f2 despr\u00e9s va acabar sortint el sol i fent for\u00e7a calor.\u00a0 El trajecte va ser una mica\u00a0 dur, ja que [&hellip;]<\/p>\n","protected":false},"author":90,"featured_media":0,"comment_status":"closed","ping_status":"closed","sticky":false,"template":"","format":"standard","meta":{"_bbp_topic_count":0,"_bbp_reply_count":0,"_bbp_total_topic_count":0,"_bbp_total_reply_count":0,"_bbp_voice_count":0,"_bbp_anonymous_reply_count":0,"_bbp_topic_count_hidden":0,"_bbp_reply_count_hidden":0,"_bbp_forum_subforum_count":0,"site-sidebar-layout":"default","site-content-layout":"","ast-site-content-layout":"","site-content-style":"default","site-sidebar-style":"default","ast-global-header-display":"","ast-banner-title-visibility":"","ast-main-header-display":"","ast-hfb-above-header-display":"","ast-hfb-below-header-display":"","ast-hfb-mobile-header-display":"","site-post-title":"","ast-breadcrumbs-content":"","ast-featured-img":"","footer-sml-layout":"","theme-transparent-header-meta":"","adv-header-id-meta":"","stick-header-meta":"","header-above-stick-meta":"","header-main-stick-meta":"","header-below-stick-meta":"","astra-migrate-meta-layouts":"default","ast-page-background-enabled":"default","ast-page-background-meta":{"desktop":{"background-color":"var(--ast-global-color-4)","background-image":"","background-repeat":"repeat","background-position":"center center","background-size":"auto","background-attachment":"scroll","background-type":"","background-media":"","overlay-type":"","overlay-color":"","overlay-opacity":"","overlay-gradient":""},"tablet":{"background-color":"","background-image":"","background-repeat":"repeat","background-position":"center center","background-size":"auto","background-attachment":"scroll","background-type":"","background-media":"","overlay-type":"","overlay-color":"","overlay-opacity":"","overlay-gradient":""},"mobile":{"background-color":"","background-image":"","background-repeat":"repeat","background-position":"center center","background-size":"auto","background-attachment":"scroll","background-type":"","background-media":"","overlay-type":"","overlay-color":"","overlay-opacity":"","overlay-gradient":""}},"ast-content-background-meta":{"desktop":{"background-color":"var(--ast-global-color-5)","background-image":"","background-repeat":"repeat","background-position":"center center","background-size":"auto","background-attachment":"scroll","background-type":"","background-media":"","overlay-type":"","overlay-color":"","overlay-opacity":"","overlay-gradient":""},"tablet":{"background-color":"var(--ast-global-color-5)","background-image":"","background-repeat":"repeat","background-position":"center center","background-size":"auto","background-attachment":"scroll","background-type":"","background-media":"","overlay-type":"","overlay-color":"","overlay-opacity":"","overlay-gradient":""},"mobile":{"background-color":"var(--ast-global-color-5)","background-image":"","background-repeat":"repeat","background-position":"center center","background-size":"auto","background-attachment":"scroll","background-type":"","background-media":"","overlay-type":"","overlay-color":"","overlay-opacity":"","overlay-gradient":""}},"footnotes":""},"categories":[411,12,75],"tags":[],"class_list":["post-14390","post","type-post","status-publish","format-standard","hentry","category-24-25","category-prom13a","category-prom13b"],"post_mailing_queue_ids":[],"_links":{"self":[{"href":"https:\/\/agora.xtec.cat\/escolametllers\/wp-json\/wp\/v2\/posts\/14390","targetHints":{"allow":["GET"]}}],"collection":[{"href":"https:\/\/agora.xtec.cat\/escolametllers\/wp-json\/wp\/v2\/posts"}],"about":[{"href":"https:\/\/agora.xtec.cat\/escolametllers\/wp-json\/wp\/v2\/types\/post"}],"author":[{"embeddable":true,"href":"https:\/\/agora.xtec.cat\/escolametllers\/wp-json\/wp\/v2\/users\/90"}],"replies":[{"embeddable":true,"href":"https:\/\/agora.xtec.cat\/escolametllers\/wp-json\/wp\/v2\/comments?post=14390"}],"version-history":[{"count":3,"href":"https:\/\/agora.xtec.cat\/escolametllers\/wp-json\/wp\/v2\/posts\/14390\/revisions"}],"predecessor-version":[{"id":14394,"href":"https:\/\/agora.xtec.cat\/escolametllers\/wp-json\/wp\/v2\/posts\/14390\/revisions\/14394"}],"wp:attachment":[{"href":"https:\/\/agora.xtec.cat\/escolametllers\/wp-json\/wp\/v2\/media?parent=14390"}],"wp:term":[{"taxonomy":"category","embeddable":true,"href":"https:\/\/agora.xtec.cat\/escolametllers\/wp-json\/wp\/v2\/categories?post=14390"},{"taxonomy":"post_tag","embeddable":true,"href":"https:\/\/agora.xtec.cat\/escolametllers\/wp-json\/wp\/v2\/tags?post=14390"}],"curies":[{"name":"wp","href":"https:\/\/api.w.org\/{rel}","templated":true}]}}