{"id":14145,"date":"2024-06-30T08:39:01","date_gmt":"2024-06-30T06:39:01","guid":{"rendered":"https:\/\/agora.xtec.cat\/escolametllers\/?p=14145"},"modified":"2024-06-30T08:39:01","modified_gmt":"2024-06-30T06:39:01","slug":"expressio-oral","status":"publish","type":"post","link":"https:\/\/agora.xtec.cat\/escolametllers\/sn\/expressio-oral\/","title":{"rendered":"EXPRESSI\u00d3 ORAL"},"content":{"rendered":"<p class=\"helperbird-font-opendyslexic-regular\">Durant el 2n i 3r trimestres tots els alumnes d\u2019EI3 i EI4 han fet la seva exposici\u00f3 oral. Els d\u2019EI3 ens han explicat qui eren i qu\u00e8 els agradava i els d\u2019EI4 el seu conte preferit, que tamb\u00e9 havien preparat pr\u00e8viament a casa.<br class=\"helperbird-font-opendyslexic-regular\" \/>Moltes gr\u00e0cies fam\u00edlies pel vostre esfor\u00e7 i suport a l\u2019hora de preparar les activitats d\u2019expressi\u00f3 oral dels vostres fills i filles!<br class=\"helperbird-font-opendyslexic-regular\" \/>Amb aquest tipus d\u2019activitats aconseguim que poc a poc els infants vagin guanyant confian\u00e7a i seguretat a l\u2019hora de parlar davant dels companys\/es i alhora vagin perdent la timidesa i la por a fer-ho. A m\u00e9s, s\u00f3n activitats que ens ajuden a treballar els h\u00e0bits que cal tenir presents quan escoltem a alg\u00fa que ens est\u00e0 explicant coses (mirar als ulls de qui ens parla, seure b\u00e9, escoltar amb atenci\u00f3, aixecar la m\u00e0 si volem fer una pregunta\u2026)<\/p>\n<p class=\"helperbird-font-opendyslexic-regular\">Des d\u2019aqu\u00ed felicitem a tots els infants per la feina feta!<\/p>\n<p class=\"helperbird-font-opendyslexic-regular\"><a class=\"helperbird-font-opendyslexic-regular\" href=\"https:\/\/photos.app.goo.gl\/vvCEiURjnZi19bT4A\"><img loading=\"lazy\" decoding=\"async\" class=\"wp-image-14146 aligncenter helperbird-font-opendyslexic-regular\" src=\"https:\/\/agora.xtec.cat\/escolametllers\/wp-content\/uploads\/usu1580\/2024\/06\/images.jpg\" alt=\"\" width=\"338\" height=\"307\" \/><\/a><\/p>\n","protected":false},"excerpt":{"rendered":"<p>Durant el 2n i 3r trimestres tots els alumnes d\u2019EI3 i EI4 han fet la seva exposici\u00f3 oral. Els d\u2019EI3 ens han explicat qui eren i qu\u00e8 els agradava i els d\u2019EI4 el seu conte preferit, que tamb\u00e9 havien preparat pr\u00e8viament a casa.Moltes gr\u00e0cies fam\u00edlies pel vostre esfor\u00e7 i suport a l\u2019hora de preparar les [&hellip;]<\/p>\n","protected":false},"author":1,"featured_media":0,"comment_status":"open","ping_status":"closed","sticky":false,"template":"","format":"standard","meta":{"_bbp_topic_count":0,"_bbp_reply_count":0,"_bbp_total_topic_count":0,"_bbp_total_reply_count":0,"_bbp_voice_count":0,"_bbp_anonymous_reply_count":0,"_bbp_topic_count_hidden":0,"_bbp_reply_count_hidden":0,"_bbp_forum_subforum_count":0,"site-sidebar-layout":"default","site-content-layout":"","ast-site-content-layout":"","site-content-style":"default","site-sidebar-style":"default","ast-global-header-display":"","ast-banner-title-visibility":"","ast-main-header-display":"","ast-hfb-above-header-display":"","ast-hfb-below-header-display":"","ast-hfb-mobile-header-display":"","site-post-title":"","ast-breadcrumbs-content":"","ast-featured-img":"","footer-sml-layout":"","theme-transparent-header-meta":"","adv-header-id-meta":"","stick-header-meta":"","header-above-stick-meta":"","header-main-stick-meta":"","header-below-stick-meta":"","astra-migrate-meta-layouts":"default","ast-page-background-enabled":"default","ast-page-background-meta":{"desktop":{"background-color":"var(--ast-global-color-4)","background-image":"","background-repeat":"repeat","background-position":"center center","background-size":"auto","background-attachment":"scroll","background-type":"","background-media":"","overlay-type":"","overlay-color":"","overlay-opacity":"","overlay-gradient":""},"tablet":{"background-color":"","background-image":"","background-repeat":"repeat","background-position":"center center","background-size":"auto","background-attachment":"scroll","background-type":"","background-media":"","overlay-type":"","overlay-color":"","overlay-opacity":"","overlay-gradient":""},"mobile":{"background-color":"","background-image":"","background-repeat":"repeat","background-position":"center center","background-size":"auto","background-attachment":"scroll","background-type":"","background-media":"","overlay-type":"","overlay-color":"","overlay-opacity":"","overlay-gradient":""}},"ast-content-background-meta":{"desktop":{"background-color":"var(--ast-global-color-5)","background-image":"","background-repeat":"repeat","background-position":"center center","background-size":"auto","background-attachment":"scroll","background-type":"","background-media":"","overlay-type":"","overlay-color":"","overlay-opacity":"","overlay-gradient":""},"tablet":{"background-color":"var(--ast-global-color-5)","background-image":"","background-repeat":"repeat","background-position":"center center","background-size":"auto","background-attachment":"scroll","background-type":"","background-media":"","overlay-type":"","overlay-color":"","overlay-opacity":"","overlay-gradient":""},"mobile":{"background-color":"var(--ast-global-color-5)","background-image":"","background-repeat":"repeat","background-position":"center center","background-size":"auto","background-attachment":"scroll","background-type":"","background-media":"","overlay-type":"","overlay-color":"","overlay-opacity":"","overlay-gradient":""}},"footnotes":""},"categories":[8,1],"tags":[406,393,407],"class_list":["post-14145","post","type-post","status-publish","format-standard","hentry","category-eic","category-sn","tag-expressio","tag-infantil","tag-oral"],"post_mailing_queue_ids":[],"_links":{"self":[{"href":"https:\/\/agora.xtec.cat\/escolametllers\/wp-json\/wp\/v2\/posts\/14145","targetHints":{"allow":["GET"]}}],"collection":[{"href":"https:\/\/agora.xtec.cat\/escolametllers\/wp-json\/wp\/v2\/posts"}],"about":[{"href":"https:\/\/agora.xtec.cat\/escolametllers\/wp-json\/wp\/v2\/types\/post"}],"author":[{"embeddable":true,"href":"https:\/\/agora.xtec.cat\/escolametllers\/wp-json\/wp\/v2\/users\/1"}],"replies":[{"embeddable":true,"href":"https:\/\/agora.xtec.cat\/escolametllers\/wp-json\/wp\/v2\/comments?post=14145"}],"version-history":[{"count":2,"href":"https:\/\/agora.xtec.cat\/escolametllers\/wp-json\/wp\/v2\/posts\/14145\/revisions"}],"predecessor-version":[{"id":14148,"href":"https:\/\/agora.xtec.cat\/escolametllers\/wp-json\/wp\/v2\/posts\/14145\/revisions\/14148"}],"wp:attachment":[{"href":"https:\/\/agora.xtec.cat\/escolametllers\/wp-json\/wp\/v2\/media?parent=14145"}],"wp:term":[{"taxonomy":"category","embeddable":true,"href":"https:\/\/agora.xtec.cat\/escolametllers\/wp-json\/wp\/v2\/categories?post=14145"},{"taxonomy":"post_tag","embeddable":true,"href":"https:\/\/agora.xtec.cat\/escolametllers\/wp-json\/wp\/v2\/tags?post=14145"}],"curies":[{"name":"wp","href":"https:\/\/api.w.org\/{rel}","templated":true}]}}