{"id":14031,"date":"2024-06-18T22:36:53","date_gmt":"2024-06-18T20:36:53","guid":{"rendered":"https:\/\/agora.xtec.cat\/escolametllers\/?p=14031"},"modified":"2024-06-18T22:36:53","modified_gmt":"2024-06-18T20:36:53","slug":"els-espais-a-infantil","status":"publish","type":"post","link":"https:\/\/agora.xtec.cat\/escolametllers\/infantil\/eic\/els-espais-a-infantil\/","title":{"rendered":"Els espais a infantil"},"content":{"rendered":"<p>Els espais d&#8217;aprenentatge d&#8217;infantil d&#8217;aquest curs s\u00f3n: l&#8217;espai de llums i ombres, el de joc i moviment, el de creaci\u00f3, el d&#8217;exploraci\u00f3, el de joc simb\u00f2lic i el de construccions.<\/p>\n<p>Cadascun d&#8217;aquests espais est\u00e0 pensat i dissenyat per potenciar el llenguatge oral, afavorir les relacions socials i de conviv\u00e8ncia entre infants de diferents edats, establir normes de comportament i donar resposta als interessos i necessitats de cada infant.<\/p>\n<p>Darrere de cadascuna de les propostes que s&#8217;ofereixen hi ha una intencionalitat pedag\u00f2gica amb diferents reptes i provocacions que desperten la curiositat i la motivaci\u00f3 de cada infant tot aprenent de manera aut\u00f2noma i lliure.<\/p>\n<p>Us deixem un resum de fotografies d&#8217;aquestes sessions d&#8217;espais:<\/p>\n<p><a href=\"https:\/\/photos.app.goo.gl\/HGHgRSvLbjSgqX7WA\"><img loading=\"lazy\" decoding=\"async\" class=\"alignnone  wp-image-14033\" src=\"https:\/\/agora.xtec.cat\/escolametllers\/wp-content\/uploads\/usu1580\/2024\/06\/IMG_1803-2-1024x768.jpg\" alt=\"\" width=\"601\" height=\"451\" srcset=\"https:\/\/agora.xtec.cat\/escolametllers\/wp-content\/uploads\/usu1580\/2024\/06\/IMG_1803-2-1024x768.jpg 1024w, https:\/\/agora.xtec.cat\/escolametllers\/wp-content\/uploads\/usu1580\/2024\/06\/IMG_1803-2-300x225.jpg 300w, https:\/\/agora.xtec.cat\/escolametllers\/wp-content\/uploads\/usu1580\/2024\/06\/IMG_1803-2-768x576.jpg 768w, https:\/\/agora.xtec.cat\/escolametllers\/wp-content\/uploads\/usu1580\/2024\/06\/IMG_1803-2-1536x1152.jpg 1536w, https:\/\/agora.xtec.cat\/escolametllers\/wp-content\/uploads\/usu1580\/2024\/06\/IMG_1803-2-2048x1536.jpg 2048w, https:\/\/agora.xtec.cat\/escolametllers\/wp-content\/uploads\/usu1580\/2024\/06\/IMG_1803-2-200x150.jpg 200w\" sizes=\"auto, (max-width: 601px) 100vw, 601px\" \/><\/a><\/p>\n","protected":false},"excerpt":{"rendered":"<p>Els espais d&#8217;aprenentatge d&#8217;infantil d&#8217;aquest curs s\u00f3n: l&#8217;espai de llums i ombres, el de joc i moviment, el de creaci\u00f3, el d&#8217;exploraci\u00f3, el de joc simb\u00f2lic i el de construccions. Cadascun d&#8217;aquests espais est\u00e0 pensat i dissenyat per potenciar el llenguatge oral, afavorir les relacions socials i de conviv\u00e8ncia entre infants de diferents edats, establir [&hellip;]<\/p>\n","protected":false},"author":86,"featured_media":0,"comment_status":"open","ping_status":"closed","sticky":false,"template":"","format":"standard","meta":{"_bbp_topic_count":0,"_bbp_reply_count":0,"_bbp_total_topic_count":0,"_bbp_total_reply_count":0,"_bbp_voice_count":0,"_bbp_anonymous_reply_count":0,"_bbp_topic_count_hidden":0,"_bbp_reply_count_hidden":0,"_bbp_forum_subforum_count":0,"site-sidebar-layout":"default","site-content-layout":"","ast-site-content-layout":"","site-content-style":"default","site-sidebar-style":"default","ast-global-header-display":"","ast-banner-title-visibility":"","ast-main-header-display":"","ast-hfb-above-header-display":"","ast-hfb-below-header-display":"","ast-hfb-mobile-header-display":"","site-post-title":"","ast-breadcrumbs-content":"","ast-featured-img":"","footer-sml-layout":"","theme-transparent-header-meta":"","adv-header-id-meta":"","stick-header-meta":"","header-above-stick-meta":"","header-main-stick-meta":"","header-below-stick-meta":"","astra-migrate-meta-layouts":"default","ast-page-background-enabled":"default","ast-page-background-meta":{"desktop":{"background-color":"var(--ast-global-color-4)","background-image":"","background-repeat":"repeat","background-position":"center center","background-size":"auto","background-attachment":"scroll","background-type":"","background-media":"","overlay-type":"","overlay-color":"","overlay-opacity":"","overlay-gradient":""},"tablet":{"background-color":"","background-image":"","background-repeat":"repeat","background-position":"center center","background-size":"auto","background-attachment":"scroll","background-type":"","background-media":"","overlay-type":"","overlay-color":"","overlay-opacity":"","overlay-gradient":""},"mobile":{"background-color":"","background-image":"","background-repeat":"repeat","background-position":"center center","background-size":"auto","background-attachment":"scroll","background-type":"","background-media":"","overlay-type":"","overlay-color":"","overlay-opacity":"","overlay-gradient":""}},"ast-content-background-meta":{"desktop":{"background-color":"var(--ast-global-color-5)","background-image":"","background-repeat":"repeat","background-position":"center center","background-size":"auto","background-attachment":"scroll","background-type":"","background-media":"","overlay-type":"","overlay-color":"","overlay-opacity":"","overlay-gradient":""},"tablet":{"background-color":"var(--ast-global-color-5)","background-image":"","background-repeat":"repeat","background-position":"center center","background-size":"auto","background-attachment":"scroll","background-type":"","background-media":"","overlay-type":"","overlay-color":"","overlay-opacity":"","overlay-gradient":""},"mobile":{"background-color":"var(--ast-global-color-5)","background-image":"","background-repeat":"repeat","background-position":"center center","background-size":"auto","background-attachment":"scroll","background-type":"","background-media":"","overlay-type":"","overlay-color":"","overlay-opacity":"","overlay-gradient":""}},"footnotes":""},"categories":[279,280,8,351],"tags":[114],"class_list":["post-14031","post","type-post","status-publish","format-standard","hentry","category-eia","category-eib","category-eic","category-prom18","tag-espais"],"post_mailing_queue_ids":[],"_links":{"self":[{"href":"https:\/\/agora.xtec.cat\/escolametllers\/wp-json\/wp\/v2\/posts\/14031","targetHints":{"allow":["GET"]}}],"collection":[{"href":"https:\/\/agora.xtec.cat\/escolametllers\/wp-json\/wp\/v2\/posts"}],"about":[{"href":"https:\/\/agora.xtec.cat\/escolametllers\/wp-json\/wp\/v2\/types\/post"}],"author":[{"embeddable":true,"href":"https:\/\/agora.xtec.cat\/escolametllers\/wp-json\/wp\/v2\/users\/86"}],"replies":[{"embeddable":true,"href":"https:\/\/agora.xtec.cat\/escolametllers\/wp-json\/wp\/v2\/comments?post=14031"}],"version-history":[{"count":1,"href":"https:\/\/agora.xtec.cat\/escolametllers\/wp-json\/wp\/v2\/posts\/14031\/revisions"}],"predecessor-version":[{"id":14034,"href":"https:\/\/agora.xtec.cat\/escolametllers\/wp-json\/wp\/v2\/posts\/14031\/revisions\/14034"}],"wp:attachment":[{"href":"https:\/\/agora.xtec.cat\/escolametllers\/wp-json\/wp\/v2\/media?parent=14031"}],"wp:term":[{"taxonomy":"category","embeddable":true,"href":"https:\/\/agora.xtec.cat\/escolametllers\/wp-json\/wp\/v2\/categories?post=14031"},{"taxonomy":"post_tag","embeddable":true,"href":"https:\/\/agora.xtec.cat\/escolametllers\/wp-json\/wp\/v2\/tags?post=14031"}],"curies":[{"name":"wp","href":"https:\/\/api.w.org\/{rel}","templated":true}]}}