{"id":14007,"date":"2024-09-09T21:26:12","date_gmt":"2024-09-09T19:26:12","guid":{"rendered":"https:\/\/agora.xtec.cat\/escolametllers\/?p=14007"},"modified":"2024-09-09T21:26:12","modified_gmt":"2024-09-09T19:26:12","slug":"musica-6","status":"publish","type":"post","link":"https:\/\/agora.xtec.cat\/escolametllers\/infantil\/musica-6\/","title":{"rendered":"M\u00daSICA"},"content":{"rendered":"<p class=\"helperbird-font-opendyslexic-regular\">Al llarg del 3 trimestre hem continuat dedicant una hora setmanal a l\u2019aprenentatge del llenguatge musical:<\/p>\n<ul>\n<li>Hem memoritzat diferents can\u00e7ons relacionades amb la primavera i la granja.<\/li>\n<li>Hem apr\u00e8s diferents coreografies que ens han ajudat a treballar la coordinaci\u00f3 de diferents parts del nostre cos (Yo tengo un cuerpo, Cap, panxa, genolls i peus, FMI, etc).<\/li>\n<li>Hem apr\u00e8s algunes danses de rotllana com el Galop i la sardana.<\/li>\n<li>Hem teatralitzat unes quantes can\u00e7ons (Les floretes, La granja d\u2019en Jepet, Escarabat bum bum, etc.).<\/li>\n<li>Hem gaudit dels instruments que tenim a l\u2019escola: caixes xineses, triangles, cascavells, panderos, maraques, campanes,\u2026o d\u2019algun instrument portat per alguna mestra (la guitarra).<\/li>\n<li>Hem treballat l&#8217;audici\u00f3 de la <span style=\"font-family: inherit; font-size: 1em;\">\u201cLa Primavera\u201d de Vivaldi (musicograma).<\/span><\/li>\n<li>Hem gaudit de l\u2019espectacle \u201dInstruments solistes\u201d, gr\u00e0cies al qual vam fer moltes descobertes relacionades amb\u00a0 l\u2019 ACORDI\u00d3.<\/li>\n<\/ul>\n<p class=\"helperbird-font-opendyslexic-regular\">A les hores de m\u00fasica, com podeu veure, hem gaudit molt\u00edssim!<\/p>\n<p class=\"helperbird-font-opendyslexic-regular\">Aqu\u00ed us deixem un recull de fotos d\u2019algunes de les sessions realitzades\u2026<\/p>\n<p><a href=\"https:\/\/photos.app.goo.gl\/f6iBzLVWdFWz9aYq8\"><img loading=\"lazy\" decoding=\"async\" class=\"size-large wp-image-14008 aligncenter\" src=\"https:\/\/agora.xtec.cat\/escolametllers\/wp-content\/uploads\/usu1580\/2024\/06\/IMG_6246-1024x768.jpg\" alt=\"\" width=\"1024\" height=\"768\" \/><\/a><\/p>\n","protected":false},"excerpt":{"rendered":"<p>Al llarg del 3 trimestre hem continuat dedicant una hora setmanal a l\u2019aprenentatge del llenguatge musical: Hem memoritzat diferents can\u00e7ons relacionades amb la primavera i la granja. Hem apr\u00e8s diferents coreografies que ens han ajudat a treballar la coordinaci\u00f3 de diferents parts del nostre cos (Yo tengo un cuerpo, Cap, panxa, genolls i peus, FMI, [&hellip;]<\/p>\n","protected":false},"author":103,"featured_media":0,"comment_status":"open","ping_status":"closed","sticky":false,"template":"","format":"standard","meta":{"_bbp_topic_count":0,"_bbp_reply_count":0,"_bbp_total_topic_count":0,"_bbp_total_reply_count":0,"_bbp_voice_count":0,"_bbp_anonymous_reply_count":0,"_bbp_topic_count_hidden":0,"_bbp_reply_count_hidden":0,"_bbp_forum_subforum_count":0,"site-sidebar-layout":"default","site-content-layout":"","ast-site-content-layout":"","site-content-style":"default","site-sidebar-style":"default","ast-global-header-display":"","ast-banner-title-visibility":"","ast-main-header-display":"","ast-hfb-above-header-display":"","ast-hfb-below-header-display":"","ast-hfb-mobile-header-display":"","site-post-title":"","ast-breadcrumbs-content":"","ast-featured-img":"","footer-sml-layout":"","theme-transparent-header-meta":"","adv-header-id-meta":"","stick-header-meta":"","header-above-stick-meta":"","header-main-stick-meta":"","header-below-stick-meta":"","astra-migrate-meta-layouts":"default","ast-page-background-enabled":"default","ast-page-background-meta":{"desktop":{"background-color":"var(--ast-global-color-4)","background-image":"","background-repeat":"repeat","background-position":"center center","background-size":"auto","background-attachment":"scroll","background-type":"","background-media":"","overlay-type":"","overlay-color":"","overlay-opacity":"","overlay-gradient":""},"tablet":{"background-color":"","background-image":"","background-repeat":"repeat","background-position":"center center","background-size":"auto","background-attachment":"scroll","background-type":"","background-media":"","overlay-type":"","overlay-color":"","overlay-opacity":"","overlay-gradient":""},"mobile":{"background-color":"","background-image":"","background-repeat":"repeat","background-position":"center center","background-size":"auto","background-attachment":"scroll","background-type":"","background-media":"","overlay-type":"","overlay-color":"","overlay-opacity":"","overlay-gradient":""}},"ast-content-background-meta":{"desktop":{"background-color":"var(--ast-global-color-5)","background-image":"","background-repeat":"repeat","background-position":"center center","background-size":"auto","background-attachment":"scroll","background-type":"","background-media":"","overlay-type":"","overlay-color":"","overlay-opacity":"","overlay-gradient":""},"tablet":{"background-color":"var(--ast-global-color-5)","background-image":"","background-repeat":"repeat","background-position":"center center","background-size":"auto","background-attachment":"scroll","background-type":"","background-media":"","overlay-type":"","overlay-color":"","overlay-opacity":"","overlay-gradient":""},"mobile":{"background-color":"var(--ast-global-color-5)","background-image":"","background-repeat":"repeat","background-position":"center center","background-size":"auto","background-attachment":"scroll","background-type":"","background-media":"","overlay-type":"","overlay-color":"","overlay-opacity":"","overlay-gradient":""}},"footnotes":""},"categories":[350,279,2],"tags":[393,90],"class_list":["post-14007","post","type-post","status-publish","format-standard","hentry","category-23-24","category-eia","category-infantil","tag-infantil","tag-musica"],"post_mailing_queue_ids":[],"_links":{"self":[{"href":"https:\/\/agora.xtec.cat\/escolametllers\/wp-json\/wp\/v2\/posts\/14007","targetHints":{"allow":["GET"]}}],"collection":[{"href":"https:\/\/agora.xtec.cat\/escolametllers\/wp-json\/wp\/v2\/posts"}],"about":[{"href":"https:\/\/agora.xtec.cat\/escolametllers\/wp-json\/wp\/v2\/types\/post"}],"author":[{"embeddable":true,"href":"https:\/\/agora.xtec.cat\/escolametllers\/wp-json\/wp\/v2\/users\/103"}],"replies":[{"embeddable":true,"href":"https:\/\/agora.xtec.cat\/escolametllers\/wp-json\/wp\/v2\/comments?post=14007"}],"version-history":[{"count":1,"href":"https:\/\/agora.xtec.cat\/escolametllers\/wp-json\/wp\/v2\/posts\/14007\/revisions"}],"predecessor-version":[{"id":14196,"href":"https:\/\/agora.xtec.cat\/escolametllers\/wp-json\/wp\/v2\/posts\/14007\/revisions\/14196"}],"wp:attachment":[{"href":"https:\/\/agora.xtec.cat\/escolametllers\/wp-json\/wp\/v2\/media?parent=14007"}],"wp:term":[{"taxonomy":"category","embeddable":true,"href":"https:\/\/agora.xtec.cat\/escolametllers\/wp-json\/wp\/v2\/categories?post=14007"},{"taxonomy":"post_tag","embeddable":true,"href":"https:\/\/agora.xtec.cat\/escolametllers\/wp-json\/wp\/v2\/tags?post=14007"}],"curies":[{"name":"wp","href":"https:\/\/api.w.org\/{rel}","templated":true}]}}