{"id":13975,"date":"2024-09-09T21:26:11","date_gmt":"2024-09-09T19:26:11","guid":{"rendered":"https:\/\/agora.xtec.cat\/escolametllers\/?p=13975"},"modified":"2024-09-09T21:26:11","modified_gmt":"2024-09-09T19:26:11","slug":"la-primavera-2","status":"publish","type":"post","link":"https:\/\/agora.xtec.cat\/escolametllers\/infantil\/la-primavera-2\/","title":{"rendered":"LA PRIMAVERA"},"content":{"rendered":"<p class=\"helperbird-font-opendyslexic-regular\">Amb l\u2019arribada de la\u00a0<strong class=\"helperbird-font-opendyslexic-regular\">primavera<\/strong>, la classe dels Petons hem estat observant i identificant els fen\u00f2mens naturals d\u2019aquesta bonica i acolorida estaci\u00f3 i com influeixen aquests fen\u00f2mens en el nostre dia a dia. A continuaci\u00f3 us esmentem algunes de les activitats portades a terme:<\/p>\n<ul class=\"helperbird-font-opendyslexic-regular\">\n<li class=\"helperbird-font-opendyslexic-regular\">Fer conversa sobre les peculiaritats d\u2019aquesta estaci\u00f3 de l\u2019any.<\/li>\n<li class=\"helperbird-font-opendyslexic-regular\">Muntar el rac\u00f3 de primavera.<\/li>\n<li class=\"helperbird-font-opendyslexic-regular\">Explorar amb materials de primavera que ten\u00edem dins una safata.<\/li>\n<li class=\"helperbird-font-opendyslexic-regular\">Memoritzar un poema de primavera.<\/li>\n<li class=\"helperbird-font-opendyslexic-regular\">Dibuixar els arbres del pati.<\/li>\n<li class=\"helperbird-font-opendyslexic-regular\">Pintar i dibuixar flors amb ceres i altres materials.<\/li>\n<li class=\"helperbird-font-opendyslexic-regular\">Recollir plantes i flors que trobem en el\u00a0bosc on anem cada setmana. Hem fet un treball de reconeixement i classificaci\u00f3, aprenent com s\u00f3n aquestes flors i com es diuen.<\/li>\n<li class=\"helperbird-font-opendyslexic-regular\">Celebrar la festa de Sant Jordi: hem anat a veure les paradetes, hem inventat un conte i hem rebut la visita dels alumnes d\u2019Ampans, els quals ens van fer la representaci\u00f3 de \u201cSant Jordi\u201d.<\/li>\n<li class=\"helperbird-font-opendyslexic-regular\">Ballar \u201cel galop\u201d i una sardana.<\/li>\n<li>Fer uns punts de llibre amb flors seques per regalar els padrins\/es de lectura.<\/li>\n<li>Representar un paisatge de primavera amb aquarel\u00b7les.<\/li>\n<\/ul>\n<p>&nbsp;<\/p>\n<p><a href=\"https:\/\/photos.app.goo.gl\/g62ZZfbt8sMzWp8j7\"><img loading=\"lazy\" decoding=\"async\" class=\"size-large wp-image-13977 aligncenter\" src=\"https:\/\/agora.xtec.cat\/escolametllers\/wp-content\/uploads\/usu1580\/2024\/06\/WhatsApp-Image-2024-06-14-at-19.02.23-1024x768.jpeg\" alt=\"\" width=\"1024\" height=\"768\" \/><\/a><\/p>\n","protected":false},"excerpt":{"rendered":"<p>Amb l\u2019arribada de la\u00a0primavera, la classe dels Petons hem estat observant i identificant els fen\u00f2mens naturals d\u2019aquesta bonica i acolorida estaci\u00f3 i com influeixen aquests fen\u00f2mens en el nostre dia a dia. A continuaci\u00f3 us esmentem algunes de les activitats portades a terme: Fer conversa sobre les peculiaritats d\u2019aquesta estaci\u00f3 de l\u2019any. Muntar el rac\u00f3 [&hellip;]<\/p>\n","protected":false},"author":103,"featured_media":0,"comment_status":"open","ping_status":"closed","sticky":false,"template":"","format":"standard","meta":{"_bbp_topic_count":0,"_bbp_reply_count":0,"_bbp_total_topic_count":0,"_bbp_total_reply_count":0,"_bbp_voice_count":0,"_bbp_anonymous_reply_count":0,"_bbp_topic_count_hidden":0,"_bbp_reply_count_hidden":0,"_bbp_forum_subforum_count":0,"site-sidebar-layout":"default","site-content-layout":"","ast-site-content-layout":"","site-content-style":"default","site-sidebar-style":"default","ast-global-header-display":"","ast-banner-title-visibility":"","ast-main-header-display":"","ast-hfb-above-header-display":"","ast-hfb-below-header-display":"","ast-hfb-mobile-header-display":"","site-post-title":"","ast-breadcrumbs-content":"","ast-featured-img":"","footer-sml-layout":"","theme-transparent-header-meta":"","adv-header-id-meta":"","stick-header-meta":"","header-above-stick-meta":"","header-main-stick-meta":"","header-below-stick-meta":"","astra-migrate-meta-layouts":"default","ast-page-background-enabled":"default","ast-page-background-meta":{"desktop":{"background-color":"var(--ast-global-color-4)","background-image":"","background-repeat":"repeat","background-position":"center center","background-size":"auto","background-attachment":"scroll","background-type":"","background-media":"","overlay-type":"","overlay-color":"","overlay-opacity":"","overlay-gradient":""},"tablet":{"background-color":"","background-image":"","background-repeat":"repeat","background-position":"center center","background-size":"auto","background-attachment":"scroll","background-type":"","background-media":"","overlay-type":"","overlay-color":"","overlay-opacity":"","overlay-gradient":""},"mobile":{"background-color":"","background-image":"","background-repeat":"repeat","background-position":"center center","background-size":"auto","background-attachment":"scroll","background-type":"","background-media":"","overlay-type":"","overlay-color":"","overlay-opacity":"","overlay-gradient":""}},"ast-content-background-meta":{"desktop":{"background-color":"var(--ast-global-color-5)","background-image":"","background-repeat":"repeat","background-position":"center center","background-size":"auto","background-attachment":"scroll","background-type":"","background-media":"","overlay-type":"","overlay-color":"","overlay-opacity":"","overlay-gradient":""},"tablet":{"background-color":"var(--ast-global-color-5)","background-image":"","background-repeat":"repeat","background-position":"center center","background-size":"auto","background-attachment":"scroll","background-type":"","background-media":"","overlay-type":"","overlay-color":"","overlay-opacity":"","overlay-gradient":""},"mobile":{"background-color":"var(--ast-global-color-5)","background-image":"","background-repeat":"repeat","background-position":"center center","background-size":"auto","background-attachment":"scroll","background-type":"","background-media":"","overlay-type":"","overlay-color":"","overlay-opacity":"","overlay-gradient":""}},"footnotes":""},"categories":[350,279,2],"tags":[393,254],"class_list":["post-13975","post","type-post","status-publish","format-standard","hentry","category-23-24","category-eia","category-infantil","tag-infantil","tag-primavera"],"post_mailing_queue_ids":[],"_links":{"self":[{"href":"https:\/\/agora.xtec.cat\/escolametllers\/wp-json\/wp\/v2\/posts\/13975","targetHints":{"allow":["GET"]}}],"collection":[{"href":"https:\/\/agora.xtec.cat\/escolametllers\/wp-json\/wp\/v2\/posts"}],"about":[{"href":"https:\/\/agora.xtec.cat\/escolametllers\/wp-json\/wp\/v2\/types\/post"}],"author":[{"embeddable":true,"href":"https:\/\/agora.xtec.cat\/escolametllers\/wp-json\/wp\/v2\/users\/103"}],"replies":[{"embeddable":true,"href":"https:\/\/agora.xtec.cat\/escolametllers\/wp-json\/wp\/v2\/comments?post=13975"}],"version-history":[{"count":1,"href":"https:\/\/agora.xtec.cat\/escolametllers\/wp-json\/wp\/v2\/posts\/13975\/revisions"}],"predecessor-version":[{"id":14201,"href":"https:\/\/agora.xtec.cat\/escolametllers\/wp-json\/wp\/v2\/posts\/13975\/revisions\/14201"}],"wp:attachment":[{"href":"https:\/\/agora.xtec.cat\/escolametllers\/wp-json\/wp\/v2\/media?parent=13975"}],"wp:term":[{"taxonomy":"category","embeddable":true,"href":"https:\/\/agora.xtec.cat\/escolametllers\/wp-json\/wp\/v2\/categories?post=13975"},{"taxonomy":"post_tag","embeddable":true,"href":"https:\/\/agora.xtec.cat\/escolametllers\/wp-json\/wp\/v2\/tags?post=13975"}],"curies":[{"name":"wp","href":"https:\/\/api.w.org\/{rel}","templated":true}]}}