{"id":13949,"date":"2024-06-13T14:08:23","date_gmt":"2024-06-13T12:08:23","guid":{"rendered":"https:\/\/agora.xtec.cat\/escolametllers\/?p=13949"},"modified":"2024-06-13T14:08:23","modified_gmt":"2024-06-13T12:08:23","slug":"apadrinament-lector","status":"publish","type":"post","link":"https:\/\/agora.xtec.cat\/escolametllers\/infantil\/apadrinament-lector\/","title":{"rendered":"APADRINAMENT LECTOR"},"content":{"rendered":"<p>A la classe de les Abra\u00e7ades ha arribat el moment d\u2019acomiadar-nos dels nostres Padrins i Padrines de lectura. Hem dedicat la darrera sessi\u00f3 a jugar una estona tots junts, alguns a la classe i altres al vest\u00edbul de l\u2019escola.<\/p>\n<p>Despr\u00e9s, i en agra\u00efment a tot el qu\u00e8 ens han ensenyat al llarg del curs i a totes les bones estones que ens han fet passar, els hem regalat un punt de llibre que vam fer dies enrere.<\/p>\n<p>Els Nutrients (3r A) han estat molt contents!<\/p>\n<p>Voleu saber un secret?<\/p>\n<p>Cada punt de llibre tenia p\u00e8tals de roses (enganxats a la part del darrera) i un escrit (a la part del davant) que deia: <em>\u201cMoltes gr\u00e0cies per compartir amb mi moments de lectura\u201d<\/em>.<\/p>\n<p>Aqu\u00ed us deixem les fotos que vam fer el dia del comiat&#8230;<\/p>\n<p class=\"helperbird-font-opendyslexic-regular\"><a class=\"helperbird-font-opendyslexic-regular\" href=\"https:\/\/photos.app.goo.gl\/5fgeGtvji48sBWkE7\"><img loading=\"lazy\" decoding=\"async\" class=\"wp-image-13950 helperbird-font-opendyslexic-regular aligncenter\" src=\"https:\/\/agora.xtec.cat\/escolametllers\/wp-content\/uploads\/usu1580\/2024\/06\/foto-google-1024x894.jpg\" alt=\"\" width=\"755\" height=\"659\" srcset=\"https:\/\/agora.xtec.cat\/escolametllers\/wp-content\/uploads\/usu1580\/2024\/06\/foto-google-1024x894.jpg 1024w, https:\/\/agora.xtec.cat\/escolametllers\/wp-content\/uploads\/usu1580\/2024\/06\/foto-google-300x262.jpg 300w, https:\/\/agora.xtec.cat\/escolametllers\/wp-content\/uploads\/usu1580\/2024\/06\/foto-google-768x671.jpg 768w, https:\/\/agora.xtec.cat\/escolametllers\/wp-content\/uploads\/usu1580\/2024\/06\/foto-google.jpg 1319w\" sizes=\"auto, (max-width: 755px) 100vw, 755px\" \/><\/a><\/p>\n","protected":false},"excerpt":{"rendered":"<p>A la classe de les Abra\u00e7ades ha arribat el moment d\u2019acomiadar-nos dels nostres Padrins i Padrines de lectura. Hem dedicat la darrera sessi\u00f3 a jugar una estona tots junts, alguns a la classe i altres al vest\u00edbul de l\u2019escola. Despr\u00e9s, i en agra\u00efment a tot el qu\u00e8 ens han ensenyat al llarg del curs i [&hellip;]<\/p>\n","protected":false},"author":46,"featured_media":0,"comment_status":"open","ping_status":"closed","sticky":false,"template":"","format":"standard","meta":{"_bbp_topic_count":0,"_bbp_reply_count":0,"_bbp_total_topic_count":0,"_bbp_total_reply_count":0,"_bbp_voice_count":0,"_bbp_anonymous_reply_count":0,"_bbp_topic_count_hidden":0,"_bbp_reply_count_hidden":0,"_bbp_forum_subforum_count":0,"site-sidebar-layout":"default","site-content-layout":"","ast-site-content-layout":"","site-content-style":"default","site-sidebar-style":"default","ast-global-header-display":"","ast-banner-title-visibility":"","ast-main-header-display":"","ast-hfb-above-header-display":"","ast-hfb-below-header-display":"","ast-hfb-mobile-header-display":"","site-post-title":"","ast-breadcrumbs-content":"","ast-featured-img":"","footer-sml-layout":"","theme-transparent-header-meta":"","adv-header-id-meta":"","stick-header-meta":"","header-above-stick-meta":"","header-main-stick-meta":"","header-below-stick-meta":"","astra-migrate-meta-layouts":"default","ast-page-background-enabled":"default","ast-page-background-meta":{"desktop":{"background-color":"var(--ast-global-color-4)","background-image":"","background-repeat":"repeat","background-position":"center center","background-size":"auto","background-attachment":"scroll","background-type":"","background-media":"","overlay-type":"","overlay-color":"","overlay-opacity":"","overlay-gradient":""},"tablet":{"background-color":"","background-image":"","background-repeat":"repeat","background-position":"center center","background-size":"auto","background-attachment":"scroll","background-type":"","background-media":"","overlay-type":"","overlay-color":"","overlay-opacity":"","overlay-gradient":""},"mobile":{"background-color":"","background-image":"","background-repeat":"repeat","background-position":"center center","background-size":"auto","background-attachment":"scroll","background-type":"","background-media":"","overlay-type":"","overlay-color":"","overlay-opacity":"","overlay-gradient":""}},"ast-content-background-meta":{"desktop":{"background-color":"var(--ast-global-color-5)","background-image":"","background-repeat":"repeat","background-position":"center center","background-size":"auto","background-attachment":"scroll","background-type":"","background-media":"","overlay-type":"","overlay-color":"","overlay-opacity":"","overlay-gradient":""},"tablet":{"background-color":"var(--ast-global-color-5)","background-image":"","background-repeat":"repeat","background-position":"center center","background-size":"auto","background-attachment":"scroll","background-type":"","background-media":"","overlay-type":"","overlay-color":"","overlay-opacity":"","overlay-gradient":""},"mobile":{"background-color":"var(--ast-global-color-5)","background-image":"","background-repeat":"repeat","background-position":"center center","background-size":"auto","background-attachment":"scroll","background-type":"","background-media":"","overlay-type":"","overlay-color":"","overlay-opacity":"","overlay-gradient":""}},"footnotes":""},"categories":[350,280,2,5,10],"tags":[386],"class_list":["post-13949","post","type-post","status-publish","format-standard","hentry","category-23-24","category-eib","category-infantil","category-primaria","category-prom15a","tag-padrins"],"post_mailing_queue_ids":[],"_links":{"self":[{"href":"https:\/\/agora.xtec.cat\/escolametllers\/wp-json\/wp\/v2\/posts\/13949","targetHints":{"allow":["GET"]}}],"collection":[{"href":"https:\/\/agora.xtec.cat\/escolametllers\/wp-json\/wp\/v2\/posts"}],"about":[{"href":"https:\/\/agora.xtec.cat\/escolametllers\/wp-json\/wp\/v2\/types\/post"}],"author":[{"embeddable":true,"href":"https:\/\/agora.xtec.cat\/escolametllers\/wp-json\/wp\/v2\/users\/46"}],"replies":[{"embeddable":true,"href":"https:\/\/agora.xtec.cat\/escolametllers\/wp-json\/wp\/v2\/comments?post=13949"}],"version-history":[{"count":5,"href":"https:\/\/agora.xtec.cat\/escolametllers\/wp-json\/wp\/v2\/posts\/13949\/revisions"}],"predecessor-version":[{"id":13957,"href":"https:\/\/agora.xtec.cat\/escolametllers\/wp-json\/wp\/v2\/posts\/13949\/revisions\/13957"}],"wp:attachment":[{"href":"https:\/\/agora.xtec.cat\/escolametllers\/wp-json\/wp\/v2\/media?parent=13949"}],"wp:term":[{"taxonomy":"category","embeddable":true,"href":"https:\/\/agora.xtec.cat\/escolametllers\/wp-json\/wp\/v2\/categories?post=13949"},{"taxonomy":"post_tag","embeddable":true,"href":"https:\/\/agora.xtec.cat\/escolametllers\/wp-json\/wp\/v2\/tags?post=13949"}],"curies":[{"name":"wp","href":"https:\/\/api.w.org\/{rel}","templated":true}]}}