{"id":13907,"date":"2024-09-09T21:22:08","date_gmt":"2024-09-09T19:22:08","guid":{"rendered":"https:\/\/agora.xtec.cat\/escolametllers\/?p=13907"},"modified":"2024-09-09T21:22:08","modified_gmt":"2024-09-09T19:22:08","slug":"el-dia-del-mercat","status":"publish","type":"post","link":"https:\/\/agora.xtec.cat\/escolametllers\/primaria\/el-dia-del-mercat\/","title":{"rendered":"EL DIA DEL MERCAT"},"content":{"rendered":"<p style=\"text-align: justify;\">Despr\u00e9s de mesos de preparaci\u00f3, el passat dijous va arribar el gran dia: la venda al mercat de la Cooperativa. Gr\u00e0cies a la col\u00b7laboraci\u00f3 de l&#8217;Ajuntament i el Consell Comarcal del Bages, vam poder muntar les nostres paradetes i vendre els productes que tant d&#8217;esfor\u00e7 ens va costar produir.<\/p>\n<p style=\"text-align: justify;\"><a href=\"https:\/\/photos.app.goo.gl\/k5sj3rh8voW3k1m57\"><img loading=\"lazy\" decoding=\"async\" class=\"aligncenter size-large wp-image-13933\" src=\"https:\/\/agora.xtec.cat\/escolametllers\/wp-content\/uploads\/usu1580\/2024\/06\/Dia-del-mercat-24-32-1024x768.jpeg\" alt=\"\" width=\"1024\" height=\"768\" \/><\/a><br \/>\nAquest projecte d&#8217;emprenedoria ens ha fet entendre com funciona una empresa cooperativa i ens ha servit d&#8217;introducci\u00f3 al m\u00f3n laboral. Hem viscut molts aprenentatges relacionats amb el treball en equip, l&#8217;economia i la reutilitzaci\u00f3 de materials reciclables. La veritat \u00e9s que el dia del mercat va ser tot un \u00e8xit, ho vam vendre gaireb\u00e9 tot. Ha estat una experi\u00e8ncia inoblidable.<\/p>\n<p>Moltes gr\u00e0cies per la vostra participaci\u00f3, fam\u00edlies!<\/p>\n","protected":false},"excerpt":{"rendered":"<p>Despr\u00e9s de mesos de preparaci\u00f3, el passat dijous va arribar el gran dia: la venda al mercat de la Cooperativa. Gr\u00e0cies a la col\u00b7laboraci\u00f3 de l&#8217;Ajuntament i el Consell Comarcal del Bages, vam poder muntar les nostres paradetes i vendre els productes que tant d&#8217;esfor\u00e7 ens va costar produir. Aquest projecte d&#8217;emprenedoria ens ha fet [&hellip;]<\/p>\n","protected":false},"author":1,"featured_media":0,"comment_status":"open","ping_status":"closed","sticky":false,"template":"","format":"standard","meta":{"_bbp_topic_count":0,"_bbp_reply_count":0,"_bbp_total_topic_count":0,"_bbp_total_reply_count":0,"_bbp_voice_count":0,"_bbp_anonymous_reply_count":0,"_bbp_topic_count_hidden":0,"_bbp_reply_count_hidden":0,"_bbp_forum_subforum_count":0,"site-sidebar-layout":"default","site-content-layout":"","ast-site-content-layout":"","site-content-style":"default","site-sidebar-style":"default","ast-global-header-display":"","ast-banner-title-visibility":"","ast-main-header-display":"","ast-hfb-above-header-display":"","ast-hfb-below-header-display":"","ast-hfb-mobile-header-display":"","site-post-title":"","ast-breadcrumbs-content":"","ast-featured-img":"","footer-sml-layout":"","theme-transparent-header-meta":"","adv-header-id-meta":"","stick-header-meta":"","header-above-stick-meta":"","header-main-stick-meta":"","header-below-stick-meta":"","astra-migrate-meta-layouts":"default","ast-page-background-enabled":"default","ast-page-background-meta":{"desktop":{"background-color":"var(--ast-global-color-4)","background-image":"","background-repeat":"repeat","background-position":"center center","background-size":"auto","background-attachment":"scroll","background-type":"","background-media":"","overlay-type":"","overlay-color":"","overlay-opacity":"","overlay-gradient":""},"tablet":{"background-color":"","background-image":"","background-repeat":"repeat","background-position":"center center","background-size":"auto","background-attachment":"scroll","background-type":"","background-media":"","overlay-type":"","overlay-color":"","overlay-opacity":"","overlay-gradient":""},"mobile":{"background-color":"","background-image":"","background-repeat":"repeat","background-position":"center center","background-size":"auto","background-attachment":"scroll","background-type":"","background-media":"","overlay-type":"","overlay-color":"","overlay-opacity":"","overlay-gradient":""}},"ast-content-background-meta":{"desktop":{"background-color":"var(--ast-global-color-5)","background-image":"","background-repeat":"repeat","background-position":"center center","background-size":"auto","background-attachment":"scroll","background-type":"","background-media":"","overlay-type":"","overlay-color":"","overlay-opacity":"","overlay-gradient":""},"tablet":{"background-color":"var(--ast-global-color-5)","background-image":"","background-repeat":"repeat","background-position":"center center","background-size":"auto","background-attachment":"scroll","background-type":"","background-media":"","overlay-type":"","overlay-color":"","overlay-opacity":"","overlay-gradient":""},"mobile":{"background-color":"var(--ast-global-color-5)","background-image":"","background-repeat":"repeat","background-position":"center center","background-size":"auto","background-attachment":"scroll","background-type":"","background-media":"","overlay-type":"","overlay-color":"","overlay-opacity":"","overlay-gradient":""}},"footnotes":""},"categories":[350,5,12,75],"tags":[225],"class_list":["post-13907","post","type-post","status-publish","format-standard","hentry","category-23-24","category-primaria","category-prom13a","category-prom13b","tag-cooperativa"],"post_mailing_queue_ids":[],"_links":{"self":[{"href":"https:\/\/agora.xtec.cat\/escolametllers\/wp-json\/wp\/v2\/posts\/13907","targetHints":{"allow":["GET"]}}],"collection":[{"href":"https:\/\/agora.xtec.cat\/escolametllers\/wp-json\/wp\/v2\/posts"}],"about":[{"href":"https:\/\/agora.xtec.cat\/escolametllers\/wp-json\/wp\/v2\/types\/post"}],"author":[{"embeddable":true,"href":"https:\/\/agora.xtec.cat\/escolametllers\/wp-json\/wp\/v2\/users\/1"}],"replies":[{"embeddable":true,"href":"https:\/\/agora.xtec.cat\/escolametllers\/wp-json\/wp\/v2\/comments?post=13907"}],"version-history":[{"count":1,"href":"https:\/\/agora.xtec.cat\/escolametllers\/wp-json\/wp\/v2\/posts\/13907\/revisions"}],"predecessor-version":[{"id":14205,"href":"https:\/\/agora.xtec.cat\/escolametllers\/wp-json\/wp\/v2\/posts\/13907\/revisions\/14205"}],"wp:attachment":[{"href":"https:\/\/agora.xtec.cat\/escolametllers\/wp-json\/wp\/v2\/media?parent=13907"}],"wp:term":[{"taxonomy":"category","embeddable":true,"href":"https:\/\/agora.xtec.cat\/escolametllers\/wp-json\/wp\/v2\/categories?post=13907"},{"taxonomy":"post_tag","embeddable":true,"href":"https:\/\/agora.xtec.cat\/escolametllers\/wp-json\/wp\/v2\/tags?post=13907"}],"curies":[{"name":"wp","href":"https:\/\/api.w.org\/{rel}","templated":true}]}}