{"id":13776,"date":"2024-05-23T11:58:06","date_gmt":"2024-05-23T09:58:06","guid":{"rendered":"https:\/\/agora.xtec.cat\/escolametllers\/?p=13776"},"modified":"2024-05-23T20:05:17","modified_gmt":"2024-05-23T18:05:17","slug":"activitat-dexpressio-oral-2","status":"publish","type":"post","link":"https:\/\/agora.xtec.cat\/escolametllers\/infantil\/activitat-dexpressio-oral-2\/","title":{"rendered":"ACTIVITAT D&#8217;EXPRESSI\u00d3 ORAL"},"content":{"rendered":"<p style=\"text-align: left;\">Durant el 2n i 3r trimestres tots els alumnes d\u2019EI3 i EI4 han fet la seva exposici\u00f3 oral. Els d\u2019EI3 ens han explicat qui eren i qu\u00e8 els agradava i els d\u2019EI4 el seu conte preferit, que tamb\u00e9 havien preparat pr\u00e8viament a casa.<br \/>\nMoltes gr\u00e0cies fam\u00edlies pel vostre esfor\u00e7 i suport a l\u2019hora de preparar les activitats d\u2019expressi\u00f3 oral dels vostres fills i filles!<br \/>\nAmb aquest tipus d\u2019activitats aconseguim que poc a poc els infants vagin guanyant confian\u00e7a i seguretat a l\u2019hora de parlar davant dels companys\/es i alhora vagin perdent la timidesa i la por a fer-ho. A m\u00e9s, s\u00f3n activitats que ens ajuden a treballar els h\u00e0bits que cal tenir presents quan escoltem a alg\u00fa que ens est\u00e0 explicant coses (mirar<br \/>\nals ulls de qui ens parla, seure b\u00e9, escoltar amb atenci\u00f3, aixecar la m\u00e0 si volem fer una pregunta&#8230;)<br \/>\nDes d\u2019aqu\u00ed felicitem a tots els infants per la feina feta!<a href=\"https:\/\/photos.app.goo.gl\/q8GGNBKHB8UngZuK6\"><img loading=\"lazy\" decoding=\"async\" class=\"wp-image-13777 aligncenter\" src=\"https:\/\/agora.xtec.cat\/escolametllers\/wp-content\/uploads\/usu1580\/2024\/05\/26.Imatge-Nen-parlant.jpg\" alt=\"\" width=\"402\" height=\"239\" srcset=\"https:\/\/agora.xtec.cat\/escolametllers\/wp-content\/uploads\/usu1580\/2024\/05\/26.Imatge-Nen-parlant.jpg 700w, https:\/\/agora.xtec.cat\/escolametllers\/wp-content\/uploads\/usu1580\/2024\/05\/26.Imatge-Nen-parlant-300x178.jpg 300w\" sizes=\"auto, (max-width: 402px) 100vw, 402px\" \/><\/a><\/p>\n","protected":false},"excerpt":{"rendered":"<p>Durant el 2n i 3r trimestres tots els alumnes d\u2019EI3 i EI4 han fet la seva exposici\u00f3 oral. Els d\u2019EI3 ens han explicat qui eren i qu\u00e8 els agradava i els d\u2019EI4 el seu conte preferit, que tamb\u00e9 havien preparat pr\u00e8viament a casa. Moltes gr\u00e0cies fam\u00edlies pel vostre esfor\u00e7 i suport a l\u2019hora de preparar [&hellip;]<\/p>\n","protected":false},"author":46,"featured_media":0,"comment_status":"open","ping_status":"closed","sticky":false,"template":"","format":"standard","meta":{"_bbp_topic_count":0,"_bbp_reply_count":0,"_bbp_total_topic_count":0,"_bbp_total_reply_count":0,"_bbp_voice_count":0,"_bbp_anonymous_reply_count":0,"_bbp_topic_count_hidden":0,"_bbp_reply_count_hidden":0,"_bbp_forum_subforum_count":0,"site-sidebar-layout":"default","site-content-layout":"","ast-site-content-layout":"","site-content-style":"default","site-sidebar-style":"default","ast-global-header-display":"","ast-banner-title-visibility":"","ast-main-header-display":"","ast-hfb-above-header-display":"","ast-hfb-below-header-display":"","ast-hfb-mobile-header-display":"","site-post-title":"","ast-breadcrumbs-content":"","ast-featured-img":"","footer-sml-layout":"","theme-transparent-header-meta":"","adv-header-id-meta":"","stick-header-meta":"","header-above-stick-meta":"","header-main-stick-meta":"","header-below-stick-meta":"","astra-migrate-meta-layouts":"default","ast-page-background-enabled":"default","ast-page-background-meta":{"desktop":{"background-color":"var(--ast-global-color-4)","background-image":"","background-repeat":"repeat","background-position":"center center","background-size":"auto","background-attachment":"scroll","background-type":"","background-media":"","overlay-type":"","overlay-color":"","overlay-opacity":"","overlay-gradient":""},"tablet":{"background-color":"","background-image":"","background-repeat":"repeat","background-position":"center center","background-size":"auto","background-attachment":"scroll","background-type":"","background-media":"","overlay-type":"","overlay-color":"","overlay-opacity":"","overlay-gradient":""},"mobile":{"background-color":"","background-image":"","background-repeat":"repeat","background-position":"center center","background-size":"auto","background-attachment":"scroll","background-type":"","background-media":"","overlay-type":"","overlay-color":"","overlay-opacity":"","overlay-gradient":""}},"ast-content-background-meta":{"desktop":{"background-color":"var(--ast-global-color-5)","background-image":"","background-repeat":"repeat","background-position":"center center","background-size":"auto","background-attachment":"scroll","background-type":"","background-media":"","overlay-type":"","overlay-color":"","overlay-opacity":"","overlay-gradient":""},"tablet":{"background-color":"var(--ast-global-color-5)","background-image":"","background-repeat":"repeat","background-position":"center center","background-size":"auto","background-attachment":"scroll","background-type":"","background-media":"","overlay-type":"","overlay-color":"","overlay-opacity":"","overlay-gradient":""},"mobile":{"background-color":"var(--ast-global-color-5)","background-image":"","background-repeat":"repeat","background-position":"center center","background-size":"auto","background-attachment":"scroll","background-type":"","background-media":"","overlay-type":"","overlay-color":"","overlay-opacity":"","overlay-gradient":""}},"footnotes":""},"categories":[350,280,2],"tags":[212],"class_list":["post-13776","post","type-post","status-publish","format-standard","hentry","category-23-24","category-eib","category-infantil","tag-llengua"],"post_mailing_queue_ids":[],"_links":{"self":[{"href":"https:\/\/agora.xtec.cat\/escolametllers\/wp-json\/wp\/v2\/posts\/13776","targetHints":{"allow":["GET"]}}],"collection":[{"href":"https:\/\/agora.xtec.cat\/escolametllers\/wp-json\/wp\/v2\/posts"}],"about":[{"href":"https:\/\/agora.xtec.cat\/escolametllers\/wp-json\/wp\/v2\/types\/post"}],"author":[{"embeddable":true,"href":"https:\/\/agora.xtec.cat\/escolametllers\/wp-json\/wp\/v2\/users\/46"}],"replies":[{"embeddable":true,"href":"https:\/\/agora.xtec.cat\/escolametllers\/wp-json\/wp\/v2\/comments?post=13776"}],"version-history":[{"count":1,"href":"https:\/\/agora.xtec.cat\/escolametllers\/wp-json\/wp\/v2\/posts\/13776\/revisions"}],"predecessor-version":[{"id":13778,"href":"https:\/\/agora.xtec.cat\/escolametllers\/wp-json\/wp\/v2\/posts\/13776\/revisions\/13778"}],"wp:attachment":[{"href":"https:\/\/agora.xtec.cat\/escolametllers\/wp-json\/wp\/v2\/media?parent=13776"}],"wp:term":[{"taxonomy":"category","embeddable":true,"href":"https:\/\/agora.xtec.cat\/escolametllers\/wp-json\/wp\/v2\/categories?post=13776"},{"taxonomy":"post_tag","embeddable":true,"href":"https:\/\/agora.xtec.cat\/escolametllers\/wp-json\/wp\/v2\/tags?post=13776"}],"curies":[{"name":"wp","href":"https:\/\/api.w.org\/{rel}","templated":true}]}}