{"id":13683,"date":"2024-09-09T21:25:58","date_gmt":"2024-09-09T19:25:58","guid":{"rendered":"https:\/\/agora.xtec.cat\/escolametllers\/?p=13683"},"modified":"2024-09-09T21:25:58","modified_gmt":"2024-09-09T19:25:58","slug":"anem-al-teatre-a-cal-gallifa","status":"publish","type":"post","link":"https:\/\/agora.xtec.cat\/escolametllers\/infantil\/anem-al-teatre-a-cal-gallifa\/","title":{"rendered":"Anem al teatre a Cal Gallifa"},"content":{"rendered":"<p>Vam anar a Cal Gallifa i vam gaudir de l\u2019obra \u201c L\u2019arc de Sant Mart\u00ed i la lluna\u201d, una obra on apareix la Cargol que no li agradava anar a poc a poc. Ella volia ser r\u00e0pida, aerodin\u00e0mica i motoritzada! Una cosa semblant li passava al Gall, que volia viure sota l\u2019aigua. La Mosca, que considerava que per ser una mosca no era prou de \u201ccolor de mosca\u201d. I el Peix\u2026 b\u00e9, el tema del Peix ja \u00e9s tota una altra hist\u00f2ria. El fet \u00e9s que La Lluna, que \u00e9s molt antiga i molt bruixa, els explica que si demanes un desig mentre passes per sota l\u2019Arc de Sant Mart\u00ed, se\u2019t fa realitat. Ara: tamb\u00e9 els va aconsellar que s\u2019ho pensessin molt i molt b\u00e9. Per\u00f2 no estem segures que, en aquell moment, se l\u2019estiguessin escoltant gaire\u2026 Una faula sobre aprendre a valorar les nostres peculiaritats.<\/p>\n<p>Despr\u00e9s del teatre vam aprofitat per esmorzar i gaudir d\u2019una estona tots junts al parc Catalunya!<\/p>\n<p>Aqu\u00ed teniu un petit recull:<\/p>\n<p><a href=\"https:\/\/photos.app.goo.gl\/U3pF6YQAqA7p5M3C6\"><img loading=\"lazy\" decoding=\"async\" class=\"size-large wp-image-13684 aligncenter\" src=\"https:\/\/agora.xtec.cat\/escolametllers\/wp-content\/uploads\/usu1580\/2024\/05\/1bd7d319-772b-4164-92d0-3f7129e6c4ec-1024x577.jpg\" alt=\"\" width=\"1024\" height=\"577\" \/><\/a><\/p>\n","protected":false},"excerpt":{"rendered":"<p>Vam anar a Cal Gallifa i vam gaudir de l\u2019obra \u201c L\u2019arc de Sant Mart\u00ed i la lluna\u201d, una obra on apareix la Cargol que no li agradava anar a poc a poc. Ella volia ser r\u00e0pida, aerodin\u00e0mica i motoritzada! Una cosa semblant li passava al Gall, que volia viure sota l\u2019aigua. La Mosca, que [&hellip;]<\/p>\n","protected":false},"author":103,"featured_media":0,"comment_status":"open","ping_status":"closed","sticky":false,"template":"","format":"standard","meta":{"_bbp_topic_count":0,"_bbp_reply_count":0,"_bbp_total_topic_count":0,"_bbp_total_reply_count":0,"_bbp_voice_count":0,"_bbp_anonymous_reply_count":0,"_bbp_topic_count_hidden":0,"_bbp_reply_count_hidden":0,"_bbp_forum_subforum_count":0,"site-sidebar-layout":"default","site-content-layout":"","ast-site-content-layout":"","site-content-style":"default","site-sidebar-style":"default","ast-global-header-display":"","ast-banner-title-visibility":"","ast-main-header-display":"","ast-hfb-above-header-display":"","ast-hfb-below-header-display":"","ast-hfb-mobile-header-display":"","site-post-title":"","ast-breadcrumbs-content":"","ast-featured-img":"","footer-sml-layout":"","theme-transparent-header-meta":"","adv-header-id-meta":"","stick-header-meta":"","header-above-stick-meta":"","header-main-stick-meta":"","header-below-stick-meta":"","astra-migrate-meta-layouts":"default","ast-page-background-enabled":"default","ast-page-background-meta":{"desktop":{"background-color":"var(--ast-global-color-4)","background-image":"","background-repeat":"repeat","background-position":"center center","background-size":"auto","background-attachment":"scroll","background-type":"","background-media":"","overlay-type":"","overlay-color":"","overlay-opacity":"","overlay-gradient":""},"tablet":{"background-color":"","background-image":"","background-repeat":"repeat","background-position":"center center","background-size":"auto","background-attachment":"scroll","background-type":"","background-media":"","overlay-type":"","overlay-color":"","overlay-opacity":"","overlay-gradient":""},"mobile":{"background-color":"","background-image":"","background-repeat":"repeat","background-position":"center center","background-size":"auto","background-attachment":"scroll","background-type":"","background-media":"","overlay-type":"","overlay-color":"","overlay-opacity":"","overlay-gradient":""}},"ast-content-background-meta":{"desktop":{"background-color":"var(--ast-global-color-5)","background-image":"","background-repeat":"repeat","background-position":"center center","background-size":"auto","background-attachment":"scroll","background-type":"","background-media":"","overlay-type":"","overlay-color":"","overlay-opacity":"","overlay-gradient":""},"tablet":{"background-color":"var(--ast-global-color-5)","background-image":"","background-repeat":"repeat","background-position":"center center","background-size":"auto","background-attachment":"scroll","background-type":"","background-media":"","overlay-type":"","overlay-color":"","overlay-opacity":"","overlay-gradient":""},"mobile":{"background-color":"var(--ast-global-color-5)","background-image":"","background-repeat":"repeat","background-position":"center center","background-size":"auto","background-attachment":"scroll","background-type":"","background-media":"","overlay-type":"","overlay-color":"","overlay-opacity":"","overlay-gradient":""}},"footnotes":""},"categories":[350,279,280,8,2,351],"tags":[113],"class_list":["post-13683","post","type-post","status-publish","format-standard","hentry","category-23-24","category-eia","category-eib","category-eic","category-infantil","category-prom18","tag-teatre"],"post_mailing_queue_ids":[],"_links":{"self":[{"href":"https:\/\/agora.xtec.cat\/escolametllers\/wp-json\/wp\/v2\/posts\/13683","targetHints":{"allow":["GET"]}}],"collection":[{"href":"https:\/\/agora.xtec.cat\/escolametllers\/wp-json\/wp\/v2\/posts"}],"about":[{"href":"https:\/\/agora.xtec.cat\/escolametllers\/wp-json\/wp\/v2\/types\/post"}],"author":[{"embeddable":true,"href":"https:\/\/agora.xtec.cat\/escolametllers\/wp-json\/wp\/v2\/users\/103"}],"replies":[{"embeddable":true,"href":"https:\/\/agora.xtec.cat\/escolametllers\/wp-json\/wp\/v2\/comments?post=13683"}],"version-history":[{"count":1,"href":"https:\/\/agora.xtec.cat\/escolametllers\/wp-json\/wp\/v2\/posts\/13683\/revisions"}],"predecessor-version":[{"id":14215,"href":"https:\/\/agora.xtec.cat\/escolametllers\/wp-json\/wp\/v2\/posts\/13683\/revisions\/14215"}],"wp:attachment":[{"href":"https:\/\/agora.xtec.cat\/escolametllers\/wp-json\/wp\/v2\/media?parent=13683"}],"wp:term":[{"taxonomy":"category","embeddable":true,"href":"https:\/\/agora.xtec.cat\/escolametllers\/wp-json\/wp\/v2\/categories?post=13683"},{"taxonomy":"post_tag","embeddable":true,"href":"https:\/\/agora.xtec.cat\/escolametllers\/wp-json\/wp\/v2\/tags?post=13683"}],"curies":[{"name":"wp","href":"https:\/\/api.w.org\/{rel}","templated":true}]}}