{"id":13660,"date":"2024-04-28T12:08:05","date_gmt":"2024-04-28T10:08:05","guid":{"rendered":"https:\/\/agora.xtec.cat\/escolametllers\/?p=13660"},"modified":"2024-05-23T20:06:54","modified_gmt":"2024-05-23T18:06:54","slug":"sant-jordi-6","status":"publish","type":"post","link":"https:\/\/agora.xtec.cat\/escolametllers\/primaria\/prom17b\/sant-jordi-6\/","title":{"rendered":"SANT JORDI"},"content":{"rendered":"<p>La setmana passada v\u00e0rem celebrar Sant Jordi a l&#8217;escola. V\u00e0rem preparar uns titelles molt bonics dels personatges de la Llegenda de Sant Jordi i tamb\u00e9 v\u00e0rem escriure unes endevinalles per parelles i grups de tres que v\u00e0rem exposar a les paradetes del vest\u00edbul.<\/p>\n<p>El dilluns 22 d&#8217;abril v\u00e0rem sortir tots i totes a la pista a ballar la tradicional sardana, precedida pel galop. Tamb\u00e9 vam poder gaudir de la representaci\u00f3 de la Llegenda de Sant Jordi per part dels nens i nenes d&#8217;EI5 i visitar la paradeta de llibres que va muntar l&#8217;AFA.<\/p>\n<p><a href=\"https:\/\/photos.app.goo.gl\/GGcnDjHR1MXGJoF2A\"><img loading=\"lazy\" decoding=\"async\" class=\"aligncenter\" src=\"https:\/\/lh3.googleusercontent.com\/pw\/AP1GczODw2qLDNTdTmUiWdnbG3bhLO4Tkii1Hl7iR4OTg3RzN3NxI9QF4PIYfQzV6mhzmX1bCaHgMjXlaAy1iNLG3x8X1jsNt4llUUbXLf8q80jpnzsA0-6XzISpN4oYYTdh3IgwvO0sNsp1Ymq9EcoK8e199jH09cn8p6cFbVWfoMHyEAKtIy2pLOBul6ItIwLEGoahdmqZSlCQ8vodxJtmgMYEHZACTT3b7l2MM0hi-NY5ETaM9ES_3ACVwxUFEJL8-zZYAbeYT50rHVmbhRI8vEmsIwwHpx9lZ7hCzIJa5ciAV5kvc9fofYMtuZvZpNoTKx_60zVb2zd7Sd36SijRlhjGjs4TTR6jtMI7Mo1L_yaDT5Q2LBr7LgLjyhvL_RVJ_7mCd7WbuQYfdhADkAA-3pVyQjaIVnvOKK71kCyVQ8-GceogfI96oCbRpSaw5qneAyN7iL5CJU3dI1Sk9kzSe5PJBt7P9A_GVyZAgSNUpttK08yzTwtqtzq6jxKRIZS-7RhEFJfFgA-WLGvb5SMeLU86zmDXcmo4m4Oo1KilJhJywdvUgL7O8DWZzCfvw4xdiLG1XEl6IHgVVZ71lW5hVsXyasH9snaNiyk6h7dg5Y4kUFUsscns9Nr1rUuQTbI7qNHFLQwhbr-O7lFDwHBXNMbk5ZzbTu4fJCqK0yK6EKu3takBxWEI51ov6uyYCxxpjjGEnjnWTzIiJIcrHI-6mq3HKrgxofKs10-O-mr2yM9-lrvds2XdPEP9aiFcNGQSSuSkme_fU3JDHeRAsHTlfHl9VXCnQ3lyR9g4lK6qJCjL17xqB7XoQEh-0bgkfjB2YXd9Gu9biRcYr0rTa0huJ_jWIwWbVxROtroxJHtXj0yxDw_wtHUFlc8Xmv4TPUBXb6QHMvmkfQTh5LIhxSjnE9Hz16FY=w480-h640-s-no-gm?authuser=0\" width=\"328\" height=\"438\" \/><\/a><\/p>\n","protected":false},"excerpt":{"rendered":"<p>La setmana passada v\u00e0rem celebrar Sant Jordi a l&#8217;escola. V\u00e0rem preparar uns titelles molt bonics dels personatges de la Llegenda de Sant Jordi i tamb\u00e9 v\u00e0rem escriure unes endevinalles per parelles i grups de tres que v\u00e0rem exposar a les paradetes del vest\u00edbul. El dilluns 22 d&#8217;abril v\u00e0rem sortir tots i totes a la pista [&hellip;]<\/p>\n","protected":false},"author":50,"featured_media":0,"comment_status":"open","ping_status":"closed","sticky":false,"template":"","format":"standard","meta":{"_bbp_topic_count":0,"_bbp_reply_count":0,"_bbp_total_topic_count":0,"_bbp_total_reply_count":0,"_bbp_voice_count":0,"_bbp_anonymous_reply_count":0,"_bbp_topic_count_hidden":0,"_bbp_reply_count_hidden":0,"_bbp_forum_subforum_count":0,"site-sidebar-layout":"default","site-content-layout":"","ast-site-content-layout":"","site-content-style":"default","site-sidebar-style":"default","ast-global-header-display":"","ast-banner-title-visibility":"","ast-main-header-display":"","ast-hfb-above-header-display":"","ast-hfb-below-header-display":"","ast-hfb-mobile-header-display":"","site-post-title":"","ast-breadcrumbs-content":"","ast-featured-img":"","footer-sml-layout":"","theme-transparent-header-meta":"","adv-header-id-meta":"","stick-header-meta":"","header-above-stick-meta":"","header-main-stick-meta":"","header-below-stick-meta":"","astra-migrate-meta-layouts":"default","ast-page-background-enabled":"default","ast-page-background-meta":{"desktop":{"background-color":"var(--ast-global-color-4)","background-image":"","background-repeat":"repeat","background-position":"center center","background-size":"auto","background-attachment":"scroll","background-type":"","background-media":"","overlay-type":"","overlay-color":"","overlay-opacity":"","overlay-gradient":""},"tablet":{"background-color":"","background-image":"","background-repeat":"repeat","background-position":"center center","background-size":"auto","background-attachment":"scroll","background-type":"","background-media":"","overlay-type":"","overlay-color":"","overlay-opacity":"","overlay-gradient":""},"mobile":{"background-color":"","background-image":"","background-repeat":"repeat","background-position":"center center","background-size":"auto","background-attachment":"scroll","background-type":"","background-media":"","overlay-type":"","overlay-color":"","overlay-opacity":"","overlay-gradient":""}},"ast-content-background-meta":{"desktop":{"background-color":"var(--ast-global-color-5)","background-image":"","background-repeat":"repeat","background-position":"center center","background-size":"auto","background-attachment":"scroll","background-type":"","background-media":"","overlay-type":"","overlay-color":"","overlay-opacity":"","overlay-gradient":""},"tablet":{"background-color":"var(--ast-global-color-5)","background-image":"","background-repeat":"repeat","background-position":"center center","background-size":"auto","background-attachment":"scroll","background-type":"","background-media":"","overlay-type":"","overlay-color":"","overlay-opacity":"","overlay-gradient":""},"mobile":{"background-color":"var(--ast-global-color-5)","background-image":"","background-repeat":"repeat","background-position":"center center","background-size":"auto","background-attachment":"scroll","background-type":"","background-media":"","overlay-type":"","overlay-color":"","overlay-opacity":"","overlay-gradient":""}},"footnotes":""},"categories":[350,61],"tags":[242],"class_list":["post-13660","post","type-post","status-publish","format-standard","hentry","category-23-24","category-prom17b","tag-sant-jordi"],"post_mailing_queue_ids":[],"_links":{"self":[{"href":"https:\/\/agora.xtec.cat\/escolametllers\/wp-json\/wp\/v2\/posts\/13660","targetHints":{"allow":["GET"]}}],"collection":[{"href":"https:\/\/agora.xtec.cat\/escolametllers\/wp-json\/wp\/v2\/posts"}],"about":[{"href":"https:\/\/agora.xtec.cat\/escolametllers\/wp-json\/wp\/v2\/types\/post"}],"author":[{"embeddable":true,"href":"https:\/\/agora.xtec.cat\/escolametllers\/wp-json\/wp\/v2\/users\/50"}],"replies":[{"embeddable":true,"href":"https:\/\/agora.xtec.cat\/escolametllers\/wp-json\/wp\/v2\/comments?post=13660"}],"version-history":[{"count":1,"href":"https:\/\/agora.xtec.cat\/escolametllers\/wp-json\/wp\/v2\/posts\/13660\/revisions"}],"predecessor-version":[{"id":13661,"href":"https:\/\/agora.xtec.cat\/escolametllers\/wp-json\/wp\/v2\/posts\/13660\/revisions\/13661"}],"wp:attachment":[{"href":"https:\/\/agora.xtec.cat\/escolametllers\/wp-json\/wp\/v2\/media?parent=13660"}],"wp:term":[{"taxonomy":"category","embeddable":true,"href":"https:\/\/agora.xtec.cat\/escolametllers\/wp-json\/wp\/v2\/categories?post=13660"},{"taxonomy":"post_tag","embeddable":true,"href":"https:\/\/agora.xtec.cat\/escolametllers\/wp-json\/wp\/v2\/tags?post=13660"}],"curies":[{"name":"wp","href":"https:\/\/api.w.org\/{rel}","templated":true}]}}