{"id":13635,"date":"2024-04-17T00:28:42","date_gmt":"2024-04-16T22:28:42","guid":{"rendered":"https:\/\/agora.xtec.cat\/escolametllers\/?p=13635"},"modified":"2024-05-02T18:09:47","modified_gmt":"2024-05-02T16:09:47","slug":"els-reptes-den-saiko-4","status":"publish","type":"post","link":"https:\/\/agora.xtec.cat\/escolametllers\/primaria\/prom17b\/els-reptes-den-saiko-4\/","title":{"rendered":"ELS REPTES DE&#8217;N SAIKO"},"content":{"rendered":"<p>Hem gaudit d&#8217;una experi\u00e8ncia musical de la m\u00e0 d&#8217;en Jaume Prat i en Ferran Junyent, on a trav\u00e9s del so de la trompeta i el violoncel, hem pogut desenvolupar un seguit d&#8217;habilitats musicals (afinaci\u00f3, ritme, din\u00e0miques, &#8230;) per superar diferents reptes que ens ha plantejat en Saiko. Ens ha agradat molt!<\/p>\n<p><a href=\"https:\/\/photos.app.goo.gl\/xNB3uvEsNoAjaGEb9\"><img loading=\"lazy\" decoding=\"async\" class=\"BiCYpc aligncenter\" src=\"https:\/\/lh3.googleusercontent.com\/pw\/AP1GczMFNauTO6ifTRREAmyTbsh6LZDpddhymhP6w8HNZJRp-x_RAZeXpI6ux_PgpPlCTKT3AbC9I6GFU_5Wm5dC_mOngQakaYBmc7abNl7HEjK51fZlXGTyfjUHwBRodSduBwoRiqLzS3A9CpZQGec8Z-bLx7_ZJTxb3bfGPXP6jPbU9Dh07CepECetFlWUO2tjGBKyabMltFfZhmDPCI8-93O6ZF8oftAPRFmXA-j1GNTxwkvbzzTxkzNXsO1DnM6-V-WWDH-JE66FKZxdQPDo3Yru051RQqhMlbUmNslc30qeT3InipMXNcXXVeXBw2zlaiqXx2zoNelqngfYfV4mz7CUSjJrZA6g-ACYpyAAexP5hC_lHSiBzAVTz3Nbd1lNfBiH9HLNxvnzETRjGPQA_kBgUw21vl4epiGzBBxYY-ZmOrdrC_BCeMwNdes9ao2Zq0tDdYUManQYpkzEsNaBBfZKgcyGg2aHAkBMML3nSsL19N8JH0LxLgQZ_11-s-F58tSE4jHDC-T7OD6SigJhxnMMinu4BU4uZtNb72fkH2bhXRM0vZxFl-Uf-0QF7Nu-J8FBdLJEEkUcFqp1NK4844PBOwv7BzN182IcT0toIYmWCK12KMdGTnGsb3G30R-UuoaiFdwLwK11-r45wzCoIG0FSRpltAiizpjZ3h36VPsS-twLgQf2F37_nPCwVDncaAyfXr7YWtLVw94TcBdB5-MS3LjbQPnhcAzMPqZUBcp9Ki3SeWQW62AwPKmHPYdPjiKvNcxZvdhP4A2tehJRXCPzcAwZ96LrI1MCekqnkxQ2rV-G1B2UCJ0M4d86LK0Tt6aZ_igdab4PoweMPmmqeHd706QXViMpNHsPoKS_R_1x6LVUP9S3wi1YS3lfxT65fe7L6PZYuWHEYyfb7bshCrZE=w480-h640-s-no?authuser=0\" width=\"308\" height=\"411\" data-iml=\"332119\" aria-label=\"Foto - Retrat - 16 d\u2019abr. 2024, 10:31:59\" \/><\/a><\/p>\n","protected":false},"excerpt":{"rendered":"<p>Hem gaudit d&#8217;una experi\u00e8ncia musical de la m\u00e0 d&#8217;en Jaume Prat i en Ferran Junyent, on a trav\u00e9s del so de la trompeta i el violoncel, hem pogut desenvolupar un seguit d&#8217;habilitats musicals (afinaci\u00f3, ritme, din\u00e0miques, &#8230;) per superar diferents reptes que ens ha plantejat en Saiko. Ens ha agradat molt!<\/p>\n","protected":false},"author":50,"featured_media":0,"comment_status":"open","ping_status":"closed","sticky":false,"template":"","format":"standard","meta":{"_bbp_topic_count":0,"_bbp_reply_count":0,"_bbp_total_topic_count":0,"_bbp_total_reply_count":0,"_bbp_voice_count":0,"_bbp_anonymous_reply_count":0,"_bbp_topic_count_hidden":0,"_bbp_reply_count_hidden":0,"_bbp_forum_subforum_count":0,"site-sidebar-layout":"default","site-content-layout":"","ast-site-content-layout":"","site-content-style":"default","site-sidebar-style":"default","ast-global-header-display":"","ast-banner-title-visibility":"","ast-main-header-display":"","ast-hfb-above-header-display":"","ast-hfb-below-header-display":"","ast-hfb-mobile-header-display":"","site-post-title":"","ast-breadcrumbs-content":"","ast-featured-img":"","footer-sml-layout":"","theme-transparent-header-meta":"","adv-header-id-meta":"","stick-header-meta":"","header-above-stick-meta":"","header-main-stick-meta":"","header-below-stick-meta":"","astra-migrate-meta-layouts":"default","ast-page-background-enabled":"default","ast-page-background-meta":{"desktop":{"background-color":"var(--ast-global-color-4)","background-image":"","background-repeat":"repeat","background-position":"center center","background-size":"auto","background-attachment":"scroll","background-type":"","background-media":"","overlay-type":"","overlay-color":"","overlay-opacity":"","overlay-gradient":""},"tablet":{"background-color":"","background-image":"","background-repeat":"repeat","background-position":"center center","background-size":"auto","background-attachment":"scroll","background-type":"","background-media":"","overlay-type":"","overlay-color":"","overlay-opacity":"","overlay-gradient":""},"mobile":{"background-color":"","background-image":"","background-repeat":"repeat","background-position":"center center","background-size":"auto","background-attachment":"scroll","background-type":"","background-media":"","overlay-type":"","overlay-color":"","overlay-opacity":"","overlay-gradient":""}},"ast-content-background-meta":{"desktop":{"background-color":"var(--ast-global-color-5)","background-image":"","background-repeat":"repeat","background-position":"center center","background-size":"auto","background-attachment":"scroll","background-type":"","background-media":"","overlay-type":"","overlay-color":"","overlay-opacity":"","overlay-gradient":""},"tablet":{"background-color":"var(--ast-global-color-5)","background-image":"","background-repeat":"repeat","background-position":"center center","background-size":"auto","background-attachment":"scroll","background-type":"","background-media":"","overlay-type":"","overlay-color":"","overlay-opacity":"","overlay-gradient":""},"mobile":{"background-color":"var(--ast-global-color-5)","background-image":"","background-repeat":"repeat","background-position":"center center","background-size":"auto","background-attachment":"scroll","background-type":"","background-media":"","overlay-type":"","overlay-color":"","overlay-opacity":"","overlay-gradient":""}},"footnotes":""},"categories":[350,61],"tags":[90],"class_list":["post-13635","post","type-post","status-publish","format-standard","hentry","category-23-24","category-prom17b","tag-musica"],"post_mailing_queue_ids":[],"_links":{"self":[{"href":"https:\/\/agora.xtec.cat\/escolametllers\/wp-json\/wp\/v2\/posts\/13635","targetHints":{"allow":["GET"]}}],"collection":[{"href":"https:\/\/agora.xtec.cat\/escolametllers\/wp-json\/wp\/v2\/posts"}],"about":[{"href":"https:\/\/agora.xtec.cat\/escolametllers\/wp-json\/wp\/v2\/types\/post"}],"author":[{"embeddable":true,"href":"https:\/\/agora.xtec.cat\/escolametllers\/wp-json\/wp\/v2\/users\/50"}],"replies":[{"embeddable":true,"href":"https:\/\/agora.xtec.cat\/escolametllers\/wp-json\/wp\/v2\/comments?post=13635"}],"version-history":[{"count":1,"href":"https:\/\/agora.xtec.cat\/escolametllers\/wp-json\/wp\/v2\/posts\/13635\/revisions"}],"predecessor-version":[{"id":13636,"href":"https:\/\/agora.xtec.cat\/escolametllers\/wp-json\/wp\/v2\/posts\/13635\/revisions\/13636"}],"wp:attachment":[{"href":"https:\/\/agora.xtec.cat\/escolametllers\/wp-json\/wp\/v2\/media?parent=13635"}],"wp:term":[{"taxonomy":"category","embeddable":true,"href":"https:\/\/agora.xtec.cat\/escolametllers\/wp-json\/wp\/v2\/categories?post=13635"},{"taxonomy":"post_tag","embeddable":true,"href":"https:\/\/agora.xtec.cat\/escolametllers\/wp-json\/wp\/v2\/tags?post=13635"}],"curies":[{"name":"wp","href":"https:\/\/api.w.org\/{rel}","templated":true}]}}