{"id":13615,"date":"2024-04-19T19:55:35","date_gmt":"2024-04-19T17:55:35","guid":{"rendered":"https:\/\/agora.xtec.cat\/escolametllers\/?p=13615"},"modified":"2024-05-02T21:19:51","modified_gmt":"2024-05-02T19:19:51","slug":"els-reptes-den-saiko-3","status":"publish","type":"post","link":"https:\/\/agora.xtec.cat\/escolametllers\/sn\/els-reptes-den-saiko-3\/","title":{"rendered":"ELS REPTES D&#8217;EN SAIKO"},"content":{"rendered":"<p>Hem gaudit d&#8217;una experi\u00e8ncia musical de la m\u00e0 d&#8217;en Jaume Prat i el Ferran Junyent, on a trav\u00e9s del so de la trompeta i el violoncel, hem pogut desenvolupar un seguit d&#8217;habilitats musicals ( afinaci\u00f3, ritme, din\u00e0miques&#8230;) per superar diferents reptes que ens ha plantejat en Saiko. Ens ha agradat molt!!<\/p>\n<p><a href=\"https:\/\/photos.app.goo.gl\/EfUKasGj6ssMZfuP8\"><img loading=\"lazy\" decoding=\"async\" class=\"aligncenter\" src=\"https:\/\/lh3.googleusercontent.com\/pw\/AP1GczNwkpTMlhv36xGB4ieGb6bQbygF6gbGFGC3M-ngv6EZB1NmvMHPeStrV9F2Tq-Tpk6JYpsyYCt4f5ZB-YvsI7sL2FKLQnzPTEsKdvsltDYMkH71we74XcgFINzvQ-mIOyQpKPd6dy_VZF4RgywO1xaX1UVoi8ju2FFffr34SWFPjRpXSoq_aZ9o4Clz51cLJhcZVOxjeIIF0CE-W9niLl1PAcGawtTVV1CurmAvNYVLBer14_Fakm81Xd63ZUAPp8yMKrR32akmDUQ6x9z6tFsdiiY97T6-cjig1xk0jG37fDBXfLBRZzk8QjUND-NRqzZ-moKxt6L43k29Bl5HKjBGbes7bX6NAGDLEyIek_PiQTUUVTrRv1_tGLov1tpW3AtYUPzlSMJBLmSW7Sy8oBZ4vP9v45fxQMXh9s_J_kVcJaZpAwhRC6kfH20pGy7frk40QigXiIBmdtMhna6kjgCN9bn69nPWQAUlJOIQbtw4TlipCiF-bGjy9j_Zl8QYb3_j2gBDwsGD7cwj_CQ2IN1dt5YUrh5O1wBZFN0ROuhKzJjVL7o4LPJjg0rb1KQMryKSeC_OB6YwM1oi-j7X7iB91Q6NNKejM0bV--YA1qaQ6hyHntOf9mFB0UMW4B63gMFIFW9dBkPoEo4wk4M58X3rRW2Agk7VCGf983XT6IqkFI-Z2shzH77D_eh_GNkB3jJS5QpRcYOzxrt7Of7QA_5TI8Ry2mKGgM1rky7DZ1AsBUEv70lT7GdhF5AMGZQZ90TFAdmB884UaJHZupAfZvc0dsgWW6lJ97r0tUwF2l0AvEB5u9B_6cLF67OlZort_322NgicJ9T0Aam2om83W-YndIc3HP1zlzAgnTjJcSYBcCDrdaV3nBkFxMTuLaMNey9fv0h60Ea2TK6YEHrEL3oVXZ840CHKCaXf8OgNGa8SkS0tWzvKYZ3927vKvHsnhOR53fYi6LsGYYevGO6RL6H15iq6LAL4WGg=w890-h890-s-no-gm?authuser=2\" width=\"355\" height=\"355\" \/><\/a><\/p>\n<p>&nbsp;<\/p>\n<p>&nbsp;<\/p>\n","protected":false},"excerpt":{"rendered":"<p>Hem gaudit d&#8217;una experi\u00e8ncia musical de la m\u00e0 d&#8217;en Jaume Prat i el Ferran Junyent, on a trav\u00e9s del so de la trompeta i el violoncel, hem pogut desenvolupar un seguit d&#8217;habilitats musicals ( afinaci\u00f3, ritme, din\u00e0miques&#8230;) per superar diferents reptes que ens ha plantejat en Saiko. Ens ha agradat molt!! &nbsp; &nbsp;<\/p>\n","protected":false},"author":78,"featured_media":0,"comment_status":"open","ping_status":"closed","sticky":false,"template":"","format":"standard","meta":{"_bbp_topic_count":0,"_bbp_reply_count":0,"_bbp_total_topic_count":0,"_bbp_total_reply_count":0,"_bbp_voice_count":0,"_bbp_anonymous_reply_count":0,"_bbp_topic_count_hidden":0,"_bbp_reply_count_hidden":0,"_bbp_forum_subforum_count":0,"site-sidebar-layout":"default","site-content-layout":"","ast-site-content-layout":"","site-content-style":"default","site-sidebar-style":"default","ast-global-header-display":"","ast-banner-title-visibility":"","ast-main-header-display":"","ast-hfb-above-header-display":"","ast-hfb-below-header-display":"","ast-hfb-mobile-header-display":"","site-post-title":"","ast-breadcrumbs-content":"","ast-featured-img":"","footer-sml-layout":"","theme-transparent-header-meta":"","adv-header-id-meta":"","stick-header-meta":"","header-above-stick-meta":"","header-main-stick-meta":"","header-below-stick-meta":"","astra-migrate-meta-layouts":"default","ast-page-background-enabled":"default","ast-page-background-meta":{"desktop":{"background-color":"var(--ast-global-color-4)","background-image":"","background-repeat":"repeat","background-position":"center center","background-size":"auto","background-attachment":"scroll","background-type":"","background-media":"","overlay-type":"","overlay-color":"","overlay-opacity":"","overlay-gradient":""},"tablet":{"background-color":"","background-image":"","background-repeat":"repeat","background-position":"center center","background-size":"auto","background-attachment":"scroll","background-type":"","background-media":"","overlay-type":"","overlay-color":"","overlay-opacity":"","overlay-gradient":""},"mobile":{"background-color":"","background-image":"","background-repeat":"repeat","background-position":"center center","background-size":"auto","background-attachment":"scroll","background-type":"","background-media":"","overlay-type":"","overlay-color":"","overlay-opacity":"","overlay-gradient":""}},"ast-content-background-meta":{"desktop":{"background-color":"var(--ast-global-color-5)","background-image":"","background-repeat":"repeat","background-position":"center center","background-size":"auto","background-attachment":"scroll","background-type":"","background-media":"","overlay-type":"","overlay-color":"","overlay-opacity":"","overlay-gradient":""},"tablet":{"background-color":"var(--ast-global-color-5)","background-image":"","background-repeat":"repeat","background-position":"center center","background-size":"auto","background-attachment":"scroll","background-type":"","background-media":"","overlay-type":"","overlay-color":"","overlay-opacity":"","overlay-gradient":""},"mobile":{"background-color":"var(--ast-global-color-5)","background-image":"","background-repeat":"repeat","background-position":"center center","background-size":"auto","background-attachment":"scroll","background-type":"","background-media":"","overlay-type":"","overlay-color":"","overlay-opacity":"","overlay-gradient":""}},"footnotes":""},"categories":[350,5,3,1],"tags":[90],"class_list":["post-13615","post","type-post","status-publish","format-standard","hentry","category-23-24","category-primaria","category-prom17a","category-sn","tag-musica"],"post_mailing_queue_ids":[],"_links":{"self":[{"href":"https:\/\/agora.xtec.cat\/escolametllers\/wp-json\/wp\/v2\/posts\/13615","targetHints":{"allow":["GET"]}}],"collection":[{"href":"https:\/\/agora.xtec.cat\/escolametllers\/wp-json\/wp\/v2\/posts"}],"about":[{"href":"https:\/\/agora.xtec.cat\/escolametllers\/wp-json\/wp\/v2\/types\/post"}],"author":[{"embeddable":true,"href":"https:\/\/agora.xtec.cat\/escolametllers\/wp-json\/wp\/v2\/users\/78"}],"replies":[{"embeddable":true,"href":"https:\/\/agora.xtec.cat\/escolametllers\/wp-json\/wp\/v2\/comments?post=13615"}],"version-history":[{"count":2,"href":"https:\/\/agora.xtec.cat\/escolametllers\/wp-json\/wp\/v2\/posts\/13615\/revisions"}],"predecessor-version":[{"id":13621,"href":"https:\/\/agora.xtec.cat\/escolametllers\/wp-json\/wp\/v2\/posts\/13615\/revisions\/13621"}],"wp:attachment":[{"href":"https:\/\/agora.xtec.cat\/escolametllers\/wp-json\/wp\/v2\/media?parent=13615"}],"wp:term":[{"taxonomy":"category","embeddable":true,"href":"https:\/\/agora.xtec.cat\/escolametllers\/wp-json\/wp\/v2\/categories?post=13615"},{"taxonomy":"post_tag","embeddable":true,"href":"https:\/\/agora.xtec.cat\/escolametllers\/wp-json\/wp\/v2\/tags?post=13615"}],"curies":[{"name":"wp","href":"https:\/\/api.w.org\/{rel}","templated":true}]}}