{"id":13367,"date":"2024-09-09T21:25:38","date_gmt":"2024-09-09T19:25:38","guid":{"rendered":"https:\/\/agora.xtec.cat\/escolametllers\/?p=13367"},"modified":"2024-09-09T21:25:39","modified_gmt":"2024-09-09T19:25:39","slug":"psicomotricitat-fina-2on-trimestre","status":"publish","type":"post","link":"https:\/\/agora.xtec.cat\/escolametllers\/infantil\/psicomotricitat-fina-2on-trimestre\/","title":{"rendered":"PSICOMOTRICITAT FINA 2on TRIMESTRE"},"content":{"rendered":"<p>La psicomotricitat s\u2019uneix a les paraules \u201cpsico\u201d, referint-se a aspectes soci-afectius i cognitius, i \u201cmotricitat\u201d, relacionada amb els moviments corporals del nen. Aquesta fusi\u00f3 de conceptes revela que la psicomotricitat infantil abasta pr\u00e0ctiques i exercicis dissenyats per a fomentar l\u2019afectivitat i l\u2019aprenentatge psicol\u00f2gic a trav\u00e9s de l\u2019activitat f\u00edsica.<\/p>\n<p>Aquesta disciplina \u00e9s vital perqu\u00e8 promou el desenvolupament global del nen, tant en el seu aspecte mental com f\u00edsic. En integrar activitats com la psicomotricitat fina infantil, que s\u2019enfoca en habilitats motores detallades, i la psicomotricitat gruixuda infantil, que implica moviments m\u00e9s amplis, s\u2019assegura un desenvolupament motor infantil complet. A m\u00e9s, el desenvolupament psicomotor en la inf\u00e0ncia \u00e9s fonamental per al creixement hol\u00edstic del nen.<\/p>\n<p style=\"text-align: center;\"><a href=\"https:\/\/photos.app.goo.gl\/8DHhxyM97VAmaQmx8\"><img loading=\"lazy\" decoding=\"async\" class=\"alignnone size-large wp-image-13368\" src=\"https:\/\/agora.xtec.cat\/escolametllers\/wp-content\/uploads\/usu1580\/2024\/03\/IMG_3251-1024x768.jpg\" alt=\"\" width=\"1024\" height=\"768\" \/><\/a><\/p>\n","protected":false},"excerpt":{"rendered":"<p>La psicomotricitat s\u2019uneix a les paraules \u201cpsico\u201d, referint-se a aspectes soci-afectius i cognitius, i \u201cmotricitat\u201d, relacionada amb els moviments corporals del nen. Aquesta fusi\u00f3 de conceptes revela que la psicomotricitat infantil abasta pr\u00e0ctiques i exercicis dissenyats per a fomentar l\u2019afectivitat i l\u2019aprenentatge psicol\u00f2gic a trav\u00e9s de l\u2019activitat f\u00edsica. Aquesta disciplina \u00e9s vital perqu\u00e8 promou el [&hellip;]<\/p>\n","protected":false},"author":103,"featured_media":0,"comment_status":"open","ping_status":"closed","sticky":false,"template":"","format":"standard","meta":{"_bbp_topic_count":0,"_bbp_reply_count":0,"_bbp_total_topic_count":0,"_bbp_total_reply_count":0,"_bbp_voice_count":0,"_bbp_anonymous_reply_count":0,"_bbp_topic_count_hidden":0,"_bbp_reply_count_hidden":0,"_bbp_forum_subforum_count":0,"site-sidebar-layout":"default","site-content-layout":"","ast-site-content-layout":"","site-content-style":"default","site-sidebar-style":"default","ast-global-header-display":"","ast-banner-title-visibility":"","ast-main-header-display":"","ast-hfb-above-header-display":"","ast-hfb-below-header-display":"","ast-hfb-mobile-header-display":"","site-post-title":"","ast-breadcrumbs-content":"","ast-featured-img":"","footer-sml-layout":"","theme-transparent-header-meta":"","adv-header-id-meta":"","stick-header-meta":"","header-above-stick-meta":"","header-main-stick-meta":"","header-below-stick-meta":"","astra-migrate-meta-layouts":"default","ast-page-background-enabled":"default","ast-page-background-meta":{"desktop":{"background-color":"var(--ast-global-color-4)","background-image":"","background-repeat":"repeat","background-position":"center center","background-size":"auto","background-attachment":"scroll","background-type":"","background-media":"","overlay-type":"","overlay-color":"","overlay-opacity":"","overlay-gradient":""},"tablet":{"background-color":"","background-image":"","background-repeat":"repeat","background-position":"center center","background-size":"auto","background-attachment":"scroll","background-type":"","background-media":"","overlay-type":"","overlay-color":"","overlay-opacity":"","overlay-gradient":""},"mobile":{"background-color":"","background-image":"","background-repeat":"repeat","background-position":"center center","background-size":"auto","background-attachment":"scroll","background-type":"","background-media":"","overlay-type":"","overlay-color":"","overlay-opacity":"","overlay-gradient":""}},"ast-content-background-meta":{"desktop":{"background-color":"var(--ast-global-color-5)","background-image":"","background-repeat":"repeat","background-position":"center center","background-size":"auto","background-attachment":"scroll","background-type":"","background-media":"","overlay-type":"","overlay-color":"","overlay-opacity":"","overlay-gradient":""},"tablet":{"background-color":"var(--ast-global-color-5)","background-image":"","background-repeat":"repeat","background-position":"center center","background-size":"auto","background-attachment":"scroll","background-type":"","background-media":"","overlay-type":"","overlay-color":"","overlay-opacity":"","overlay-gradient":""},"mobile":{"background-color":"var(--ast-global-color-5)","background-image":"","background-repeat":"repeat","background-position":"center center","background-size":"auto","background-attachment":"scroll","background-type":"","background-media":"","overlay-type":"","overlay-color":"","overlay-opacity":"","overlay-gradient":""}},"footnotes":""},"categories":[350,279,2],"tags":[18],"class_list":["post-13367","post","type-post","status-publish","format-standard","hentry","category-23-24","category-eia","category-infantil","tag-psicomotricitat"],"post_mailing_queue_ids":[],"_links":{"self":[{"href":"https:\/\/agora.xtec.cat\/escolametllers\/wp-json\/wp\/v2\/posts\/13367","targetHints":{"allow":["GET"]}}],"collection":[{"href":"https:\/\/agora.xtec.cat\/escolametllers\/wp-json\/wp\/v2\/posts"}],"about":[{"href":"https:\/\/agora.xtec.cat\/escolametllers\/wp-json\/wp\/v2\/types\/post"}],"author":[{"embeddable":true,"href":"https:\/\/agora.xtec.cat\/escolametllers\/wp-json\/wp\/v2\/users\/103"}],"replies":[{"embeddable":true,"href":"https:\/\/agora.xtec.cat\/escolametllers\/wp-json\/wp\/v2\/comments?post=13367"}],"version-history":[{"count":1,"href":"https:\/\/agora.xtec.cat\/escolametllers\/wp-json\/wp\/v2\/posts\/13367\/revisions"}],"predecessor-version":[{"id":14236,"href":"https:\/\/agora.xtec.cat\/escolametllers\/wp-json\/wp\/v2\/posts\/13367\/revisions\/14236"}],"wp:attachment":[{"href":"https:\/\/agora.xtec.cat\/escolametllers\/wp-json\/wp\/v2\/media?parent=13367"}],"wp:term":[{"taxonomy":"category","embeddable":true,"href":"https:\/\/agora.xtec.cat\/escolametllers\/wp-json\/wp\/v2\/categories?post=13367"},{"taxonomy":"post_tag","embeddable":true,"href":"https:\/\/agora.xtec.cat\/escolametllers\/wp-json\/wp\/v2\/tags?post=13367"}],"curies":[{"name":"wp","href":"https:\/\/api.w.org\/{rel}","templated":true}]}}