{"id":13317,"date":"2024-04-16T21:25:38","date_gmt":"2024-04-16T19:25:38","guid":{"rendered":"https:\/\/agora.xtec.cat\/escolametllers\/?p=13317"},"modified":"2024-09-10T17:25:37","modified_gmt":"2024-09-10T15:25:37","slug":"taller-de-grafiti-amb-el-victor-escalante","status":"publish","type":"post","link":"https:\/\/agora.xtec.cat\/escolametllers\/portada\/taller-de-grafiti-amb-el-victor-escalante\/","title":{"rendered":"TALLER DE GRAFITI AMB EL V\u00cdCTOR ESCALANTE"},"content":{"rendered":"<p style=\"text-align: justify;\">Grafiti, art o vandalisme? Una forma de con\u00e8ixer aquesta t\u00e8cnica, aprendre sobre les emocions que hi ha al darrere de cada obra, treballar conjuntament per un objectiu com\u00fa, simbolitzar els nostres valors com escola\u2026 han estat alguns dels aprenentatges que hem dut a terme a mans del V\u00edctor Escalante. Ha estat tota una experi\u00e8ncia per l&#8217;alumnat del segon pis!<\/p>\n<p><a href=\"https:\/\/photos.app.goo.gl\/NYNFeJoydKnoeE2p6\"><img loading=\"lazy\" decoding=\"async\" class=\"aligncenter size-medium wp-image-14339\" src=\"https:\/\/agora.xtec.cat\/escolametllers\/wp-content\/uploads\/usu1580\/2024\/09\/Taller-Grafiti-2n-Pis-2024-5-300x300.jpeg\" alt=\"\" width=\"300\" height=\"300\" srcset=\"https:\/\/agora.xtec.cat\/escolametllers\/wp-content\/uploads\/usu1580\/2024\/09\/Taller-Grafiti-2n-Pis-2024-5-300x300.jpeg 300w, https:\/\/agora.xtec.cat\/escolametllers\/wp-content\/uploads\/usu1580\/2024\/09\/Taller-Grafiti-2n-Pis-2024-5-1024x1024.jpeg 1024w, https:\/\/agora.xtec.cat\/escolametllers\/wp-content\/uploads\/usu1580\/2024\/09\/Taller-Grafiti-2n-Pis-2024-5-150x150.jpeg 150w, https:\/\/agora.xtec.cat\/escolametllers\/wp-content\/uploads\/usu1580\/2024\/09\/Taller-Grafiti-2n-Pis-2024-5-768x768.jpeg 768w, https:\/\/agora.xtec.cat\/escolametllers\/wp-content\/uploads\/usu1580\/2024\/09\/Taller-Grafiti-2n-Pis-2024-5.jpeg 1200w\" sizes=\"auto, (max-width: 300px) 100vw, 300px\" \/><\/a><\/p>\n<p>Feu clic al mural per accedir a l&#8217;\u00e0lbum. Esperem que us agradin les fotos!<\/p>\n","protected":false},"excerpt":{"rendered":"<p>Grafiti, art o vandalisme? Una forma de con\u00e8ixer aquesta t\u00e8cnica, aprendre sobre les emocions que hi ha al darrere de cada obra, treballar conjuntament per un objectiu com\u00fa, simbolitzar els nostres valors com escola\u2026 han estat alguns dels aprenentatges que hem dut a terme a mans del V\u00edctor Escalante. Ha estat tota una experi\u00e8ncia per [&hellip;]<\/p>\n","protected":false},"author":1,"featured_media":0,"comment_status":"open","ping_status":"closed","sticky":false,"template":"","format":"standard","meta":{"_bbp_topic_count":0,"_bbp_reply_count":0,"_bbp_total_topic_count":0,"_bbp_total_reply_count":0,"_bbp_voice_count":0,"_bbp_anonymous_reply_count":0,"_bbp_topic_count_hidden":0,"_bbp_reply_count_hidden":0,"_bbp_forum_subforum_count":0,"site-sidebar-layout":"default","site-content-layout":"","ast-site-content-layout":"","site-content-style":"default","site-sidebar-style":"default","ast-global-header-display":"","ast-banner-title-visibility":"","ast-main-header-display":"","ast-hfb-above-header-display":"","ast-hfb-below-header-display":"","ast-hfb-mobile-header-display":"","site-post-title":"","ast-breadcrumbs-content":"","ast-featured-img":"","footer-sml-layout":"","theme-transparent-header-meta":"","adv-header-id-meta":"","stick-header-meta":"","header-above-stick-meta":"","header-main-stick-meta":"","header-below-stick-meta":"","astra-migrate-meta-layouts":"default","ast-page-background-enabled":"default","ast-page-background-meta":{"desktop":{"background-color":"var(--ast-global-color-4)","background-image":"","background-repeat":"repeat","background-position":"center center","background-size":"auto","background-attachment":"scroll","background-type":"","background-media":"","overlay-type":"","overlay-color":"","overlay-opacity":"","overlay-gradient":""},"tablet":{"background-color":"","background-image":"","background-repeat":"repeat","background-position":"center center","background-size":"auto","background-attachment":"scroll","background-type":"","background-media":"","overlay-type":"","overlay-color":"","overlay-opacity":"","overlay-gradient":""},"mobile":{"background-color":"","background-image":"","background-repeat":"repeat","background-position":"center center","background-size":"auto","background-attachment":"scroll","background-type":"","background-media":"","overlay-type":"","overlay-color":"","overlay-opacity":"","overlay-gradient":""}},"ast-content-background-meta":{"desktop":{"background-color":"var(--ast-global-color-5)","background-image":"","background-repeat":"repeat","background-position":"center center","background-size":"auto","background-attachment":"scroll","background-type":"","background-media":"","overlay-type":"","overlay-color":"","overlay-opacity":"","overlay-gradient":""},"tablet":{"background-color":"var(--ast-global-color-5)","background-image":"","background-repeat":"repeat","background-position":"center center","background-size":"auto","background-attachment":"scroll","background-type":"","background-media":"","overlay-type":"","overlay-color":"","overlay-opacity":"","overlay-gradient":""},"mobile":{"background-color":"var(--ast-global-color-5)","background-image":"","background-repeat":"repeat","background-position":"center center","background-size":"auto","background-attachment":"scroll","background-type":"","background-media":"","overlay-type":"","overlay-color":"","overlay-opacity":"","overlay-gradient":""}},"footnotes":""},"categories":[350,4],"tags":[17],"class_list":["post-13317","post","type-post","status-publish","format-standard","hentry","category-23-24","category-portada","tag-art"],"post_mailing_queue_ids":[],"_links":{"self":[{"href":"https:\/\/agora.xtec.cat\/escolametllers\/wp-json\/wp\/v2\/posts\/13317","targetHints":{"allow":["GET"]}}],"collection":[{"href":"https:\/\/agora.xtec.cat\/escolametllers\/wp-json\/wp\/v2\/posts"}],"about":[{"href":"https:\/\/agora.xtec.cat\/escolametllers\/wp-json\/wp\/v2\/types\/post"}],"author":[{"embeddable":true,"href":"https:\/\/agora.xtec.cat\/escolametllers\/wp-json\/wp\/v2\/users\/1"}],"replies":[{"embeddable":true,"href":"https:\/\/agora.xtec.cat\/escolametllers\/wp-json\/wp\/v2\/comments?post=13317"}],"version-history":[{"count":3,"href":"https:\/\/agora.xtec.cat\/escolametllers\/wp-json\/wp\/v2\/posts\/13317\/revisions"}],"predecessor-version":[{"id":14340,"href":"https:\/\/agora.xtec.cat\/escolametllers\/wp-json\/wp\/v2\/posts\/13317\/revisions\/14340"}],"wp:attachment":[{"href":"https:\/\/agora.xtec.cat\/escolametllers\/wp-json\/wp\/v2\/media?parent=13317"}],"wp:term":[{"taxonomy":"category","embeddable":true,"href":"https:\/\/agora.xtec.cat\/escolametllers\/wp-json\/wp\/v2\/categories?post=13317"},{"taxonomy":"post_tag","embeddable":true,"href":"https:\/\/agora.xtec.cat\/escolametllers\/wp-json\/wp\/v2\/tags?post=13317"}],"curies":[{"name":"wp","href":"https:\/\/api.w.org\/{rel}","templated":true}]}}