{"id":13268,"date":"2024-03-16T13:35:42","date_gmt":"2024-03-16T12:35:42","guid":{"rendered":"https:\/\/agora.xtec.cat\/escolametllers\/?p=13268"},"modified":"2024-03-20T14:01:29","modified_gmt":"2024-03-20T13:01:29","slug":"la-musica-desperta-els-nostres-sentits","status":"publish","type":"post","link":"https:\/\/agora.xtec.cat\/escolametllers\/infantil\/la-musica-desperta-els-nostres-sentits\/","title":{"rendered":"LA M\u00daSICA DESPERTA ELS NOSTRES SENTITS"},"content":{"rendered":"<p class=\"western\"><span style=\"font-family: Arial, serif;\"><span style=\"font-size: large;\">Al llarg del 2n trimestre hem continuat dedicant una hora setmanal a l\u2019aprenentatge del llenguatge musical.<\/span><\/span><\/p>\n<p class=\"western\"><span style=\"font-family: Arial, serif;\"><span style=\"font-size: large;\">Durant unes quantes sessions hem parlat dels conceptes <\/span><\/span><span style=\"font-family: Arial, serif;\"><span style=\"font-size: large;\"><b>Fort\/Fluix <\/b><\/span><\/span><span style=\"font-family: Arial, serif;\"><span style=\"font-size: large;\">i ens ha anat molt b\u00e9 treballar-los a partir de l\u2019aprenentatge de dues can\u00e7ons d\u2019estils molt diferents:<\/span><\/span><\/p>\n<ul>\n<li><span style=\"font-family: Arial, serif;\"><span style=\"font-size: large;\"><i>Jo puc cantar fort, jo puc cantar<\/i><\/span><\/span> <span style=\"font-family: Arial, serif;\"><span style=\"font-size: large;\"><i>fluix<\/i><\/span><\/span><span style=\"font-family: Arial, serif;\"><span style=\"font-size: large;\">, de la D\u00e0maris Gelabert.<\/span><\/span><\/li>\n<li><span style=\"font-family: Arial, serif;\"><span style=\"font-size: large;\"><i>Marxa Radetzky<\/i><\/span><\/span><span style=\"font-family: Arial, serif;\"><span style=\"font-size: large;\">, de Johann Strauss.<\/span><\/span><\/li>\n<\/ul>\n<p><span style=\"font-family: Arial, serif;\"><span style=\"font-size: large;\">Treballant aquests conceptes tamb\u00e9 hem apr\u00e8s els s\u00edmbols que serveixen per a identificar-los: <\/span><\/span><\/p>\n<ul>\n<li><span style=\"font-family: Arial, serif;\"><span style=\"font-size: large;\">Fort: Espiral gran.<\/span><\/span><\/li>\n<li><span style=\"font-family: Arial, serif;\"><span style=\"font-size: large;\">Fluix: Espiral petita.<\/span><\/span><\/li>\n<\/ul>\n<p class=\"western\"><span style=\"font-family: Arial, serif;\"><span style=\"font-size: large;\">A partir de la <\/span><\/span><span style=\"font-family: Arial, serif;\"><span style=\"font-size: large;\"><i>Marxa Radetzky<\/i><\/span><\/span><span style=\"font-family: Arial, serif;\"><span style=\"font-size: large;\"> tamb\u00e9 hem ent\u00e8s qu\u00e8 vol dir seguir la <\/span><\/span><span style=\"font-family: Arial, serif;\"><span style=\"font-size: large;\"><b>pulsaci\u00f3 <\/b><\/span><\/span><span style=\"font-family: Arial, serif;\"><span style=\"font-size: large;\">i ho hem fet o b\u00e9<\/span><\/span><i> <\/i><span style=\"font-family: Arial, serif;\"><span style=\"font-size: large;\">picant amb les mans o b\u00e9 amb altres objectes o instruments musicals.<\/span><\/span><\/p>\n<p class=\"western\"><span style=\"font-family: Arial, serif;\"><span style=\"font-size: large;\">Hem memoritzat diferents can\u00e7ons relacionades amb l\u2019hivern, el carnestoltes, el cos&#8230; <\/span><\/span><\/p>\n<p class=\"western\"><span style=\"font-family: Arial, serif;\"><span style=\"font-size: large;\">En motiu de la celebraci\u00f3 del Carnaval, vam aprendre la coreografia del ball que despr\u00e9s vam fer el dia de la cercavila: <\/span><\/span><span style=\"font-family: Arial, serif;\"><span style=\"font-size: large;\"><i>\u201cYo tengo un cuerpo\u201d.<\/i><\/span><\/span><\/p>\n<p class=\"western\"><span style=\"font-family: Arial, serif;\"><span style=\"font-size: large;\">A m\u00e9s tamb\u00e9 hem apr\u00e8s la coreografia d\u2019una can\u00e7\u00f3 que ajuda a treballar la coordinaci\u00f3 dels moviments del cos:\u00a0 <\/span><\/span>\u201c<span style=\"font-family: Arial, serif;\"><span style=\"font-size: large;\"><i>Cap, panxa, genolls i peus\u201d.<\/i><\/span><\/span><\/p>\n<p class=\"western\"><span style=\"font-family: Arial, serif;\"><span style=\"font-size: large;\">Durant les darreres setmanes del trimestre hem dedicat unes quantes sessions a aprendre i practicar les <\/span><\/span><span style=\"font-family: Arial, serif;\"><span style=\"font-size: large;\"><b>Caramelles. <\/b><\/span><\/span><span style=\"font-family: Arial, serif;\"><span style=\"font-size: large;\">El t\u00edtol de la can\u00e7\u00f3 que cantem els infants d\u2019EI3 i EI4 \u00e9s: <\/span><\/span>\u201c<span style=\"font-family: Arial, serif;\"><span style=\"font-size: large;\"><i>Som els petits de l\u2019Escola Ametllers<\/i><\/span><\/span><span style=\"font-family: Arial, serif;\"><span style=\"font-size: large;\">\u201d.<\/span><\/span><\/p>\n<p class=\"western\"><span style=\"font-family: Arial, serif;\"><span style=\"font-size: large;\">I, com no podia ser d\u2019altra manera, en algunes sessions hem gaudit dels instruments que tenim a l\u2019escola: caixes xineses, triangles, cascavells, panderos, maraques, campanes, etc.<\/span><\/span><\/p>\n<p class=\"western\"><span style=\"font-family: Arial, serif;\"><span style=\"font-size: large;\">A les hores de m\u00fasica, com podeu veure, hem gaudit molt\u00edssim!<\/span><\/span><\/p>\n<p><a href=\"https:\/\/photos.app.goo.gl\/8D39c3MCM58qmmMUA\"><img loading=\"lazy\" decoding=\"async\" class=\"wp-image-13311 aligncenter\" src=\"https:\/\/agora.xtec.cat\/escolametllers\/wp-content\/uploads\/usu1580\/2024\/03\/IMG_20240115_154828-1024x768.jpg\" alt=\"\" width=\"712\" height=\"534\" srcset=\"https:\/\/agora.xtec.cat\/escolametllers\/wp-content\/uploads\/usu1580\/2024\/03\/IMG_20240115_154828-1024x768.jpg 1024w, https:\/\/agora.xtec.cat\/escolametllers\/wp-content\/uploads\/usu1580\/2024\/03\/IMG_20240115_154828-300x225.jpg 300w, https:\/\/agora.xtec.cat\/escolametllers\/wp-content\/uploads\/usu1580\/2024\/03\/IMG_20240115_154828-768x576.jpg 768w, https:\/\/agora.xtec.cat\/escolametllers\/wp-content\/uploads\/usu1580\/2024\/03\/IMG_20240115_154828-200x150.jpg 200w, https:\/\/agora.xtec.cat\/escolametllers\/wp-content\/uploads\/usu1580\/2024\/03\/IMG_20240115_154828.jpg 1500w\" sizes=\"auto, (max-width: 712px) 100vw, 712px\" \/><\/a><\/p>\n<p>&nbsp;<\/p>\n","protected":false},"excerpt":{"rendered":"<p>Al llarg del 2n trimestre hem continuat dedicant una hora setmanal a l\u2019aprenentatge del llenguatge musical. Durant unes quantes sessions hem parlat dels conceptes Fort\/Fluix i ens ha anat molt b\u00e9 treballar-los a partir de l\u2019aprenentatge de dues can\u00e7ons d\u2019estils molt diferents: Jo puc cantar fort, jo puc cantar fluix, de la D\u00e0maris Gelabert. Marxa [&hellip;]<\/p>\n","protected":false},"author":46,"featured_media":0,"comment_status":"open","ping_status":"closed","sticky":false,"template":"","format":"standard","meta":{"_bbp_topic_count":0,"_bbp_reply_count":0,"_bbp_total_topic_count":0,"_bbp_total_reply_count":0,"_bbp_voice_count":0,"_bbp_anonymous_reply_count":0,"_bbp_topic_count_hidden":0,"_bbp_reply_count_hidden":0,"_bbp_forum_subforum_count":0,"site-sidebar-layout":"default","site-content-layout":"","ast-site-content-layout":"","site-content-style":"default","site-sidebar-style":"default","ast-global-header-display":"","ast-banner-title-visibility":"","ast-main-header-display":"","ast-hfb-above-header-display":"","ast-hfb-below-header-display":"","ast-hfb-mobile-header-display":"","site-post-title":"","ast-breadcrumbs-content":"","ast-featured-img":"","footer-sml-layout":"","theme-transparent-header-meta":"","adv-header-id-meta":"","stick-header-meta":"","header-above-stick-meta":"","header-main-stick-meta":"","header-below-stick-meta":"","astra-migrate-meta-layouts":"default","ast-page-background-enabled":"default","ast-page-background-meta":{"desktop":{"background-color":"var(--ast-global-color-4)","background-image":"","background-repeat":"repeat","background-position":"center center","background-size":"auto","background-attachment":"scroll","background-type":"","background-media":"","overlay-type":"","overlay-color":"","overlay-opacity":"","overlay-gradient":""},"tablet":{"background-color":"","background-image":"","background-repeat":"repeat","background-position":"center center","background-size":"auto","background-attachment":"scroll","background-type":"","background-media":"","overlay-type":"","overlay-color":"","overlay-opacity":"","overlay-gradient":""},"mobile":{"background-color":"","background-image":"","background-repeat":"repeat","background-position":"center center","background-size":"auto","background-attachment":"scroll","background-type":"","background-media":"","overlay-type":"","overlay-color":"","overlay-opacity":"","overlay-gradient":""}},"ast-content-background-meta":{"desktop":{"background-color":"var(--ast-global-color-5)","background-image":"","background-repeat":"repeat","background-position":"center center","background-size":"auto","background-attachment":"scroll","background-type":"","background-media":"","overlay-type":"","overlay-color":"","overlay-opacity":"","overlay-gradient":""},"tablet":{"background-color":"var(--ast-global-color-5)","background-image":"","background-repeat":"repeat","background-position":"center center","background-size":"auto","background-attachment":"scroll","background-type":"","background-media":"","overlay-type":"","overlay-color":"","overlay-opacity":"","overlay-gradient":""},"mobile":{"background-color":"var(--ast-global-color-5)","background-image":"","background-repeat":"repeat","background-position":"center center","background-size":"auto","background-attachment":"scroll","background-type":"","background-media":"","overlay-type":"","overlay-color":"","overlay-opacity":"","overlay-gradient":""}},"footnotes":""},"categories":[350,280,2],"tags":[90],"class_list":["post-13268","post","type-post","status-publish","format-standard","hentry","category-23-24","category-eib","category-infantil","tag-musica"],"post_mailing_queue_ids":[],"_links":{"self":[{"href":"https:\/\/agora.xtec.cat\/escolametllers\/wp-json\/wp\/v2\/posts\/13268","targetHints":{"allow":["GET"]}}],"collection":[{"href":"https:\/\/agora.xtec.cat\/escolametllers\/wp-json\/wp\/v2\/posts"}],"about":[{"href":"https:\/\/agora.xtec.cat\/escolametllers\/wp-json\/wp\/v2\/types\/post"}],"author":[{"embeddable":true,"href":"https:\/\/agora.xtec.cat\/escolametllers\/wp-json\/wp\/v2\/users\/46"}],"replies":[{"embeddable":true,"href":"https:\/\/agora.xtec.cat\/escolametllers\/wp-json\/wp\/v2\/comments?post=13268"}],"version-history":[{"count":6,"href":"https:\/\/agora.xtec.cat\/escolametllers\/wp-json\/wp\/v2\/posts\/13268\/revisions"}],"predecessor-version":[{"id":13366,"href":"https:\/\/agora.xtec.cat\/escolametllers\/wp-json\/wp\/v2\/posts\/13268\/revisions\/13366"}],"wp:attachment":[{"href":"https:\/\/agora.xtec.cat\/escolametllers\/wp-json\/wp\/v2\/media?parent=13268"}],"wp:term":[{"taxonomy":"category","embeddable":true,"href":"https:\/\/agora.xtec.cat\/escolametllers\/wp-json\/wp\/v2\/categories?post=13268"},{"taxonomy":"post_tag","embeddable":true,"href":"https:\/\/agora.xtec.cat\/escolametllers\/wp-json\/wp\/v2\/tags?post=13268"}],"curies":[{"name":"wp","href":"https:\/\/api.w.org\/{rel}","templated":true}]}}