{"id":13145,"date":"2024-02-22T16:17:38","date_gmt":"2024-02-22T15:17:38","guid":{"rendered":"https:\/\/agora.xtec.cat\/escolametllers\/?p=13145"},"modified":"2024-02-22T16:17:38","modified_gmt":"2024-02-22T15:17:38","slug":"visita-de-lescriptor-joan-de-deu-prats","status":"publish","type":"post","link":"https:\/\/agora.xtec.cat\/escolametllers\/primaria\/visita-de-lescriptor-joan-de-deu-prats\/","title":{"rendered":"VISITA DE L&#8217;ESCRIPTOR JOAN DE D\u00c9U PRATS"},"content":{"rendered":"<p>Dilluns vam tenir la visita de l&#8217;escriptor Joan de D\u00e9u Prat, autor del llibre que hem estat llegint, L&#8217;\u00faltim Monstre. Ens ha explicat com s&#8217;inspira per escriure els seus llibres i com fa volar la seva imaginaci\u00f3. La sessi\u00f3 ha acabat firmant-nos el llibre perqu\u00e8 tots i totes tinguem un record d&#8217;aquesta visita tan especial. Aquesta visita es fa gr\u00e0cies a l\u2019acord amb l\u2019editorial Animallibres, que ens ofereix la visita dels autors\/es i il\u00b7lustradors\/es perqu\u00e8 l\u2019alumnat conegui de m\u00e9s a prop com es crea un conte i aix\u00ed tamb\u00e9 fomentar la lectura. Ha sigut una experi\u00e8ncia molt interessant, ja que tamb\u00e9 hem pogut fer-li preguntes que hav\u00edem preparat a l&#8217;aula pr\u00e8viament, sobre la seva vida com a escriptor i tamb\u00e9 dubtes que havien sorgit sobre el conte.<\/p>\n<p><a href=\"https:\/\/photos.app.goo.gl\/fowe9524EaHtAqrZ6\"><img loading=\"lazy\" decoding=\"async\" class=\"alignnone size-large wp-image-13146\" src=\"https:\/\/agora.xtec.cat\/escolametllers\/wp-content\/uploads\/usu1580\/2024\/02\/Joan-de-deu-prats-1024x768.jpg\" alt=\"\" width=\"1024\" height=\"768\" srcset=\"https:\/\/agora.xtec.cat\/escolametllers\/wp-content\/uploads\/usu1580\/2024\/02\/Joan-de-deu-prats-1024x768.jpg 1024w, https:\/\/agora.xtec.cat\/escolametllers\/wp-content\/uploads\/usu1580\/2024\/02\/Joan-de-deu-prats-300x225.jpg 300w, https:\/\/agora.xtec.cat\/escolametllers\/wp-content\/uploads\/usu1580\/2024\/02\/Joan-de-deu-prats-768x576.jpg 768w, https:\/\/agora.xtec.cat\/escolametllers\/wp-content\/uploads\/usu1580\/2024\/02\/Joan-de-deu-prats-200x150.jpg 200w, https:\/\/agora.xtec.cat\/escolametllers\/wp-content\/uploads\/usu1580\/2024\/02\/Joan-de-deu-prats.jpg 1118w\" sizes=\"auto, (max-width: 1024px) 100vw, 1024px\" \/><\/a><\/p>\n","protected":false},"excerpt":{"rendered":"<p>Dilluns vam tenir la visita de l&#8217;escriptor Joan de D\u00e9u Prat, autor del llibre que hem estat llegint, L&#8217;\u00faltim Monstre. Ens ha explicat com s&#8217;inspira per escriure els seus llibres i com fa volar la seva imaginaci\u00f3. La sessi\u00f3 ha acabat firmant-nos el llibre perqu\u00e8 tots i totes tinguem un record d&#8217;aquesta visita tan especial. [&hellip;]<\/p>\n","protected":false},"author":55,"featured_media":0,"comment_status":"closed","ping_status":"closed","sticky":false,"template":"","format":"standard","meta":{"_bbp_topic_count":0,"_bbp_reply_count":0,"_bbp_total_topic_count":0,"_bbp_total_reply_count":0,"_bbp_voice_count":0,"_bbp_anonymous_reply_count":0,"_bbp_topic_count_hidden":0,"_bbp_reply_count_hidden":0,"_bbp_forum_subforum_count":0,"site-sidebar-layout":"default","site-content-layout":"","ast-site-content-layout":"","site-content-style":"default","site-sidebar-style":"default","ast-global-header-display":"","ast-banner-title-visibility":"","ast-main-header-display":"","ast-hfb-above-header-display":"","ast-hfb-below-header-display":"","ast-hfb-mobile-header-display":"","site-post-title":"","ast-breadcrumbs-content":"","ast-featured-img":"","footer-sml-layout":"","theme-transparent-header-meta":"","adv-header-id-meta":"","stick-header-meta":"","header-above-stick-meta":"","header-main-stick-meta":"","header-below-stick-meta":"","astra-migrate-meta-layouts":"default","ast-page-background-enabled":"default","ast-page-background-meta":{"desktop":{"background-color":"var(--ast-global-color-4)","background-image":"","background-repeat":"repeat","background-position":"center center","background-size":"auto","background-attachment":"scroll","background-type":"","background-media":"","overlay-type":"","overlay-color":"","overlay-opacity":"","overlay-gradient":""},"tablet":{"background-color":"","background-image":"","background-repeat":"repeat","background-position":"center center","background-size":"auto","background-attachment":"scroll","background-type":"","background-media":"","overlay-type":"","overlay-color":"","overlay-opacity":"","overlay-gradient":""},"mobile":{"background-color":"","background-image":"","background-repeat":"repeat","background-position":"center center","background-size":"auto","background-attachment":"scroll","background-type":"","background-media":"","overlay-type":"","overlay-color":"","overlay-opacity":"","overlay-gradient":""}},"ast-content-background-meta":{"desktop":{"background-color":"var(--ast-global-color-5)","background-image":"","background-repeat":"repeat","background-position":"center center","background-size":"auto","background-attachment":"scroll","background-type":"","background-media":"","overlay-type":"","overlay-color":"","overlay-opacity":"","overlay-gradient":""},"tablet":{"background-color":"var(--ast-global-color-5)","background-image":"","background-repeat":"repeat","background-position":"center center","background-size":"auto","background-attachment":"scroll","background-type":"","background-media":"","overlay-type":"","overlay-color":"","overlay-opacity":"","overlay-gradient":""},"mobile":{"background-color":"var(--ast-global-color-5)","background-image":"","background-repeat":"repeat","background-position":"center center","background-size":"auto","background-attachment":"scroll","background-type":"","background-media":"","overlay-type":"","overlay-color":"","overlay-opacity":"","overlay-gradient":""}},"footnotes":""},"categories":[350,5,9,71],"tags":[232,303,212],"class_list":["post-13145","post","type-post","status-publish","format-standard","hentry","category-23-24","category-primaria","category-prom16a","category-prom16b","tag-experiencies","tag-lectura","tag-llengua"],"post_mailing_queue_ids":[],"_links":{"self":[{"href":"https:\/\/agora.xtec.cat\/escolametllers\/wp-json\/wp\/v2\/posts\/13145","targetHints":{"allow":["GET"]}}],"collection":[{"href":"https:\/\/agora.xtec.cat\/escolametllers\/wp-json\/wp\/v2\/posts"}],"about":[{"href":"https:\/\/agora.xtec.cat\/escolametllers\/wp-json\/wp\/v2\/types\/post"}],"author":[{"embeddable":true,"href":"https:\/\/agora.xtec.cat\/escolametllers\/wp-json\/wp\/v2\/users\/55"}],"replies":[{"embeddable":true,"href":"https:\/\/agora.xtec.cat\/escolametllers\/wp-json\/wp\/v2\/comments?post=13145"}],"version-history":[{"count":1,"href":"https:\/\/agora.xtec.cat\/escolametllers\/wp-json\/wp\/v2\/posts\/13145\/revisions"}],"predecessor-version":[{"id":13147,"href":"https:\/\/agora.xtec.cat\/escolametllers\/wp-json\/wp\/v2\/posts\/13145\/revisions\/13147"}],"wp:attachment":[{"href":"https:\/\/agora.xtec.cat\/escolametllers\/wp-json\/wp\/v2\/media?parent=13145"}],"wp:term":[{"taxonomy":"category","embeddable":true,"href":"https:\/\/agora.xtec.cat\/escolametllers\/wp-json\/wp\/v2\/categories?post=13145"},{"taxonomy":"post_tag","embeddable":true,"href":"https:\/\/agora.xtec.cat\/escolametllers\/wp-json\/wp\/v2\/tags?post=13145"}],"curies":[{"name":"wp","href":"https:\/\/api.w.org\/{rel}","templated":true}]}}