{"id":13089,"date":"2024-09-09T21:25:11","date_gmt":"2024-09-09T19:25:11","guid":{"rendered":"https:\/\/agora.xtec.cat\/escolametllers\/?p=13089"},"modified":"2024-09-09T21:25:11","modified_gmt":"2024-09-09T19:25:11","slug":"fem-una-instancia-per-sol%c2%b7licitar-el-nif-a-lajuntament","status":"publish","type":"post","link":"https:\/\/agora.xtec.cat\/escolametllers\/primaria\/fem-una-instancia-per-sol%c2%b7licitar-el-nif-a-lajuntament\/","title":{"rendered":"FEM UNA INST\u00c0NCIA PER SOL\u00b7LICITAR EL NIF A L&#8217;AJUNTAMENT"},"content":{"rendered":"<p style=\"text-align: justify;\">Avui, les classes de cinqu\u00e8 hem anat a l&#8217;Ajuntament amb motiu de l&#8217;entrega de la Inst\u00e0ncia per registrar les nostres Empreses Cooperatives, dins del projecte d&#8217;Emprenedoria, i obtenir aix\u00ed un NIF per fer-les oficials.<\/p>\n<p><a href=\"https:\/\/photos.app.goo.gl\/ZStY65tED9AomNcV7\"><img loading=\"lazy\" decoding=\"async\" class=\"aligncenter size-large wp-image-13090\" src=\"https:\/\/agora.xtec.cat\/escolametllers\/wp-content\/uploads\/usu1580\/2024\/02\/Instancia-a-lAjuntament-5e-AB-7-1024x768.jpeg\" alt=\"\" width=\"1024\" height=\"768\" \/><\/a><\/p>\n<p style=\"text-align: justify;\">Ens han rebut l&#8217;Eva Pellicer, coordinadora, i l&#8217;alcalde de Sant Joan de Vilatorrada, Jordi Solernou i els hem pogut explicar les Cooperatives que hem format: N.E.U. (5\u00e8 A) i SANGRACOOP (5\u00e8 B). Ens han ajudat a resoldre diversos dubtes que ten\u00edem i hem pogut negociar alguns termes de la paradeta que muntarem pr\u00f2ximament al Mercat municipal.<\/p>\n<p style=\"text-align: justify;\">Ha sigut una visita molt edificant i en la que hem apr\u00e8s molts aspectes sobre la gesti\u00f3 econ\u00f2mica del poble i el funcionament general del nostre Ajuntament.<\/p>\n","protected":false},"excerpt":{"rendered":"<p>Avui, les classes de cinqu\u00e8 hem anat a l&#8217;Ajuntament amb motiu de l&#8217;entrega de la Inst\u00e0ncia per registrar les nostres Empreses Cooperatives, dins del projecte d&#8217;Emprenedoria, i obtenir aix\u00ed un NIF per fer-les oficials. Ens han rebut l&#8217;Eva Pellicer, coordinadora, i l&#8217;alcalde de Sant Joan de Vilatorrada, Jordi Solernou i els hem pogut explicar les [&hellip;]<\/p>\n","protected":false},"author":1,"featured_media":0,"comment_status":"open","ping_status":"closed","sticky":false,"template":"","format":"standard","meta":{"_bbp_topic_count":0,"_bbp_reply_count":0,"_bbp_total_topic_count":0,"_bbp_total_reply_count":0,"_bbp_voice_count":0,"_bbp_anonymous_reply_count":0,"_bbp_topic_count_hidden":0,"_bbp_reply_count_hidden":0,"_bbp_forum_subforum_count":0,"site-sidebar-layout":"default","site-content-layout":"","ast-site-content-layout":"","site-content-style":"default","site-sidebar-style":"default","ast-global-header-display":"","ast-banner-title-visibility":"","ast-main-header-display":"","ast-hfb-above-header-display":"","ast-hfb-below-header-display":"","ast-hfb-mobile-header-display":"","site-post-title":"","ast-breadcrumbs-content":"","ast-featured-img":"","footer-sml-layout":"","theme-transparent-header-meta":"","adv-header-id-meta":"","stick-header-meta":"","header-above-stick-meta":"","header-main-stick-meta":"","header-below-stick-meta":"","astra-migrate-meta-layouts":"default","ast-page-background-enabled":"default","ast-page-background-meta":{"desktop":{"background-color":"var(--ast-global-color-4)","background-image":"","background-repeat":"repeat","background-position":"center center","background-size":"auto","background-attachment":"scroll","background-type":"","background-media":"","overlay-type":"","overlay-color":"","overlay-opacity":"","overlay-gradient":""},"tablet":{"background-color":"","background-image":"","background-repeat":"repeat","background-position":"center center","background-size":"auto","background-attachment":"scroll","background-type":"","background-media":"","overlay-type":"","overlay-color":"","overlay-opacity":"","overlay-gradient":""},"mobile":{"background-color":"","background-image":"","background-repeat":"repeat","background-position":"center center","background-size":"auto","background-attachment":"scroll","background-type":"","background-media":"","overlay-type":"","overlay-color":"","overlay-opacity":"","overlay-gradient":""}},"ast-content-background-meta":{"desktop":{"background-color":"var(--ast-global-color-5)","background-image":"","background-repeat":"repeat","background-position":"center center","background-size":"auto","background-attachment":"scroll","background-type":"","background-media":"","overlay-type":"","overlay-color":"","overlay-opacity":"","overlay-gradient":""},"tablet":{"background-color":"var(--ast-global-color-5)","background-image":"","background-repeat":"repeat","background-position":"center center","background-size":"auto","background-attachment":"scroll","background-type":"","background-media":"","overlay-type":"","overlay-color":"","overlay-opacity":"","overlay-gradient":""},"mobile":{"background-color":"var(--ast-global-color-5)","background-image":"","background-repeat":"repeat","background-position":"center center","background-size":"auto","background-attachment":"scroll","background-type":"","background-media":"","overlay-type":"","overlay-color":"","overlay-opacity":"","overlay-gradient":""}},"footnotes":""},"categories":[350,5,12,75],"tags":[225,204],"class_list":["post-13089","post","type-post","status-publish","format-standard","hentry","category-23-24","category-primaria","category-prom13a","category-prom13b","tag-cooperativa","tag-projectes"],"post_mailing_queue_ids":[],"_links":{"self":[{"href":"https:\/\/agora.xtec.cat\/escolametllers\/wp-json\/wp\/v2\/posts\/13089","targetHints":{"allow":["GET"]}}],"collection":[{"href":"https:\/\/agora.xtec.cat\/escolametllers\/wp-json\/wp\/v2\/posts"}],"about":[{"href":"https:\/\/agora.xtec.cat\/escolametllers\/wp-json\/wp\/v2\/types\/post"}],"author":[{"embeddable":true,"href":"https:\/\/agora.xtec.cat\/escolametllers\/wp-json\/wp\/v2\/users\/1"}],"replies":[{"embeddable":true,"href":"https:\/\/agora.xtec.cat\/escolametllers\/wp-json\/wp\/v2\/comments?post=13089"}],"version-history":[{"count":1,"href":"https:\/\/agora.xtec.cat\/escolametllers\/wp-json\/wp\/v2\/posts\/13089\/revisions"}],"predecessor-version":[{"id":14251,"href":"https:\/\/agora.xtec.cat\/escolametllers\/wp-json\/wp\/v2\/posts\/13089\/revisions\/14251"}],"wp:attachment":[{"href":"https:\/\/agora.xtec.cat\/escolametllers\/wp-json\/wp\/v2\/media?parent=13089"}],"wp:term":[{"taxonomy":"category","embeddable":true,"href":"https:\/\/agora.xtec.cat\/escolametllers\/wp-json\/wp\/v2\/categories?post=13089"},{"taxonomy":"post_tag","embeddable":true,"href":"https:\/\/agora.xtec.cat\/escolametllers\/wp-json\/wp\/v2\/tags?post=13089"}],"curies":[{"name":"wp","href":"https:\/\/api.w.org\/{rel}","templated":true}]}}