{"id":13036,"date":"2024-02-10T19:59:37","date_gmt":"2024-02-10T18:59:37","guid":{"rendered":"https:\/\/agora.xtec.cat\/escolametllers\/?p=13036"},"modified":"2024-02-10T20:02:33","modified_gmt":"2024-02-10T19:02:33","slug":"carnestoltes-ei5","status":"publish","type":"post","link":"https:\/\/agora.xtec.cat\/escolametllers\/primaria\/prom18\/carnestoltes-ei5\/","title":{"rendered":"EL CARNESTOLTES"},"content":{"rendered":"<p style=\"text-align: left;\">Bona tarda fam\u00edlies,<\/p>\n<p style=\"text-align: left;\">hem acabat una setmana de disbauxa i de diversi\u00f3 a l&#8217;escola, la setmana del Carnestoltes!<\/p>\n<p style=\"text-align: left;\">Cada mat\u00ed els infants venien guarnits amb les consignes donades: amb pijama, amb un pentinat estrafolari, ben guarnits i amb una disfressa lliure.<\/p>\n<p style=\"text-align: left;\">Durant aquests dies els nens i les nenes han dut a terme diferents propostes envers la festa: els racons de llengua i de matem\u00e0tiques relacionats amb aquest \u00e0mbit, una tarda va venir el Joan, el mestre de m\u00fasica, a cantar-nos can\u00e7ons amb la guitarra, la sessi\u00f3 de psicomotricitat va estar dedicada a jugar amb el confeti i vam crear unes boniques i fant\u00e0stiques m\u00e0scares.<\/p>\n<p style=\"text-align: left;\">Tamb\u00e9 vam celebrar el dijous llarder, i vam acabar divendres a la tarda fent la rua pels voltants de l&#8217;escola.<\/p>\n<p style=\"text-align: left;\">Aqu\u00ed us deixo un recull d&#8217;imatges:<\/p>\n<p><a href=\"https:\/\/photos.app.goo.gl\/QaG2cH45ePv6BFj8A\"><img loading=\"lazy\" decoding=\"async\" class=\"alignnone wp-image-13037\" src=\"https:\/\/agora.xtec.cat\/escolametllers\/wp-content\/uploads\/usu1580\/2024\/02\/IMG_6946-2-1024x792.jpg\" alt=\"\" width=\"720\" height=\"557\" srcset=\"https:\/\/agora.xtec.cat\/escolametllers\/wp-content\/uploads\/usu1580\/2024\/02\/IMG_6946-2-1024x792.jpg 1024w, https:\/\/agora.xtec.cat\/escolametllers\/wp-content\/uploads\/usu1580\/2024\/02\/IMG_6946-2-300x232.jpg 300w, https:\/\/agora.xtec.cat\/escolametllers\/wp-content\/uploads\/usu1580\/2024\/02\/IMG_6946-2-768x594.jpg 768w, https:\/\/agora.xtec.cat\/escolametllers\/wp-content\/uploads\/usu1580\/2024\/02\/IMG_6946-2-1536x1189.jpg 1536w, https:\/\/agora.xtec.cat\/escolametllers\/wp-content\/uploads\/usu1580\/2024\/02\/IMG_6946-2-2048x1585.jpg 2048w\" sizes=\"auto, (max-width: 720px) 100vw, 720px\" \/><\/a><\/p>\n","protected":false},"excerpt":{"rendered":"<p>Bona tarda fam\u00edlies, hem acabat una setmana de disbauxa i de diversi\u00f3 a l&#8217;escola, la setmana del Carnestoltes! Cada mat\u00ed els infants venien guarnits amb les consignes donades: amb pijama, amb un pentinat estrafolari, ben guarnits i amb una disfressa lliure. Durant aquests dies els nens i les nenes han dut a terme diferents propostes [&hellip;]<\/p>\n","protected":false},"author":86,"featured_media":0,"comment_status":"open","ping_status":"closed","sticky":false,"template":"","format":"standard","meta":{"_bbp_topic_count":0,"_bbp_reply_count":0,"_bbp_total_topic_count":0,"_bbp_total_reply_count":0,"_bbp_voice_count":0,"_bbp_anonymous_reply_count":0,"_bbp_topic_count_hidden":0,"_bbp_reply_count_hidden":0,"_bbp_forum_subforum_count":0,"site-sidebar-layout":"default","site-content-layout":"","ast-site-content-layout":"","site-content-style":"default","site-sidebar-style":"default","ast-global-header-display":"","ast-banner-title-visibility":"","ast-main-header-display":"","ast-hfb-above-header-display":"","ast-hfb-below-header-display":"","ast-hfb-mobile-header-display":"","site-post-title":"","ast-breadcrumbs-content":"","ast-featured-img":"","footer-sml-layout":"","theme-transparent-header-meta":"","adv-header-id-meta":"","stick-header-meta":"","header-above-stick-meta":"","header-main-stick-meta":"","header-below-stick-meta":"","astra-migrate-meta-layouts":"default","ast-page-background-enabled":"default","ast-page-background-meta":{"desktop":{"background-color":"var(--ast-global-color-4)","background-image":"","background-repeat":"repeat","background-position":"center center","background-size":"auto","background-attachment":"scroll","background-type":"","background-media":"","overlay-type":"","overlay-color":"","overlay-opacity":"","overlay-gradient":""},"tablet":{"background-color":"","background-image":"","background-repeat":"repeat","background-position":"center center","background-size":"auto","background-attachment":"scroll","background-type":"","background-media":"","overlay-type":"","overlay-color":"","overlay-opacity":"","overlay-gradient":""},"mobile":{"background-color":"","background-image":"","background-repeat":"repeat","background-position":"center center","background-size":"auto","background-attachment":"scroll","background-type":"","background-media":"","overlay-type":"","overlay-color":"","overlay-opacity":"","overlay-gradient":""}},"ast-content-background-meta":{"desktop":{"background-color":"var(--ast-global-color-5)","background-image":"","background-repeat":"repeat","background-position":"center center","background-size":"auto","background-attachment":"scroll","background-type":"","background-media":"","overlay-type":"","overlay-color":"","overlay-opacity":"","overlay-gradient":""},"tablet":{"background-color":"var(--ast-global-color-5)","background-image":"","background-repeat":"repeat","background-position":"center center","background-size":"auto","background-attachment":"scroll","background-type":"","background-media":"","overlay-type":"","overlay-color":"","overlay-opacity":"","overlay-gradient":""},"mobile":{"background-color":"var(--ast-global-color-5)","background-image":"","background-repeat":"repeat","background-position":"center center","background-size":"auto","background-attachment":"scroll","background-type":"","background-media":"","overlay-type":"","overlay-color":"","overlay-opacity":"","overlay-gradient":""}},"footnotes":""},"categories":[351],"tags":[229],"class_list":["post-13036","post","type-post","status-publish","format-standard","hentry","category-prom18","tag-carnestoltes"],"post_mailing_queue_ids":[],"_links":{"self":[{"href":"https:\/\/agora.xtec.cat\/escolametllers\/wp-json\/wp\/v2\/posts\/13036","targetHints":{"allow":["GET"]}}],"collection":[{"href":"https:\/\/agora.xtec.cat\/escolametllers\/wp-json\/wp\/v2\/posts"}],"about":[{"href":"https:\/\/agora.xtec.cat\/escolametllers\/wp-json\/wp\/v2\/types\/post"}],"author":[{"embeddable":true,"href":"https:\/\/agora.xtec.cat\/escolametllers\/wp-json\/wp\/v2\/users\/86"}],"replies":[{"embeddable":true,"href":"https:\/\/agora.xtec.cat\/escolametllers\/wp-json\/wp\/v2\/comments?post=13036"}],"version-history":[{"count":3,"href":"https:\/\/agora.xtec.cat\/escolametllers\/wp-json\/wp\/v2\/posts\/13036\/revisions"}],"predecessor-version":[{"id":13040,"href":"https:\/\/agora.xtec.cat\/escolametllers\/wp-json\/wp\/v2\/posts\/13036\/revisions\/13040"}],"wp:attachment":[{"href":"https:\/\/agora.xtec.cat\/escolametllers\/wp-json\/wp\/v2\/media?parent=13036"}],"wp:term":[{"taxonomy":"category","embeddable":true,"href":"https:\/\/agora.xtec.cat\/escolametllers\/wp-json\/wp\/v2\/categories?post=13036"},{"taxonomy":"post_tag","embeddable":true,"href":"https:\/\/agora.xtec.cat\/escolametllers\/wp-json\/wp\/v2\/tags?post=13036"}],"curies":[{"name":"wp","href":"https:\/\/api.w.org\/{rel}","templated":true}]}}