{"id":12951,"date":"2024-09-09T21:25:10","date_gmt":"2024-09-09T19:25:10","guid":{"rendered":"https:\/\/agora.xtec.cat\/escolametllers\/?p=12951"},"modified":"2024-09-09T21:25:10","modified_gmt":"2024-09-09T19:25:10","slug":"compartim-el-projecte-amb-la-classe-de-les-abracades","status":"publish","type":"post","link":"https:\/\/agora.xtec.cat\/escolametllers\/infantil\/compartim-el-projecte-amb-la-classe-de-les-abracades\/","title":{"rendered":"COMPARTIM EL PROJECTE AMB LA CLASSE DE LES ABRA\u00c7ADES"},"content":{"rendered":"<p style=\"text-align: justify;\">Ahir, la classe de les Abra\u00e7ades i la classe de la Sang ens vam trobar per parlar junts sobre el funcionament del cor. Com que a 5\u00e8 B ja tenim el projecte gaireb\u00e9 acabat i a la classe d&#8217;EI-B tenien alguns dubtes, ens vam trobar per fer plegats una petita activitat.<\/p>\n<p><a href=\"https:\/\/photos.app.goo.gl\/8DJ43BfzS7bAk9uu7\"><img loading=\"lazy\" decoding=\"async\" class=\"aligncenter size-large wp-image-12978\" src=\"https:\/\/agora.xtec.cat\/escolametllers\/wp-content\/uploads\/usu1580\/2024\/01\/Compartim-projecte-EIB-5e-B-17-1024x768.jpeg\" alt=\"\" width=\"1024\" height=\"768\" \/><\/a><\/p>\n<p style=\"text-align: justify;\"><span style=\"font-family: inherit; font-size: 1em;\">Vam veure un v\u00eddeo que els grans van elaborar on s&#8217;explica com entra i surt la sang quan passa del cor. <span style=\"text-decoration: underline;\"><strong><a href=\"https:\/\/www.instagram.com\/p\/CztSiQeoxYo\/\">FEU CLIC AQU\u00cd PER VEURE EL V\u00cdDEO<\/a><\/strong><\/span><\/span><\/p>\n<p style=\"text-align: justify;\">La funci\u00f3 del cor \u00e9s bombar la sang i fer-la circular per tot el cos. Sab\u00edeu que canvia de color? L&#8217;oxigen la fa m\u00e9s clara i vermellosa.<\/p>\n<p>Per concloure l&#8217;experi\u00e8ncia, hem fet un dibuix del cor on es poden veure les diferents parts i com hi circula la sang.<\/p>\n","protected":false},"excerpt":{"rendered":"<p>Ahir, la classe de les Abra\u00e7ades i la classe de la Sang ens vam trobar per parlar junts sobre el funcionament del cor. Com que a 5\u00e8 B ja tenim el projecte gaireb\u00e9 acabat i a la classe d&#8217;EI-B tenien alguns dubtes, ens vam trobar per fer plegats una petita activitat. Vam veure un v\u00eddeo [&hellip;]<\/p>\n","protected":false},"author":1,"featured_media":0,"comment_status":"open","ping_status":"closed","sticky":false,"template":"","format":"standard","meta":{"_bbp_topic_count":0,"_bbp_reply_count":0,"_bbp_total_topic_count":0,"_bbp_total_reply_count":0,"_bbp_voice_count":0,"_bbp_anonymous_reply_count":0,"_bbp_topic_count_hidden":0,"_bbp_reply_count_hidden":0,"_bbp_forum_subforum_count":0,"site-sidebar-layout":"default","site-content-layout":"","ast-site-content-layout":"","site-content-style":"default","site-sidebar-style":"default","ast-global-header-display":"","ast-banner-title-visibility":"","ast-main-header-display":"","ast-hfb-above-header-display":"","ast-hfb-below-header-display":"","ast-hfb-mobile-header-display":"","site-post-title":"","ast-breadcrumbs-content":"","ast-featured-img":"","footer-sml-layout":"","theme-transparent-header-meta":"","adv-header-id-meta":"","stick-header-meta":"","header-above-stick-meta":"","header-main-stick-meta":"","header-below-stick-meta":"","astra-migrate-meta-layouts":"default","ast-page-background-enabled":"default","ast-page-background-meta":{"desktop":{"background-color":"var(--ast-global-color-4)","background-image":"","background-repeat":"repeat","background-position":"center center","background-size":"auto","background-attachment":"scroll","background-type":"","background-media":"","overlay-type":"","overlay-color":"","overlay-opacity":"","overlay-gradient":""},"tablet":{"background-color":"","background-image":"","background-repeat":"repeat","background-position":"center center","background-size":"auto","background-attachment":"scroll","background-type":"","background-media":"","overlay-type":"","overlay-color":"","overlay-opacity":"","overlay-gradient":""},"mobile":{"background-color":"","background-image":"","background-repeat":"repeat","background-position":"center center","background-size":"auto","background-attachment":"scroll","background-type":"","background-media":"","overlay-type":"","overlay-color":"","overlay-opacity":"","overlay-gradient":""}},"ast-content-background-meta":{"desktop":{"background-color":"var(--ast-global-color-5)","background-image":"","background-repeat":"repeat","background-position":"center center","background-size":"auto","background-attachment":"scroll","background-type":"","background-media":"","overlay-type":"","overlay-color":"","overlay-opacity":"","overlay-gradient":""},"tablet":{"background-color":"var(--ast-global-color-5)","background-image":"","background-repeat":"repeat","background-position":"center center","background-size":"auto","background-attachment":"scroll","background-type":"","background-media":"","overlay-type":"","overlay-color":"","overlay-opacity":"","overlay-gradient":""},"mobile":{"background-color":"var(--ast-global-color-5)","background-image":"","background-repeat":"repeat","background-position":"center center","background-size":"auto","background-attachment":"scroll","background-type":"","background-media":"","overlay-type":"","overlay-color":"","overlay-opacity":"","overlay-gradient":""}},"footnotes":""},"categories":[350,280,2,5,75],"tags":[204],"class_list":["post-12951","post","type-post","status-publish","format-standard","hentry","category-23-24","category-eib","category-infantil","category-primaria","category-prom13b","tag-projectes"],"post_mailing_queue_ids":[],"_links":{"self":[{"href":"https:\/\/agora.xtec.cat\/escolametllers\/wp-json\/wp\/v2\/posts\/12951","targetHints":{"allow":["GET"]}}],"collection":[{"href":"https:\/\/agora.xtec.cat\/escolametllers\/wp-json\/wp\/v2\/posts"}],"about":[{"href":"https:\/\/agora.xtec.cat\/escolametllers\/wp-json\/wp\/v2\/types\/post"}],"author":[{"embeddable":true,"href":"https:\/\/agora.xtec.cat\/escolametllers\/wp-json\/wp\/v2\/users\/1"}],"replies":[{"embeddable":true,"href":"https:\/\/agora.xtec.cat\/escolametllers\/wp-json\/wp\/v2\/comments?post=12951"}],"version-history":[{"count":1,"href":"https:\/\/agora.xtec.cat\/escolametllers\/wp-json\/wp\/v2\/posts\/12951\/revisions"}],"predecessor-version":[{"id":14259,"href":"https:\/\/agora.xtec.cat\/escolametllers\/wp-json\/wp\/v2\/posts\/12951\/revisions\/14259"}],"wp:attachment":[{"href":"https:\/\/agora.xtec.cat\/escolametllers\/wp-json\/wp\/v2\/media?parent=12951"}],"wp:term":[{"taxonomy":"category","embeddable":true,"href":"https:\/\/agora.xtec.cat\/escolametllers\/wp-json\/wp\/v2\/categories?post=12951"},{"taxonomy":"post_tag","embeddable":true,"href":"https:\/\/agora.xtec.cat\/escolametllers\/wp-json\/wp\/v2\/tags?post=12951"}],"curies":[{"name":"wp","href":"https:\/\/api.w.org\/{rel}","templated":true}]}}