{"id":12835,"date":"2023-12-20T15:02:07","date_gmt":"2023-12-20T14:02:07","guid":{"rendered":"https:\/\/agora.xtec.cat\/escolametllers\/?p=12835"},"modified":"2023-12-31T09:32:50","modified_gmt":"2023-12-31T08:32:50","slug":"ja-tenim-el-nadal-aqui","status":"publish","type":"post","link":"https:\/\/agora.xtec.cat\/escolametllers\/primaria\/ja-tenim-el-nadal-aqui\/","title":{"rendered":"JA TENIM EL NADAL AQU\u00cd!"},"content":{"rendered":"<p style=\"text-align: center;\">Aquestes darreres setmanes han estat plenes d\u2019emocions. Buscant els tions al bosc ens ho hem passat d\u2019all\u00f2 m\u00e9s b\u00e9. Junts hem gaudit d\u2019aquest moment tan especial i l\u2019hem cuidat d\u2019all\u00f2 m\u00e9s b\u00e9.<\/p>\n<p style=\"text-align: center;\">Hem fet treballs manuals nadalencs com la postal de Nadal i els desigs pensat amb el cor i penjat a l\u2019arbre de l\u2019entrada amb l\u2019esperan\u00e7a i la il\u00b7lusi\u00f3 de posar el nostre granet de sorra a fer d\u2019aquest un m\u00f3n millor. Tamb\u00e9 ens ha vingut a veure el Fumera per recordar-nos quins dies li podem portar les nostres cartes pels Reis Mags.<\/p>\n<p style=\"text-align: center;\">Plegats hem cantat nadales, hem apr\u00e8s el poema de Nadal, hem explicat contes\u2026 i amb molts nervis hem fet cagar el ti\u00f3. Ja per acabar el trimestre amb aquestes setmanes tan emocionants, hem compartit un esmorzar i hem jugat amb les joguines que ens ha\u00a0<span class=\"hiddenGrammarError\">cagat el Ti\u00f3<\/span>. Ens ho hem passat pipa!!<\/p>\n<p style=\"text-align: center;\"><span class=\"hiddenGrammarError\">BONES FESTES<\/span>\u00a0I\u00a0<span class=\"hiddenGrammarError\">FINS<\/span>\u00a0L\u2019ANY VINENT!!<\/p>\n<p><a href=\"https:\/\/photos.app.goo.gl\/PXmExPzFyeGT9wRNA\"><img loading=\"lazy\" decoding=\"async\" class=\"alignnone wp-image-12836\" src=\"https:\/\/agora.xtec.cat\/escolametllers\/wp-content\/uploads\/usu1580\/2023\/12\/nadal-2nB-1024x1024.jpg\" alt=\"\" width=\"348\" height=\"348\" srcset=\"https:\/\/agora.xtec.cat\/escolametllers\/wp-content\/uploads\/usu1580\/2023\/12\/nadal-2nB-1024x1024.jpg 1024w, https:\/\/agora.xtec.cat\/escolametllers\/wp-content\/uploads\/usu1580\/2023\/12\/nadal-2nB-300x300.jpg 300w, https:\/\/agora.xtec.cat\/escolametllers\/wp-content\/uploads\/usu1580\/2023\/12\/nadal-2nB-150x150.jpg 150w, https:\/\/agora.xtec.cat\/escolametllers\/wp-content\/uploads\/usu1580\/2023\/12\/nadal-2nB-768x768.jpg 768w, https:\/\/agora.xtec.cat\/escolametllers\/wp-content\/uploads\/usu1580\/2023\/12\/nadal-2nB-1536x1536.jpg 1536w, https:\/\/agora.xtec.cat\/escolametllers\/wp-content\/uploads\/usu1580\/2023\/12\/nadal-2nB.jpg 2048w\" sizes=\"auto, (max-width: 348px) 100vw, 348px\" \/><\/a><\/p>\n","protected":false},"excerpt":{"rendered":"<p>Aquestes darreres setmanes han estat plenes d\u2019emocions. Buscant els tions al bosc ens ho hem passat d\u2019all\u00f2 m\u00e9s b\u00e9. Junts hem gaudit d\u2019aquest moment tan especial i l\u2019hem cuidat d\u2019all\u00f2 m\u00e9s b\u00e9. Hem fet treballs manuals nadalencs com la postal de Nadal i els desigs pensat amb el cor i penjat a l\u2019arbre de l\u2019entrada [&hellip;]<\/p>\n","protected":false},"author":55,"featured_media":0,"comment_status":"open","ping_status":"closed","sticky":false,"template":"","format":"standard","meta":{"_bbp_topic_count":0,"_bbp_reply_count":0,"_bbp_total_topic_count":0,"_bbp_total_reply_count":0,"_bbp_voice_count":0,"_bbp_anonymous_reply_count":0,"_bbp_topic_count_hidden":0,"_bbp_reply_count_hidden":0,"_bbp_forum_subforum_count":0,"site-sidebar-layout":"default","site-content-layout":"","ast-site-content-layout":"","site-content-style":"default","site-sidebar-style":"default","ast-global-header-display":"","ast-banner-title-visibility":"","ast-main-header-display":"","ast-hfb-above-header-display":"","ast-hfb-below-header-display":"","ast-hfb-mobile-header-display":"","site-post-title":"","ast-breadcrumbs-content":"","ast-featured-img":"","footer-sml-layout":"","theme-transparent-header-meta":"","adv-header-id-meta":"","stick-header-meta":"","header-above-stick-meta":"","header-main-stick-meta":"","header-below-stick-meta":"","astra-migrate-meta-layouts":"default","ast-page-background-enabled":"default","ast-page-background-meta":{"desktop":{"background-color":"var(--ast-global-color-4)","background-image":"","background-repeat":"repeat","background-position":"center center","background-size":"auto","background-attachment":"scroll","background-type":"","background-media":"","overlay-type":"","overlay-color":"","overlay-opacity":"","overlay-gradient":""},"tablet":{"background-color":"","background-image":"","background-repeat":"repeat","background-position":"center center","background-size":"auto","background-attachment":"scroll","background-type":"","background-media":"","overlay-type":"","overlay-color":"","overlay-opacity":"","overlay-gradient":""},"mobile":{"background-color":"","background-image":"","background-repeat":"repeat","background-position":"center center","background-size":"auto","background-attachment":"scroll","background-type":"","background-media":"","overlay-type":"","overlay-color":"","overlay-opacity":"","overlay-gradient":""}},"ast-content-background-meta":{"desktop":{"background-color":"var(--ast-global-color-5)","background-image":"","background-repeat":"repeat","background-position":"center center","background-size":"auto","background-attachment":"scroll","background-type":"","background-media":"","overlay-type":"","overlay-color":"","overlay-opacity":"","overlay-gradient":""},"tablet":{"background-color":"var(--ast-global-color-5)","background-image":"","background-repeat":"repeat","background-position":"center center","background-size":"auto","background-attachment":"scroll","background-type":"","background-media":"","overlay-type":"","overlay-color":"","overlay-opacity":"","overlay-gradient":""},"mobile":{"background-color":"var(--ast-global-color-5)","background-image":"","background-repeat":"repeat","background-position":"center center","background-size":"auto","background-attachment":"scroll","background-type":"","background-media":"","overlay-type":"","overlay-color":"","overlay-opacity":"","overlay-gradient":""}},"footnotes":""},"categories":[350,5,9],"tags":[294,237,173],"class_list":["post-12835","post","type-post","status-publish","format-standard","hentry","category-23-24","category-primaria","category-prom16a","tag-festes","tag-hivern","tag-nadal"],"post_mailing_queue_ids":[],"_links":{"self":[{"href":"https:\/\/agora.xtec.cat\/escolametllers\/wp-json\/wp\/v2\/posts\/12835","targetHints":{"allow":["GET"]}}],"collection":[{"href":"https:\/\/agora.xtec.cat\/escolametllers\/wp-json\/wp\/v2\/posts"}],"about":[{"href":"https:\/\/agora.xtec.cat\/escolametllers\/wp-json\/wp\/v2\/types\/post"}],"author":[{"embeddable":true,"href":"https:\/\/agora.xtec.cat\/escolametllers\/wp-json\/wp\/v2\/users\/55"}],"replies":[{"embeddable":true,"href":"https:\/\/agora.xtec.cat\/escolametllers\/wp-json\/wp\/v2\/comments?post=12835"}],"version-history":[{"count":3,"href":"https:\/\/agora.xtec.cat\/escolametllers\/wp-json\/wp\/v2\/posts\/12835\/revisions"}],"predecessor-version":[{"id":12848,"href":"https:\/\/agora.xtec.cat\/escolametllers\/wp-json\/wp\/v2\/posts\/12835\/revisions\/12848"}],"wp:attachment":[{"href":"https:\/\/agora.xtec.cat\/escolametllers\/wp-json\/wp\/v2\/media?parent=12835"}],"wp:term":[{"taxonomy":"category","embeddable":true,"href":"https:\/\/agora.xtec.cat\/escolametllers\/wp-json\/wp\/v2\/categories?post=12835"},{"taxonomy":"post_tag","embeddable":true,"href":"https:\/\/agora.xtec.cat\/escolametllers\/wp-json\/wp\/v2\/tags?post=12835"}],"curies":[{"name":"wp","href":"https:\/\/api.w.org\/{rel}","templated":true}]}}