{"id":12825,"date":"2023-12-20T10:55:29","date_gmt":"2023-12-20T09:55:29","guid":{"rendered":"https:\/\/agora.xtec.cat\/escolametllers\/?p=12825"},"modified":"2023-12-31T09:34:04","modified_gmt":"2023-12-31T08:34:04","slug":"fem-pastorets","status":"publish","type":"post","link":"https:\/\/agora.xtec.cat\/escolametllers\/historic\/prom12b\/fem-pastorets\/","title":{"rendered":"FEM PASTORETS"},"content":{"rendered":"<p style=\"text-align: justify;\">La classe dels Nervis hem estat preparant al llarg del primer trimestre l&#8217;obra de teatre dels Pastorets. Fent teatre s&#8217;aprenen moltes habilitats relacionades amb l&#8217;expressi\u00f3 oral com ara entonaci\u00f3, vocalitzaci\u00f3, ritme, memoritzaci\u00f3 a m\u00e9s a m\u00e9s tamb\u00e9 hem treballat aspectes art\u00edstics de m\u00fasica i dansa a l&#8217;hora de preparar balls i can\u00e7ons.<\/p>\n<p style=\"text-align: justify;\">Tots i totes hem gaudit molt preparant l&#8217;obra i hem pogut fer un bon treball de cohesi\u00f3 de grup!!!<\/p>\n<p style=\"text-align: justify;\"><a href=\"https:\/\/photos.app.goo.gl\/TTvxL97sbLHYrR1b6\">Us deixem un \u00e0lbum de fotografies clicant aqu\u00ed!<\/a><\/p>\n<p><a href=\"https:\/\/agora.xtec.cat\/escolametllers\/wp-content\/uploads\/usu1580\/2023\/12\/MG_9507-1-scaled.jpg\"><img loading=\"lazy\" decoding=\"async\" class=\"wp-image-12826 aligncenter\" src=\"https:\/\/agora.xtec.cat\/escolametllers\/wp-content\/uploads\/usu1580\/2023\/12\/MG_9507-1-1024x683.jpg\" alt=\"\" width=\"993\" height=\"663\" srcset=\"https:\/\/agora.xtec.cat\/escolametllers\/wp-content\/uploads\/usu1580\/2023\/12\/MG_9507-1-1024x683.jpg 1024w, https:\/\/agora.xtec.cat\/escolametllers\/wp-content\/uploads\/usu1580\/2023\/12\/MG_9507-1-300x200.jpg 300w, https:\/\/agora.xtec.cat\/escolametllers\/wp-content\/uploads\/usu1580\/2023\/12\/MG_9507-1-768x512.jpg 768w, https:\/\/agora.xtec.cat\/escolametllers\/wp-content\/uploads\/usu1580\/2023\/12\/MG_9507-1-1536x1024.jpg 1536w, https:\/\/agora.xtec.cat\/escolametllers\/wp-content\/uploads\/usu1580\/2023\/12\/MG_9507-1-2048x1365.jpg 2048w\" sizes=\"auto, (max-width: 993px) 100vw, 993px\" \/><\/a><\/p>\n","protected":false},"excerpt":{"rendered":"<p>La classe dels Nervis hem estat preparant al llarg del primer trimestre l&#8217;obra de teatre dels Pastorets. Fent teatre s&#8217;aprenen moltes habilitats relacionades amb l&#8217;expressi\u00f3 oral com ara entonaci\u00f3, vocalitzaci\u00f3, ritme, memoritzaci\u00f3 a m\u00e9s a m\u00e9s tamb\u00e9 hem treballat aspectes art\u00edstics de m\u00fasica i dansa a l&#8217;hora de preparar balls i can\u00e7ons. Tots i totes [&hellip;]<\/p>\n","protected":false},"author":90,"featured_media":0,"comment_status":"open","ping_status":"closed","sticky":false,"template":"","format":"standard","meta":{"_bbp_topic_count":0,"_bbp_reply_count":0,"_bbp_total_topic_count":0,"_bbp_total_reply_count":0,"_bbp_voice_count":0,"_bbp_anonymous_reply_count":0,"_bbp_topic_count_hidden":0,"_bbp_reply_count_hidden":0,"_bbp_forum_subforum_count":0,"site-sidebar-layout":"default","site-content-layout":"","ast-site-content-layout":"","site-content-style":"default","site-sidebar-style":"default","ast-global-header-display":"","ast-banner-title-visibility":"","ast-main-header-display":"","ast-hfb-above-header-display":"","ast-hfb-below-header-display":"","ast-hfb-mobile-header-display":"","site-post-title":"","ast-breadcrumbs-content":"","ast-featured-img":"","footer-sml-layout":"","theme-transparent-header-meta":"","adv-header-id-meta":"","stick-header-meta":"","header-above-stick-meta":"","header-main-stick-meta":"","header-below-stick-meta":"","astra-migrate-meta-layouts":"default","ast-page-background-enabled":"default","ast-page-background-meta":{"desktop":{"background-color":"var(--ast-global-color-4)","background-image":"","background-repeat":"repeat","background-position":"center center","background-size":"auto","background-attachment":"scroll","background-type":"","background-media":"","overlay-type":"","overlay-color":"","overlay-opacity":"","overlay-gradient":""},"tablet":{"background-color":"","background-image":"","background-repeat":"repeat","background-position":"center center","background-size":"auto","background-attachment":"scroll","background-type":"","background-media":"","overlay-type":"","overlay-color":"","overlay-opacity":"","overlay-gradient":""},"mobile":{"background-color":"","background-image":"","background-repeat":"repeat","background-position":"center center","background-size":"auto","background-attachment":"scroll","background-type":"","background-media":"","overlay-type":"","overlay-color":"","overlay-opacity":"","overlay-gradient":""}},"ast-content-background-meta":{"desktop":{"background-color":"var(--ast-global-color-5)","background-image":"","background-repeat":"repeat","background-position":"center center","background-size":"auto","background-attachment":"scroll","background-type":"","background-media":"","overlay-type":"","overlay-color":"","overlay-opacity":"","overlay-gradient":""},"tablet":{"background-color":"var(--ast-global-color-5)","background-image":"","background-repeat":"repeat","background-position":"center center","background-size":"auto","background-attachment":"scroll","background-type":"","background-media":"","overlay-type":"","overlay-color":"","overlay-opacity":"","overlay-gradient":""},"mobile":{"background-color":"var(--ast-global-color-5)","background-image":"","background-repeat":"repeat","background-position":"center center","background-size":"auto","background-attachment":"scroll","background-type":"","background-media":"","overlay-type":"","overlay-color":"","overlay-opacity":"","overlay-gradient":""}},"footnotes":""},"categories":[350,76],"tags":[294,173,113],"class_list":["post-12825","post","type-post","status-publish","format-standard","hentry","category-23-24","category-prom12b","tag-festes","tag-nadal","tag-teatre"],"post_mailing_queue_ids":[],"_links":{"self":[{"href":"https:\/\/agora.xtec.cat\/escolametllers\/wp-json\/wp\/v2\/posts\/12825","targetHints":{"allow":["GET"]}}],"collection":[{"href":"https:\/\/agora.xtec.cat\/escolametllers\/wp-json\/wp\/v2\/posts"}],"about":[{"href":"https:\/\/agora.xtec.cat\/escolametllers\/wp-json\/wp\/v2\/types\/post"}],"author":[{"embeddable":true,"href":"https:\/\/agora.xtec.cat\/escolametllers\/wp-json\/wp\/v2\/users\/90"}],"replies":[{"embeddable":true,"href":"https:\/\/agora.xtec.cat\/escolametllers\/wp-json\/wp\/v2\/comments?post=12825"}],"version-history":[{"count":2,"href":"https:\/\/agora.xtec.cat\/escolametllers\/wp-json\/wp\/v2\/posts\/12825\/revisions"}],"predecessor-version":[{"id":12828,"href":"https:\/\/agora.xtec.cat\/escolametllers\/wp-json\/wp\/v2\/posts\/12825\/revisions\/12828"}],"wp:attachment":[{"href":"https:\/\/agora.xtec.cat\/escolametllers\/wp-json\/wp\/v2\/media?parent=12825"}],"wp:term":[{"taxonomy":"category","embeddable":true,"href":"https:\/\/agora.xtec.cat\/escolametllers\/wp-json\/wp\/v2\/categories?post=12825"},{"taxonomy":"post_tag","embeddable":true,"href":"https:\/\/agora.xtec.cat\/escolametllers\/wp-json\/wp\/v2\/tags?post=12825"}],"curies":[{"name":"wp","href":"https:\/\/api.w.org\/{rel}","templated":true}]}}