{"id":12807,"date":"2023-12-18T15:44:56","date_gmt":"2023-12-18T14:44:56","guid":{"rendered":"https:\/\/agora.xtec.cat\/escolametllers\/?p=12807"},"modified":"2024-01-24T10:44:47","modified_gmt":"2024-01-24T09:44:47","slug":"musica-5","status":"publish","type":"post","link":"https:\/\/agora.xtec.cat\/escolametllers\/infantil\/eic\/musica-5\/","title":{"rendered":"M\u00daSICA"},"content":{"rendered":"<p>La m\u00fasica \u00e9s molt important en les primeres etapes de la vida dels infants perqu\u00e8 els ajuda en el desenvolupament intel\u00b7lectual, auditiu, sensorial i motriu. De fet, s\u00f3n molts els beneficis de la m\u00fasica i per aix\u00f2, a l&#8217;escola hi dediquem tants moments. La m\u00fasica fomenta el llenguatge oral (estimulant l&#8217;etapa d&#8217;alfabetitzaci\u00f3 dels infants), aporta beneficis a nivell d&#8217;atenci\u00f3 i mem\u00f2ria, d\u00f3na seguretat emocional, desperta sensacions, afavoreix la col\u00b7laboraci\u00f3 i el respecte mutu, potencia el control r\u00edtmic del nostre cos, ens ajuda a divertir-nos i a aprendre, desenvolupar la intu\u00efci\u00f3 i la improvisaci\u00f3 i fomenta la fantasia i la creativitat.<\/p>\n<p><a href=\"https:\/\/photos.app.goo.gl\/ooab12zErVboYjbg6\"><img loading=\"lazy\" decoding=\"async\" class=\"size-large wp-image-12808 aligncenter\" src=\"https:\/\/agora.xtec.cat\/escolametllers\/wp-content\/uploads\/usu1580\/2023\/12\/WhatsApp-Image-2023-11-16-at-11.00.34-1-1024x768.jpeg\" alt=\"\" width=\"1024\" height=\"768\" srcset=\"https:\/\/agora.xtec.cat\/escolametllers\/wp-content\/uploads\/usu1580\/2023\/12\/WhatsApp-Image-2023-11-16-at-11.00.34-1-1024x768.jpeg 1024w, https:\/\/agora.xtec.cat\/escolametllers\/wp-content\/uploads\/usu1580\/2023\/12\/WhatsApp-Image-2023-11-16-at-11.00.34-1-300x225.jpeg 300w, https:\/\/agora.xtec.cat\/escolametllers\/wp-content\/uploads\/usu1580\/2023\/12\/WhatsApp-Image-2023-11-16-at-11.00.34-1-768x576.jpeg 768w, https:\/\/agora.xtec.cat\/escolametllers\/wp-content\/uploads\/usu1580\/2023\/12\/WhatsApp-Image-2023-11-16-at-11.00.34-1-1536x1152.jpeg 1536w, https:\/\/agora.xtec.cat\/escolametllers\/wp-content\/uploads\/usu1580\/2023\/12\/WhatsApp-Image-2023-11-16-at-11.00.34-1-200x150.jpeg 200w, https:\/\/agora.xtec.cat\/escolametllers\/wp-content\/uploads\/usu1580\/2023\/12\/WhatsApp-Image-2023-11-16-at-11.00.34-1.jpeg 2048w\" sizes=\"auto, (max-width: 1024px) 100vw, 1024px\" \/><\/a><\/p>\n","protected":false},"excerpt":{"rendered":"<p>La m\u00fasica \u00e9s molt important en les primeres etapes de la vida dels infants perqu\u00e8 els ajuda en el desenvolupament intel\u00b7lectual, auditiu, sensorial i motriu. De fet, s\u00f3n molts els beneficis de la m\u00fasica i per aix\u00f2, a l&#8217;escola hi dediquem tants moments. La m\u00fasica fomenta el llenguatge oral (estimulant l&#8217;etapa d&#8217;alfabetitzaci\u00f3 dels infants), aporta [&hellip;]<\/p>\n","protected":false},"author":1,"featured_media":0,"comment_status":"open","ping_status":"closed","sticky":false,"template":"","format":"standard","meta":{"_bbp_topic_count":0,"_bbp_reply_count":0,"_bbp_total_topic_count":0,"_bbp_total_reply_count":0,"_bbp_voice_count":0,"_bbp_anonymous_reply_count":0,"_bbp_topic_count_hidden":0,"_bbp_reply_count_hidden":0,"_bbp_forum_subforum_count":0,"site-sidebar-layout":"default","site-content-layout":"","ast-site-content-layout":"","site-content-style":"default","site-sidebar-style":"default","ast-global-header-display":"","ast-banner-title-visibility":"","ast-main-header-display":"","ast-hfb-above-header-display":"","ast-hfb-below-header-display":"","ast-hfb-mobile-header-display":"","site-post-title":"","ast-breadcrumbs-content":"","ast-featured-img":"","footer-sml-layout":"","theme-transparent-header-meta":"","adv-header-id-meta":"","stick-header-meta":"","header-above-stick-meta":"","header-main-stick-meta":"","header-below-stick-meta":"","astra-migrate-meta-layouts":"default","ast-page-background-enabled":"default","ast-page-background-meta":{"desktop":{"background-color":"var(--ast-global-color-4)","background-image":"","background-repeat":"repeat","background-position":"center center","background-size":"auto","background-attachment":"scroll","background-type":"","background-media":"","overlay-type":"","overlay-color":"","overlay-opacity":"","overlay-gradient":""},"tablet":{"background-color":"","background-image":"","background-repeat":"repeat","background-position":"center center","background-size":"auto","background-attachment":"scroll","background-type":"","background-media":"","overlay-type":"","overlay-color":"","overlay-opacity":"","overlay-gradient":""},"mobile":{"background-color":"","background-image":"","background-repeat":"repeat","background-position":"center center","background-size":"auto","background-attachment":"scroll","background-type":"","background-media":"","overlay-type":"","overlay-color":"","overlay-opacity":"","overlay-gradient":""}},"ast-content-background-meta":{"desktop":{"background-color":"var(--ast-global-color-5)","background-image":"","background-repeat":"repeat","background-position":"center center","background-size":"auto","background-attachment":"scroll","background-type":"","background-media":"","overlay-type":"","overlay-color":"","overlay-opacity":"","overlay-gradient":""},"tablet":{"background-color":"var(--ast-global-color-5)","background-image":"","background-repeat":"repeat","background-position":"center center","background-size":"auto","background-attachment":"scroll","background-type":"","background-media":"","overlay-type":"","overlay-color":"","overlay-opacity":"","overlay-gradient":""},"mobile":{"background-color":"var(--ast-global-color-5)","background-image":"","background-repeat":"repeat","background-position":"center center","background-size":"auto","background-attachment":"scroll","background-type":"","background-media":"","overlay-type":"","overlay-color":"","overlay-opacity":"","overlay-gradient":""}},"footnotes":""},"categories":[350,8],"tags":[90],"class_list":["post-12807","post","type-post","status-publish","format-standard","hentry","category-23-24","category-eic","tag-musica"],"post_mailing_queue_ids":[],"_links":{"self":[{"href":"https:\/\/agora.xtec.cat\/escolametllers\/wp-json\/wp\/v2\/posts\/12807","targetHints":{"allow":["GET"]}}],"collection":[{"href":"https:\/\/agora.xtec.cat\/escolametllers\/wp-json\/wp\/v2\/posts"}],"about":[{"href":"https:\/\/agora.xtec.cat\/escolametllers\/wp-json\/wp\/v2\/types\/post"}],"author":[{"embeddable":true,"href":"https:\/\/agora.xtec.cat\/escolametllers\/wp-json\/wp\/v2\/users\/1"}],"replies":[{"embeddable":true,"href":"https:\/\/agora.xtec.cat\/escolametllers\/wp-json\/wp\/v2\/comments?post=12807"}],"version-history":[{"count":1,"href":"https:\/\/agora.xtec.cat\/escolametllers\/wp-json\/wp\/v2\/posts\/12807\/revisions"}],"predecessor-version":[{"id":12809,"href":"https:\/\/agora.xtec.cat\/escolametllers\/wp-json\/wp\/v2\/posts\/12807\/revisions\/12809"}],"wp:attachment":[{"href":"https:\/\/agora.xtec.cat\/escolametllers\/wp-json\/wp\/v2\/media?parent=12807"}],"wp:term":[{"taxonomy":"category","embeddable":true,"href":"https:\/\/agora.xtec.cat\/escolametllers\/wp-json\/wp\/v2\/categories?post=12807"},{"taxonomy":"post_tag","embeddable":true,"href":"https:\/\/agora.xtec.cat\/escolametllers\/wp-json\/wp\/v2\/tags?post=12807"}],"curies":[{"name":"wp","href":"https:\/\/api.w.org\/{rel}","templated":true}]}}