{"id":12748,"date":"2023-12-05T09:36:21","date_gmt":"2023-12-05T08:36:21","guid":{"rendered":"https:\/\/agora.xtec.cat\/escolametllers\/?p=12748"},"modified":"2023-12-25T09:15:50","modified_gmt":"2023-12-25T08:15:50","slug":"projecte-cuidem-nos-2","status":"publish","type":"post","link":"https:\/\/agora.xtec.cat\/escolametllers\/infantil\/projecte-cuidem-nos-2\/","title":{"rendered":"PROJECTE CUIDEM-NOS"},"content":{"rendered":"<p>El projecte va comen\u00e7ar amb la pregunta repte <strong>&#8220;QU\u00c8 NECESSITEM PER SENTIR-NOS B\u00c9&#8221;?<\/strong>.<\/p>\n<p>A partir d&#8217;aquesta pregunta vam estar parlant del fet que per a sentir-nos b\u00e9 necessitem <em>ABRA\u00c7ADES.<\/em> I com que aquest \u00e9s el nom de la nostra classe, vam decidir muntar un rac\u00f3 on poder anar quan necessit\u00e9ssim estar tranquils i tranquil\u00b7les. La caseta que tenim a la classe la vam batejar amb el nom de &#8220;<em>LA CASA DE LES ABRA\u00c7ADES&#8221;<\/em>, i per dins la vam decorar amb llumetes i amb obres d&#8217;art relacionades amb les ABRA\u00c7ADES. Vam estar investigant i buscant sobre pintors i escultors que en les seves obres representessin abra\u00e7ades. Un dels artistes que m\u00e9s ens va captar l&#8217;atenci\u00f3 va ser el grafiter <em>HEITH HARING<\/em>. A partir d&#8217;aquest artista vam veure com eren les seves obres, qu\u00e8 pintava, els colors que feia servir,&#8230;. En les obres de Haring sempre hi han molts cors representats. I un d&#8217;aquells dies en qu\u00e8 observ\u00e0vem la seva obra va sorgir aquesta pregunta: &#8220;<strong>TOTS\/ES TENIM COR?&#8221;, <\/strong>per la qual cosa a partir d&#8217;aleshores hem estat fent diverses descobertes sobre aquest \u00f2rgan:<\/p>\n<ul>\n<li>Hem fet el dibuix de com cr\u00e8iem que era un cor, abans de veure&#8217;n cap (dibuix previ).<\/li>\n<li>Hem fet una conversa sobre si N<em>om\u00e9s les persones tenim cor? Els animals tamb\u00e9 en tenen?<\/em>. Des de casa ens han ajudat a buscar la resposta. A partir d&#8217;aquestes investigacions hem descobert que els pops tenen 3 cors i que el cor del porc \u00e9s el que m\u00e9s s&#8217;assembla al de les persones, tant per la forma i la mida com pel pes.<\/li>\n<li>Aprofitant que hem descobert que el porc t\u00e9 el seu cor molt igual al nostre, hem portat 2 cors de porc a l&#8217;aula. Els hem manipulat per a fer-nos conscients de la seva textura i del seu pes. Tamb\u00e9 hem observat\u00a0 amb atenci\u00f3 la seva forma i el seu color, tant per fora com per dins. Fins i tot ens els hem mirat amb lupa! Tot aix\u00f2 ens ha portat a veure si el cor realment era com ens l&#8217;hav\u00edem imaginat, comparant la nostra representaci\u00f3 gr\u00e0fica pr\u00e8via amb com era el cor en realitat.<\/li>\n<li>Tamb\u00e9 ens hem buscat el cor entre nosaltres, l&#8217;hem situat en el nostre cos i ens l&#8217;hem pogut escoltat per parelles. Hem descobert que podem sentir el cor posant la orella al pit de l&#8217;altre, o fent servir un aparell qu\u00e8 \u00e9s diu <em>fonendoscopi.<\/em><\/li>\n<\/ul>\n<blockquote><p><em>Seguirem investigant m\u00e9s coses sobre aquest \u00f2rgan&#8230; aix\u00ed que estigueu molt atents i atentes!!!!<\/em><\/p><\/blockquote>\n<p><a href=\"https:\/\/photos.app.goo.gl\/VstcmNVvCi1b2qVRA\"><img loading=\"lazy\" decoding=\"async\" class=\"wp-image-12749 aligncenter\" src=\"https:\/\/agora.xtec.cat\/escolametllers\/wp-content\/uploads\/usu1580\/2023\/12\/Obrim-cor-5-1024x952.jpg\" alt=\"\" width=\"815\" height=\"757\" srcset=\"https:\/\/agora.xtec.cat\/escolametllers\/wp-content\/uploads\/usu1580\/2023\/12\/Obrim-cor-5-1024x952.jpg 1024w, https:\/\/agora.xtec.cat\/escolametllers\/wp-content\/uploads\/usu1580\/2023\/12\/Obrim-cor-5-300x279.jpg 300w, https:\/\/agora.xtec.cat\/escolametllers\/wp-content\/uploads\/usu1580\/2023\/12\/Obrim-cor-5-768x714.jpg 768w, https:\/\/agora.xtec.cat\/escolametllers\/wp-content\/uploads\/usu1580\/2023\/12\/Obrim-cor-5-1536x1428.jpg 1536w, https:\/\/agora.xtec.cat\/escolametllers\/wp-content\/uploads\/usu1580\/2023\/12\/Obrim-cor-5-2048x1904.jpg 2048w\" sizes=\"auto, (max-width: 815px) 100vw, 815px\" \/><\/a><\/p>\n","protected":false},"excerpt":{"rendered":"<p>El projecte va comen\u00e7ar amb la pregunta repte &#8220;QU\u00c8 NECESSITEM PER SENTIR-NOS B\u00c9&#8221;?. A partir d&#8217;aquesta pregunta vam estar parlant del fet que per a sentir-nos b\u00e9 necessitem ABRA\u00c7ADES. I com que aquest \u00e9s el nom de la nostra classe, vam decidir muntar un rac\u00f3 on poder anar quan necessit\u00e9ssim estar tranquils i tranquil\u00b7les. La [&hellip;]<\/p>\n","protected":false},"author":46,"featured_media":0,"comment_status":"open","ping_status":"closed","sticky":false,"template":"","format":"standard","meta":{"_bbp_topic_count":0,"_bbp_reply_count":0,"_bbp_total_topic_count":0,"_bbp_total_reply_count":0,"_bbp_voice_count":0,"_bbp_anonymous_reply_count":0,"_bbp_topic_count_hidden":0,"_bbp_reply_count_hidden":0,"_bbp_forum_subforum_count":0,"site-sidebar-layout":"default","site-content-layout":"","ast-site-content-layout":"","site-content-style":"default","site-sidebar-style":"default","ast-global-header-display":"","ast-banner-title-visibility":"","ast-main-header-display":"","ast-hfb-above-header-display":"","ast-hfb-below-header-display":"","ast-hfb-mobile-header-display":"","site-post-title":"","ast-breadcrumbs-content":"","ast-featured-img":"","footer-sml-layout":"","theme-transparent-header-meta":"","adv-header-id-meta":"","stick-header-meta":"","header-above-stick-meta":"","header-main-stick-meta":"","header-below-stick-meta":"","astra-migrate-meta-layouts":"default","ast-page-background-enabled":"default","ast-page-background-meta":{"desktop":{"background-color":"var(--ast-global-color-4)","background-image":"","background-repeat":"repeat","background-position":"center center","background-size":"auto","background-attachment":"scroll","background-type":"","background-media":"","overlay-type":"","overlay-color":"","overlay-opacity":"","overlay-gradient":""},"tablet":{"background-color":"","background-image":"","background-repeat":"repeat","background-position":"center center","background-size":"auto","background-attachment":"scroll","background-type":"","background-media":"","overlay-type":"","overlay-color":"","overlay-opacity":"","overlay-gradient":""},"mobile":{"background-color":"","background-image":"","background-repeat":"repeat","background-position":"center center","background-size":"auto","background-attachment":"scroll","background-type":"","background-media":"","overlay-type":"","overlay-color":"","overlay-opacity":"","overlay-gradient":""}},"ast-content-background-meta":{"desktop":{"background-color":"var(--ast-global-color-5)","background-image":"","background-repeat":"repeat","background-position":"center center","background-size":"auto","background-attachment":"scroll","background-type":"","background-media":"","overlay-type":"","overlay-color":"","overlay-opacity":"","overlay-gradient":""},"tablet":{"background-color":"var(--ast-global-color-5)","background-image":"","background-repeat":"repeat","background-position":"center center","background-size":"auto","background-attachment":"scroll","background-type":"","background-media":"","overlay-type":"","overlay-color":"","overlay-opacity":"","overlay-gradient":""},"mobile":{"background-color":"var(--ast-global-color-5)","background-image":"","background-repeat":"repeat","background-position":"center center","background-size":"auto","background-attachment":"scroll","background-type":"","background-media":"","overlay-type":"","overlay-color":"","overlay-opacity":"","overlay-gradient":""}},"footnotes":""},"categories":[350,280,2],"tags":[204],"class_list":["post-12748","post","type-post","status-publish","format-standard","hentry","category-23-24","category-eib","category-infantil","tag-projectes"],"post_mailing_queue_ids":[],"_links":{"self":[{"href":"https:\/\/agora.xtec.cat\/escolametllers\/wp-json\/wp\/v2\/posts\/12748","targetHints":{"allow":["GET"]}}],"collection":[{"href":"https:\/\/agora.xtec.cat\/escolametllers\/wp-json\/wp\/v2\/posts"}],"about":[{"href":"https:\/\/agora.xtec.cat\/escolametllers\/wp-json\/wp\/v2\/types\/post"}],"author":[{"embeddable":true,"href":"https:\/\/agora.xtec.cat\/escolametllers\/wp-json\/wp\/v2\/users\/46"}],"replies":[{"embeddable":true,"href":"https:\/\/agora.xtec.cat\/escolametllers\/wp-json\/wp\/v2\/comments?post=12748"}],"version-history":[{"count":6,"href":"https:\/\/agora.xtec.cat\/escolametllers\/wp-json\/wp\/v2\/posts\/12748\/revisions"}],"predecessor-version":[{"id":12755,"href":"https:\/\/agora.xtec.cat\/escolametllers\/wp-json\/wp\/v2\/posts\/12748\/revisions\/12755"}],"wp:attachment":[{"href":"https:\/\/agora.xtec.cat\/escolametllers\/wp-json\/wp\/v2\/media?parent=12748"}],"wp:term":[{"taxonomy":"category","embeddable":true,"href":"https:\/\/agora.xtec.cat\/escolametllers\/wp-json\/wp\/v2\/categories?post=12748"},{"taxonomy":"post_tag","embeddable":true,"href":"https:\/\/agora.xtec.cat\/escolametllers\/wp-json\/wp\/v2\/tags?post=12748"}],"curies":[{"name":"wp","href":"https:\/\/api.w.org\/{rel}","templated":true}]}}