{"id":12744,"date":"2023-12-04T11:55:02","date_gmt":"2023-12-04T10:55:02","guid":{"rendered":"https:\/\/agora.xtec.cat\/escolametllers\/?p=12744"},"modified":"2023-12-04T11:55:02","modified_gmt":"2023-12-04T10:55:02","slug":"fem-musica-3","status":"publish","type":"post","link":"https:\/\/agora.xtec.cat\/escolametllers\/infantil\/fem-musica-3\/","title":{"rendered":"FEM M\u00daSICA"},"content":{"rendered":"<p>A l\u2019escola trobem molts moments per treballar la m\u00fasica: a l\u2019hora de fer les rutines di\u00e0ries (quan ens diem <em>bon dia, <\/em>recollim les joguines, fem relaxaci\u00f3, ens preparem per a marxar a casa &#8230;), quan celebrem els aniversaris, quan preparem alguna festa de l\u2019escola, etc. A m\u00e9s, un dia a la setmana treballem la M\u00fasica de manera espec\u00edfica dins el nostre horari setmanal. En aquestes sessions aprenem can\u00e7ons i danses, toquem petits instruments de percussi\u00f3, fem audicions, ens iniciem amb les qualitats del so&#8230;<\/p>\n<p>I a m\u00e9s, el passat 22 de novembre, com cada any a la nostra escola, vam celebrar tamb\u00e9 el <strong>Dia de la M\u00fasica<\/strong>. Al mat\u00ed vam anar a veure les audicions dels alumnes de Prim\u00e0ria que saben tocar algun instrument. Ens varen agradar molt perqu\u00e8 vam sentir instruments molt diferents: piano, guitarra el\u00e8ctrica, bateria, caix\u00f3&#8230; Despr\u00e9s vam anar al pati dels grans a gaudir de l\u2019actuaci\u00f3 d\u2019uns joves geganters i grallers. I a la tarda vam descobrir qu\u00e8 eren els <strong><em>Musicogrames, <\/em><\/strong>doncs els alumnes de 6\u00e8 van passar per les classes d\u2019Infantil a cantar-nos unes can\u00e7ons, tot seguint alhora els dibuixos que havien fet en unes cartolines.<\/p>\n<p>Aqu\u00ed us deixem algunes fotos de tot plegat. Esperem que us agradin molt&#8230;<\/p>\n<p style=\"text-align: center;\"><a href=\"https:\/\/photos.app.goo.gl\/83fixyroDcVpfnwd6\"><img loading=\"lazy\" decoding=\"async\" class=\"alignnone  wp-image-12745\" src=\"https:\/\/agora.xtec.cat\/escolametllers\/wp-content\/uploads\/usu1580\/2023\/12\/IMG_20231030_152652-min-1024x768.jpg\" alt=\"\" width=\"816\" height=\"612\" srcset=\"https:\/\/agora.xtec.cat\/escolametllers\/wp-content\/uploads\/usu1580\/2023\/12\/IMG_20231030_152652-min-1024x768.jpg 1024w, https:\/\/agora.xtec.cat\/escolametllers\/wp-content\/uploads\/usu1580\/2023\/12\/IMG_20231030_152652-min-300x225.jpg 300w, https:\/\/agora.xtec.cat\/escolametllers\/wp-content\/uploads\/usu1580\/2023\/12\/IMG_20231030_152652-min-768x576.jpg 768w, https:\/\/agora.xtec.cat\/escolametllers\/wp-content\/uploads\/usu1580\/2023\/12\/IMG_20231030_152652-min-1536x1152.jpg 1536w, https:\/\/agora.xtec.cat\/escolametllers\/wp-content\/uploads\/usu1580\/2023\/12\/IMG_20231030_152652-min-2048x1536.jpg 2048w, https:\/\/agora.xtec.cat\/escolametllers\/wp-content\/uploads\/usu1580\/2023\/12\/IMG_20231030_152652-min-200x150.jpg 200w\" sizes=\"auto, (max-width: 816px) 100vw, 816px\" \/><\/a><\/p>\n","protected":false},"excerpt":{"rendered":"<p>A l\u2019escola trobem molts moments per treballar la m\u00fasica: a l\u2019hora de fer les rutines di\u00e0ries (quan ens diem bon dia, recollim les joguines, fem relaxaci\u00f3, ens preparem per a marxar a casa &#8230;), quan celebrem els aniversaris, quan preparem alguna festa de l\u2019escola, etc. A m\u00e9s, un dia a la setmana treballem la M\u00fasica [&hellip;]<\/p>\n","protected":false},"author":46,"featured_media":0,"comment_status":"open","ping_status":"closed","sticky":false,"template":"","format":"standard","meta":{"_bbp_topic_count":0,"_bbp_reply_count":0,"_bbp_total_topic_count":0,"_bbp_total_reply_count":0,"_bbp_voice_count":0,"_bbp_anonymous_reply_count":0,"_bbp_topic_count_hidden":0,"_bbp_reply_count_hidden":0,"_bbp_forum_subforum_count":0,"site-sidebar-layout":"default","site-content-layout":"","ast-site-content-layout":"","site-content-style":"default","site-sidebar-style":"default","ast-global-header-display":"","ast-banner-title-visibility":"","ast-main-header-display":"","ast-hfb-above-header-display":"","ast-hfb-below-header-display":"","ast-hfb-mobile-header-display":"","site-post-title":"","ast-breadcrumbs-content":"","ast-featured-img":"","footer-sml-layout":"","theme-transparent-header-meta":"","adv-header-id-meta":"","stick-header-meta":"","header-above-stick-meta":"","header-main-stick-meta":"","header-below-stick-meta":"","astra-migrate-meta-layouts":"default","ast-page-background-enabled":"default","ast-page-background-meta":{"desktop":{"background-color":"var(--ast-global-color-4)","background-image":"","background-repeat":"repeat","background-position":"center center","background-size":"auto","background-attachment":"scroll","background-type":"","background-media":"","overlay-type":"","overlay-color":"","overlay-opacity":"","overlay-gradient":""},"tablet":{"background-color":"","background-image":"","background-repeat":"repeat","background-position":"center center","background-size":"auto","background-attachment":"scroll","background-type":"","background-media":"","overlay-type":"","overlay-color":"","overlay-opacity":"","overlay-gradient":""},"mobile":{"background-color":"","background-image":"","background-repeat":"repeat","background-position":"center center","background-size":"auto","background-attachment":"scroll","background-type":"","background-media":"","overlay-type":"","overlay-color":"","overlay-opacity":"","overlay-gradient":""}},"ast-content-background-meta":{"desktop":{"background-color":"var(--ast-global-color-5)","background-image":"","background-repeat":"repeat","background-position":"center center","background-size":"auto","background-attachment":"scroll","background-type":"","background-media":"","overlay-type":"","overlay-color":"","overlay-opacity":"","overlay-gradient":""},"tablet":{"background-color":"var(--ast-global-color-5)","background-image":"","background-repeat":"repeat","background-position":"center center","background-size":"auto","background-attachment":"scroll","background-type":"","background-media":"","overlay-type":"","overlay-color":"","overlay-opacity":"","overlay-gradient":""},"mobile":{"background-color":"var(--ast-global-color-5)","background-image":"","background-repeat":"repeat","background-position":"center center","background-size":"auto","background-attachment":"scroll","background-type":"","background-media":"","overlay-type":"","overlay-color":"","overlay-opacity":"","overlay-gradient":""}},"footnotes":""},"categories":[350,280,2],"tags":[90],"class_list":["post-12744","post","type-post","status-publish","format-standard","hentry","category-23-24","category-eib","category-infantil","tag-musica"],"post_mailing_queue_ids":[],"_links":{"self":[{"href":"https:\/\/agora.xtec.cat\/escolametllers\/wp-json\/wp\/v2\/posts\/12744","targetHints":{"allow":["GET"]}}],"collection":[{"href":"https:\/\/agora.xtec.cat\/escolametllers\/wp-json\/wp\/v2\/posts"}],"about":[{"href":"https:\/\/agora.xtec.cat\/escolametllers\/wp-json\/wp\/v2\/types\/post"}],"author":[{"embeddable":true,"href":"https:\/\/agora.xtec.cat\/escolametllers\/wp-json\/wp\/v2\/users\/46"}],"replies":[{"embeddable":true,"href":"https:\/\/agora.xtec.cat\/escolametllers\/wp-json\/wp\/v2\/comments?post=12744"}],"version-history":[{"count":1,"href":"https:\/\/agora.xtec.cat\/escolametllers\/wp-json\/wp\/v2\/posts\/12744\/revisions"}],"predecessor-version":[{"id":12746,"href":"https:\/\/agora.xtec.cat\/escolametllers\/wp-json\/wp\/v2\/posts\/12744\/revisions\/12746"}],"wp:attachment":[{"href":"https:\/\/agora.xtec.cat\/escolametllers\/wp-json\/wp\/v2\/media?parent=12744"}],"wp:term":[{"taxonomy":"category","embeddable":true,"href":"https:\/\/agora.xtec.cat\/escolametllers\/wp-json\/wp\/v2\/categories?post=12744"},{"taxonomy":"post_tag","embeddable":true,"href":"https:\/\/agora.xtec.cat\/escolametllers\/wp-json\/wp\/v2\/tags?post=12744"}],"curies":[{"name":"wp","href":"https:\/\/api.w.org\/{rel}","templated":true}]}}