{"id":12712,"date":"2023-12-02T13:38:04","date_gmt":"2023-12-02T12:38:04","guid":{"rendered":"https:\/\/agora.xtec.cat\/escolametllers\/?p=12712"},"modified":"2023-12-02T13:54:55","modified_gmt":"2023-12-02T12:54:55","slug":"quan-arriba-la-tardor-2","status":"publish","type":"post","link":"https:\/\/agora.xtec.cat\/escolametllers\/infantil\/quan-arriba-la-tardor-2\/","title":{"rendered":"QUAN ARRIBA LA TARDOR&#8230;"},"content":{"rendered":"<p>Quan arriba la tardor, descobrim les caracter\u00edstiques d&#8217;aquesta estaci\u00f3 de l&#8217;any realitzant activitats tot d&#8217;all\u00f2 m\u00e9s vivencials. Al llarg d&#8217;aquest trimestre hem:<\/p>\n<ul>\n<li>Muntat el raconet de tardor, on hem portat fruits i fruites de casa per fer la nostra paradeta.<\/li>\n<li>Classificat les fruites i els fruits que hem portat de casa.<\/li>\n<li>Tastat moniatos fets al forn.<\/li>\n<li>Descobert els colors de la tardor a partir de propostes pl\u00e0stiques.<\/li>\n<li>Observat els arbres de l&#8217;entrada de l&#8217;escola, adonant-nos dels canvis que es produeixen en aquesta estaci\u00f3.<\/li>\n<li>Esquin\u00e7at fulles i enganxant-les.<\/li>\n<li>Apr\u00e8s una dita de tardor.<\/li>\n<li>Mirat i explicat contes de tardor.<\/li>\n<li>Explicat l&#8217;\u00e0lbum il\u00b7lustrat &#8220;Sopa de Carbassa&#8221;, el qual quan ens ha servit com a excusa per descobrir com s\u00f3n les carbasses per dins i per f\u00f3ra.<\/li>\n<li>Celebrat la Castanyada, mirant el conte d&#8217;ombres &#8220;la Castanyera&#8221;, amagant castanyes pels racons de la classe, preparant un past\u00eds de castanyes, rebent la visita de l&#8217;ajudant de la Castanyera i ballant danses al pati de l&#8217;escola.<\/li>\n<\/ul>\n<p><a href=\"https:\/\/photos.app.goo.gl\/vdHxTnZ7JsZW3F4XA\"><img loading=\"lazy\" decoding=\"async\" class=\"wp-image-12713 aligncenter\" src=\"https:\/\/agora.xtec.cat\/escolametllers\/wp-content\/uploads\/usu1580\/2023\/12\/Raco-Tardor-bona.jpg\" alt=\"\" width=\"741\" height=\"556\" srcset=\"https:\/\/agora.xtec.cat\/escolametllers\/wp-content\/uploads\/usu1580\/2023\/12\/Raco-Tardor-bona.jpg 1024w, https:\/\/agora.xtec.cat\/escolametllers\/wp-content\/uploads\/usu1580\/2023\/12\/Raco-Tardor-bona-300x225.jpg 300w, https:\/\/agora.xtec.cat\/escolametllers\/wp-content\/uploads\/usu1580\/2023\/12\/Raco-Tardor-bona-768x576.jpg 768w, https:\/\/agora.xtec.cat\/escolametllers\/wp-content\/uploads\/usu1580\/2023\/12\/Raco-Tardor-bona-200x150.jpg 200w\" sizes=\"auto, (max-width: 741px) 100vw, 741px\" \/><\/a><\/p>\n","protected":false},"excerpt":{"rendered":"<p>Quan arriba la tardor, descobrim les caracter\u00edstiques d&#8217;aquesta estaci\u00f3 de l&#8217;any realitzant activitats tot d&#8217;all\u00f2 m\u00e9s vivencials. Al llarg d&#8217;aquest trimestre hem: Muntat el raconet de tardor, on hem portat fruits i fruites de casa per fer la nostra paradeta. Classificat les fruites i els fruits que hem portat de casa. Tastat moniatos fets al [&hellip;]<\/p>\n","protected":false},"author":46,"featured_media":0,"comment_status":"open","ping_status":"closed","sticky":false,"template":"","format":"standard","meta":{"_bbp_topic_count":0,"_bbp_reply_count":0,"_bbp_total_topic_count":0,"_bbp_total_reply_count":0,"_bbp_voice_count":0,"_bbp_anonymous_reply_count":0,"_bbp_topic_count_hidden":0,"_bbp_reply_count_hidden":0,"_bbp_forum_subforum_count":0,"site-sidebar-layout":"default","site-content-layout":"","ast-site-content-layout":"","site-content-style":"default","site-sidebar-style":"default","ast-global-header-display":"","ast-banner-title-visibility":"","ast-main-header-display":"","ast-hfb-above-header-display":"","ast-hfb-below-header-display":"","ast-hfb-mobile-header-display":"","site-post-title":"","ast-breadcrumbs-content":"","ast-featured-img":"","footer-sml-layout":"","theme-transparent-header-meta":"","adv-header-id-meta":"","stick-header-meta":"","header-above-stick-meta":"","header-main-stick-meta":"","header-below-stick-meta":"","astra-migrate-meta-layouts":"default","ast-page-background-enabled":"default","ast-page-background-meta":{"desktop":{"background-color":"var(--ast-global-color-4)","background-image":"","background-repeat":"repeat","background-position":"center center","background-size":"auto","background-attachment":"scroll","background-type":"","background-media":"","overlay-type":"","overlay-color":"","overlay-opacity":"","overlay-gradient":""},"tablet":{"background-color":"","background-image":"","background-repeat":"repeat","background-position":"center center","background-size":"auto","background-attachment":"scroll","background-type":"","background-media":"","overlay-type":"","overlay-color":"","overlay-opacity":"","overlay-gradient":""},"mobile":{"background-color":"","background-image":"","background-repeat":"repeat","background-position":"center center","background-size":"auto","background-attachment":"scroll","background-type":"","background-media":"","overlay-type":"","overlay-color":"","overlay-opacity":"","overlay-gradient":""}},"ast-content-background-meta":{"desktop":{"background-color":"var(--ast-global-color-5)","background-image":"","background-repeat":"repeat","background-position":"center center","background-size":"auto","background-attachment":"scroll","background-type":"","background-media":"","overlay-type":"","overlay-color":"","overlay-opacity":"","overlay-gradient":""},"tablet":{"background-color":"var(--ast-global-color-5)","background-image":"","background-repeat":"repeat","background-position":"center center","background-size":"auto","background-attachment":"scroll","background-type":"","background-media":"","overlay-type":"","overlay-color":"","overlay-opacity":"","overlay-gradient":""},"mobile":{"background-color":"var(--ast-global-color-5)","background-image":"","background-repeat":"repeat","background-position":"center center","background-size":"auto","background-attachment":"scroll","background-type":"","background-media":"","overlay-type":"","overlay-color":"","overlay-opacity":"","overlay-gradient":""}},"footnotes":""},"categories":[350,280,2],"tags":[285],"class_list":["post-12712","post","type-post","status-publish","format-standard","hentry","category-23-24","category-eib","category-infantil","tag-tardor"],"post_mailing_queue_ids":[],"_links":{"self":[{"href":"https:\/\/agora.xtec.cat\/escolametllers\/wp-json\/wp\/v2\/posts\/12712","targetHints":{"allow":["GET"]}}],"collection":[{"href":"https:\/\/agora.xtec.cat\/escolametllers\/wp-json\/wp\/v2\/posts"}],"about":[{"href":"https:\/\/agora.xtec.cat\/escolametllers\/wp-json\/wp\/v2\/types\/post"}],"author":[{"embeddable":true,"href":"https:\/\/agora.xtec.cat\/escolametllers\/wp-json\/wp\/v2\/users\/46"}],"replies":[{"embeddable":true,"href":"https:\/\/agora.xtec.cat\/escolametllers\/wp-json\/wp\/v2\/comments?post=12712"}],"version-history":[{"count":4,"href":"https:\/\/agora.xtec.cat\/escolametllers\/wp-json\/wp\/v2\/posts\/12712\/revisions"}],"predecessor-version":[{"id":12724,"href":"https:\/\/agora.xtec.cat\/escolametllers\/wp-json\/wp\/v2\/posts\/12712\/revisions\/12724"}],"wp:attachment":[{"href":"https:\/\/agora.xtec.cat\/escolametllers\/wp-json\/wp\/v2\/media?parent=12712"}],"wp:term":[{"taxonomy":"category","embeddable":true,"href":"https:\/\/agora.xtec.cat\/escolametllers\/wp-json\/wp\/v2\/categories?post=12712"},{"taxonomy":"post_tag","embeddable":true,"href":"https:\/\/agora.xtec.cat\/escolametllers\/wp-json\/wp\/v2\/tags?post=12712"}],"curies":[{"name":"wp","href":"https:\/\/api.w.org\/{rel}","templated":true}]}}