{"id":12429,"date":"2023-11-06T10:30:53","date_gmt":"2023-11-06T09:30:53","guid":{"rendered":"https:\/\/agora.xtec.cat\/escolametllers\/?p=12429"},"modified":"2023-11-16T23:20:11","modified_gmt":"2023-11-16T22:20:11","slug":"sortida-torres-de-fals","status":"publish","type":"post","link":"https:\/\/agora.xtec.cat\/escolametllers\/historic\/prom12a\/sortida-torres-de-fals\/","title":{"rendered":"Sortida Torres de Fals"},"content":{"rendered":"<p><a href=\"https:\/\/agora.xtec.cat\/escolametllers\/wp-content\/uploads\/usu1580\/2023\/11\/20231024_121620-scaled.jpg\"><img loading=\"lazy\" decoding=\"async\" class=\"alignnone size-large wp-image-12430\" src=\"https:\/\/agora.xtec.cat\/escolametllers\/wp-content\/uploads\/usu1580\/2023\/11\/20231024_121620-1024x768.jpg\" alt=\"\" width=\"1024\" height=\"768\" srcset=\"https:\/\/agora.xtec.cat\/escolametllers\/wp-content\/uploads\/usu1580\/2023\/11\/20231024_121620-1024x768.jpg 1024w, https:\/\/agora.xtec.cat\/escolametllers\/wp-content\/uploads\/usu1580\/2023\/11\/20231024_121620-300x225.jpg 300w, https:\/\/agora.xtec.cat\/escolametllers\/wp-content\/uploads\/usu1580\/2023\/11\/20231024_121620-768x576.jpg 768w, https:\/\/agora.xtec.cat\/escolametllers\/wp-content\/uploads\/usu1580\/2023\/11\/20231024_121620-1536x1152.jpg 1536w, https:\/\/agora.xtec.cat\/escolametllers\/wp-content\/uploads\/usu1580\/2023\/11\/20231024_121620-2048x1536.jpg 2048w, https:\/\/agora.xtec.cat\/escolametllers\/wp-content\/uploads\/usu1580\/2023\/11\/20231024_121620-200x150.jpg 200w\" sizes=\"auto, (max-width: 1024px) 100vw, 1024px\" \/><\/a>El dia 24 d&#8217;octubre els nois i noies de 6\u00e8 vam anar a les Torres de Fals situades al poble de Fals. Abans d&#8217;anar-hi vam estar buscant informaci\u00f3 sobre aquestes torres de car\u00e0cter hist\u00f2ric tot aprenent a buscar informaci\u00f3 ver\u00eddica a trav\u00e9s d&#8217;Internet. Per a fer-ho vam utilitzar una base d&#8217;orientaci\u00f3 sobre la cerca de dades a la web que de ben segur ens servir\u00e0 per a altres ocasions.<\/p>\n<p>El dia de la sortida vam comen\u00e7ar a caminar en direcci\u00f3 al Collbaix per travessar-lo fins a arribar, despr\u00e9s de 8 km, a les Torres de Fals. Va ser una sortida molt enriquidora on vam poder con\u00e8ixer l&#8217;entorn de l&#8217;escola i vam gaudir d&#8217;una jornada d&#8217;esport for\u00e7a intens, ja que vam caminar un total de 16 km.<\/p>\n<p>Va ser un dia genial!<\/p>\n<p><a href=\"https:\/\/photos.app.goo.gl\/9uX8eYpDUtC7Rusp9\">Podeu veure m\u00e9s fotos clicant aqu\u00ed.\u00a0<\/a><\/p>\n<p>&nbsp;<\/p>\n","protected":false},"excerpt":{"rendered":"<p>El dia 24 d&#8217;octubre els nois i noies de 6\u00e8 vam anar a les Torres de Fals situades al poble de Fals. Abans d&#8217;anar-hi vam estar buscant informaci\u00f3 sobre aquestes torres de car\u00e0cter hist\u00f2ric tot aprenent a buscar informaci\u00f3 ver\u00eddica a trav\u00e9s d&#8217;Internet. Per a fer-ho vam utilitzar una base d&#8217;orientaci\u00f3 sobre la cerca de [&hellip;]<\/p>\n","protected":false},"author":90,"featured_media":0,"comment_status":"open","ping_status":"closed","sticky":false,"template":"","format":"standard","meta":{"_bbp_topic_count":0,"_bbp_reply_count":0,"_bbp_total_topic_count":0,"_bbp_total_reply_count":0,"_bbp_voice_count":0,"_bbp_anonymous_reply_count":0,"_bbp_topic_count_hidden":0,"_bbp_reply_count_hidden":0,"_bbp_forum_subforum_count":0,"site-sidebar-layout":"default","site-content-layout":"","ast-site-content-layout":"","site-content-style":"default","site-sidebar-style":"default","ast-global-header-display":"","ast-banner-title-visibility":"","ast-main-header-display":"","ast-hfb-above-header-display":"","ast-hfb-below-header-display":"","ast-hfb-mobile-header-display":"","site-post-title":"","ast-breadcrumbs-content":"","ast-featured-img":"","footer-sml-layout":"","theme-transparent-header-meta":"","adv-header-id-meta":"","stick-header-meta":"","header-above-stick-meta":"","header-main-stick-meta":"","header-below-stick-meta":"","astra-migrate-meta-layouts":"default","ast-page-background-enabled":"default","ast-page-background-meta":{"desktop":{"background-color":"var(--ast-global-color-4)","background-image":"","background-repeat":"repeat","background-position":"center center","background-size":"auto","background-attachment":"scroll","background-type":"","background-media":"","overlay-type":"","overlay-color":"","overlay-opacity":"","overlay-gradient":""},"tablet":{"background-color":"","background-image":"","background-repeat":"repeat","background-position":"center center","background-size":"auto","background-attachment":"scroll","background-type":"","background-media":"","overlay-type":"","overlay-color":"","overlay-opacity":"","overlay-gradient":""},"mobile":{"background-color":"","background-image":"","background-repeat":"repeat","background-position":"center center","background-size":"auto","background-attachment":"scroll","background-type":"","background-media":"","overlay-type":"","overlay-color":"","overlay-opacity":"","overlay-gradient":""}},"ast-content-background-meta":{"desktop":{"background-color":"var(--ast-global-color-5)","background-image":"","background-repeat":"repeat","background-position":"center center","background-size":"auto","background-attachment":"scroll","background-type":"","background-media":"","overlay-type":"","overlay-color":"","overlay-opacity":"","overlay-gradient":""},"tablet":{"background-color":"var(--ast-global-color-5)","background-image":"","background-repeat":"repeat","background-position":"center center","background-size":"auto","background-attachment":"scroll","background-type":"","background-media":"","overlay-type":"","overlay-color":"","overlay-opacity":"","overlay-gradient":""},"mobile":{"background-color":"var(--ast-global-color-5)","background-image":"","background-repeat":"repeat","background-position":"center center","background-size":"auto","background-attachment":"scroll","background-type":"","background-media":"","overlay-type":"","overlay-color":"","overlay-opacity":"","overlay-gradient":""}},"footnotes":""},"categories":[350,13,76],"tags":[16],"class_list":["post-12429","post","type-post","status-publish","format-standard","hentry","category-23-24","category-prom12a","category-prom12b","tag-sortides"],"post_mailing_queue_ids":[],"_links":{"self":[{"href":"https:\/\/agora.xtec.cat\/escolametllers\/wp-json\/wp\/v2\/posts\/12429","targetHints":{"allow":["GET"]}}],"collection":[{"href":"https:\/\/agora.xtec.cat\/escolametllers\/wp-json\/wp\/v2\/posts"}],"about":[{"href":"https:\/\/agora.xtec.cat\/escolametllers\/wp-json\/wp\/v2\/types\/post"}],"author":[{"embeddable":true,"href":"https:\/\/agora.xtec.cat\/escolametllers\/wp-json\/wp\/v2\/users\/90"}],"replies":[{"embeddable":true,"href":"https:\/\/agora.xtec.cat\/escolametllers\/wp-json\/wp\/v2\/comments?post=12429"}],"version-history":[{"count":1,"href":"https:\/\/agora.xtec.cat\/escolametllers\/wp-json\/wp\/v2\/posts\/12429\/revisions"}],"predecessor-version":[{"id":12431,"href":"https:\/\/agora.xtec.cat\/escolametllers\/wp-json\/wp\/v2\/posts\/12429\/revisions\/12431"}],"wp:attachment":[{"href":"https:\/\/agora.xtec.cat\/escolametllers\/wp-json\/wp\/v2\/media?parent=12429"}],"wp:term":[{"taxonomy":"category","embeddable":true,"href":"https:\/\/agora.xtec.cat\/escolametllers\/wp-json\/wp\/v2\/categories?post=12429"},{"taxonomy":"post_tag","embeddable":true,"href":"https:\/\/agora.xtec.cat\/escolametllers\/wp-json\/wp\/v2\/tags?post=12429"}],"curies":[{"name":"wp","href":"https:\/\/api.w.org\/{rel}","templated":true}]}}