{"id":12354,"date":"2023-10-15T18:56:38","date_gmt":"2023-10-15T16:56:38","guid":{"rendered":"https:\/\/agora.xtec.cat\/escolametllers\/?p=12354"},"modified":"2023-11-04T09:15:27","modified_gmt":"2023-11-04T08:15:27","slug":"festa-de-benvinguda-6","status":"publish","type":"post","link":"https:\/\/agora.xtec.cat\/escolametllers\/primaria\/prom17a\/festa-de-benvinguda-6\/","title":{"rendered":"FESTA DE BENVINGUDA"},"content":{"rendered":"<p style=\"text-align: left;\">El dimecres 11 d&#8217;octubre hem celebrat la Festa de Benvinguda amb tots els nens i nenes de l&#8217;escola.<\/p>\n<p style=\"text-align: left;\">Relacionat amb el nom de la classe, hem elaborat un petit detall decoratiu i hem ballat una can\u00e7\u00f3 que ens parlava de la import\u00e0ncia de fer un bon esmorzar!<\/p>\n<p style=\"text-align: left;\">Els mestres ens han preparat un ball sorpresa on calia moure molt el cos.<\/p>\n<p style=\"text-align: left;\">Finalment tots junts hem cantat una can\u00e7\u00f3 relacionada amb el lema d&#8217;aquest curs: CUIDEM-NOS!<\/p>\n<p style=\"text-align: center;\"><a href=\"https:\/\/photos.app.goo.gl\/4PMnu6ivwKYKqVnz8\"><img loading=\"lazy\" decoding=\"async\" class=\"aligncenter size-large\" src=\"https:\/\/lh3.googleusercontent.com\/pw\/ADCreHd9SVPx9L8LqxX_kdZwk7X54RfmQg8zeOmZOOmJ7cIiqMlzK56MJzAxmIRA67cxYEdI8jl1l6DQtLFqH97YElLrOB0H7GRmvL79qrchnkuNp__B-bV1PqMMaj7LhmtiH2fS5JK-3HVhQ4HQkHcbkB72=w640-h480-s-no-gm?authuser=0\" width=\"640\" height=\"480\" \/><\/a><\/p>\n<p><a href=\"https:\/\/photos.app.goo.gl\/4PMnu6ivwKYKqVnz8\"><img loading=\"lazy\" decoding=\"async\" class=\"BiCYpc aligncenter\" src=\"https:\/\/lh3.googleusercontent.com\/pw\/ADCreHeibbgXOLZuZWoJyzkZ_vTXmJOSqoKNo2JyBzZ24kzU6QPlv6LpnJWI9Si3uneU4Sr314lPuFs0NcepDyJC9cNpCibL2VKPrwFf6K-XMYxOKuxrxckriA3OYKrBJkopsmon-aPrvTpRU5c5KeGBXcNdBFKvUsc9qAbbUL7xqnfpGsWNucwK-AvjMOji1xA6QMeVZuC9-AO-dzXlJo_lhGKtvL5rMCtKtvPRuXrvaMOxG_3YUlsSlHT-TM40nzfUzeVwXUKsoElWBHO56AXCpgPhbp1kBO7G-EtvXUlwC0EBN0Me5vCY63qWAVxWNXnmkO8PSHSSZN9e9MBb7RI8rNUoeTQ7R44jKVWtVyJvyZ_kOsxjlc-X6RNJQG90UdR6Z-SNAKw8lMJAuJIEmG27G_ijMCGd6hQBfI3yJp5GnTzsSev5Ei60wtxwssrcRrs37MQKSdRcqvfgz2ZfR2zODPGiJzdzKVl3pt7WVFRzkEPJxSvZZoRICkLSqgo57RWlFale5CPOUqI-b7ZEe_tSjxdPA4bAt8cXRt88dJHGPIHKuOSu65qHY8HQyIBEXhzgeFk7Th4_4mO45jyIeoncUnO443lpr2dRzG5EXfX3P8O8hOv_VU2kCHNPm3I1OMYKwUmXoC4cK8BSdax0vmnoI1wt7LSTBFtll6OFA_X_oKu7ddlYbSF3klKDyOtZdhFlYZRwsAjLAoFBr9-ZlV7AGXsIHNUV5B-5r_6Dvgv5ockC96by8iMM5XtdtKKO6yzcCvqsQmPMoGTPB1t9-WM-BudveuXUnU0pBJtbyKAWZlumeW-CiWTKrZK3_xfY5luRLIjoc2_knQfixNFfHPL8QYDGBK773-rk8MUmOrALL-IqBvaHz7JIVZx8VakjEBkVQimo4PLgpOu8bekdEPphF5fUsCOdIuFGrEp67TMYcVgjNC_FoaCAei96gTQ=w640-h480-s-no?authuser=1\" width=\"519\" height=\"389\" data-iml=\"166975\" aria-label=\"Foto - Paisatge - 11 d\u2019oct. 2023, 15:36:57\" \/><\/a><\/p>\n<p>&nbsp;<\/p>\n","protected":false},"excerpt":{"rendered":"<p>El dimecres 11 d&#8217;octubre hem celebrat la Festa de Benvinguda amb tots els nens i nenes de l&#8217;escola. Relacionat amb el nom de la classe, hem elaborat un petit detall decoratiu i hem ballat una can\u00e7\u00f3 que ens parlava de la import\u00e0ncia de fer un bon esmorzar! Els mestres ens han preparat un ball sorpresa [&hellip;]<\/p>\n","protected":false},"author":50,"featured_media":0,"comment_status":"open","ping_status":"closed","sticky":false,"template":"","format":"standard","meta":{"_bbp_topic_count":0,"_bbp_reply_count":0,"_bbp_total_topic_count":0,"_bbp_total_reply_count":0,"_bbp_voice_count":0,"_bbp_anonymous_reply_count":0,"_bbp_topic_count_hidden":0,"_bbp_reply_count_hidden":0,"_bbp_forum_subforum_count":0,"site-sidebar-layout":"default","site-content-layout":"","ast-site-content-layout":"","site-content-style":"default","site-sidebar-style":"default","ast-global-header-display":"","ast-banner-title-visibility":"","ast-main-header-display":"","ast-hfb-above-header-display":"","ast-hfb-below-header-display":"","ast-hfb-mobile-header-display":"","site-post-title":"","ast-breadcrumbs-content":"","ast-featured-img":"","footer-sml-layout":"","theme-transparent-header-meta":"","adv-header-id-meta":"","stick-header-meta":"","header-above-stick-meta":"","header-main-stick-meta":"","header-below-stick-meta":"","astra-migrate-meta-layouts":"default","ast-page-background-enabled":"default","ast-page-background-meta":{"desktop":{"background-color":"var(--ast-global-color-4)","background-image":"","background-repeat":"repeat","background-position":"center center","background-size":"auto","background-attachment":"scroll","background-type":"","background-media":"","overlay-type":"","overlay-color":"","overlay-opacity":"","overlay-gradient":""},"tablet":{"background-color":"","background-image":"","background-repeat":"repeat","background-position":"center center","background-size":"auto","background-attachment":"scroll","background-type":"","background-media":"","overlay-type":"","overlay-color":"","overlay-opacity":"","overlay-gradient":""},"mobile":{"background-color":"","background-image":"","background-repeat":"repeat","background-position":"center center","background-size":"auto","background-attachment":"scroll","background-type":"","background-media":"","overlay-type":"","overlay-color":"","overlay-opacity":"","overlay-gradient":""}},"ast-content-background-meta":{"desktop":{"background-color":"var(--ast-global-color-5)","background-image":"","background-repeat":"repeat","background-position":"center center","background-size":"auto","background-attachment":"scroll","background-type":"","background-media":"","overlay-type":"","overlay-color":"","overlay-opacity":"","overlay-gradient":""},"tablet":{"background-color":"var(--ast-global-color-5)","background-image":"","background-repeat":"repeat","background-position":"center center","background-size":"auto","background-attachment":"scroll","background-type":"","background-media":"","overlay-type":"","overlay-color":"","overlay-opacity":"","overlay-gradient":""},"mobile":{"background-color":"var(--ast-global-color-5)","background-image":"","background-repeat":"repeat","background-position":"center center","background-size":"auto","background-attachment":"scroll","background-type":"","background-media":"","overlay-type":"","overlay-color":"","overlay-opacity":"","overlay-gradient":""}},"footnotes":""},"categories":[350,3],"tags":[281],"class_list":["post-12354","post","type-post","status-publish","format-standard","hentry","category-23-24","category-prom17a","tag-benvinguda"],"post_mailing_queue_ids":[],"_links":{"self":[{"href":"https:\/\/agora.xtec.cat\/escolametllers\/wp-json\/wp\/v2\/posts\/12354","targetHints":{"allow":["GET"]}}],"collection":[{"href":"https:\/\/agora.xtec.cat\/escolametllers\/wp-json\/wp\/v2\/posts"}],"about":[{"href":"https:\/\/agora.xtec.cat\/escolametllers\/wp-json\/wp\/v2\/types\/post"}],"author":[{"embeddable":true,"href":"https:\/\/agora.xtec.cat\/escolametllers\/wp-json\/wp\/v2\/users\/50"}],"replies":[{"embeddable":true,"href":"https:\/\/agora.xtec.cat\/escolametllers\/wp-json\/wp\/v2\/comments?post=12354"}],"version-history":[{"count":1,"href":"https:\/\/agora.xtec.cat\/escolametllers\/wp-json\/wp\/v2\/posts\/12354\/revisions"}],"predecessor-version":[{"id":12356,"href":"https:\/\/agora.xtec.cat\/escolametllers\/wp-json\/wp\/v2\/posts\/12354\/revisions\/12356"}],"wp:attachment":[{"href":"https:\/\/agora.xtec.cat\/escolametllers\/wp-json\/wp\/v2\/media?parent=12354"}],"wp:term":[{"taxonomy":"category","embeddable":true,"href":"https:\/\/agora.xtec.cat\/escolametllers\/wp-json\/wp\/v2\/categories?post=12354"},{"taxonomy":"post_tag","embeddable":true,"href":"https:\/\/agora.xtec.cat\/escolametllers\/wp-json\/wp\/v2\/tags?post=12354"}],"curies":[{"name":"wp","href":"https:\/\/api.w.org\/{rel}","templated":true}]}}