{"id":12227,"date":"2024-09-09T21:24:27","date_gmt":"2024-09-09T19:24:27","guid":{"rendered":"https:\/\/agora.xtec.cat\/escolametllers\/?p=12227"},"modified":"2024-09-09T21:24:27","modified_gmt":"2024-09-09T19:24:27","slug":"sortida-a-la-cooperativa-caves-artium","status":"publish","type":"post","link":"https:\/\/agora.xtec.cat\/escolametllers\/primaria\/sortida-a-la-cooperativa-caves-artium\/","title":{"rendered":"SORTIDA A LA COOPERATIVA CAVES ARTIUM"},"content":{"rendered":"<p style=\"text-align: justify;\">Avui, les classes de 5\u00e8 A (Les Neurones) i 5\u00e8 B (La Sang), hem gaudit d&#8217;una visita molt educativa a la Cooperativa Caves Artium d&#8217;Art\u00e9s.<\/p>\n<p style=\"text-align: justify;\">L&#8217;Anna, treballadora de l&#8217;empresa, ens ha explicat en detall tot el proc\u00e9s de fabricaci\u00f3 del vi i del cava, des de la verema fins a la fermentaci\u00f3 i l&#8217;embotellament, aix\u00ed com la hist\u00f2ria del celler, que es remunta a l&#8217;any 1908.<\/p>\n<p><a href=\"https:\/\/photos.app.goo.gl\/KarNin4JzUG4eHMg9\"><img loading=\"lazy\" decoding=\"async\" class=\"aligncenter size-large\" src=\"https:\/\/lh3.googleusercontent.com\/pw\/ADCreHfqipjZLF2c1QoeC9-yBO83eMHeZQxWPwAXAcVXeGWALxn3sWO7Q02QnpHVgUd0t0Y8OQBsQuvXdN_SLAUa6LUs_EfjQ-AZ-gPlDmfTRMns4F-5IcfzdYQW459jEup3i9rECO8DeORzbSnjGGUUaqz0=w1024-h768-s-no-gm?authuser=0\" width=\"1024\" height=\"768\" \/><\/a><\/p>\n<p style=\"text-align: justify;\">Ha sigut una visita molt interessant, ja que hem apr\u00e8s moltes coses sobre com funciona una Societat Cooperativa.<\/p>\n<p style=\"text-align: justify;\">Aquests coneixements ben aviat els podrem aplicar en el nostre projecte d&#8217;Emprenedoria. Formarem la nostra pr\u00f2pia Cooperativa!<\/p>\n","protected":false},"excerpt":{"rendered":"<p>Avui, les classes de 5\u00e8 A (Les Neurones) i 5\u00e8 B (La Sang), hem gaudit d&#8217;una visita molt educativa a la Cooperativa Caves Artium d&#8217;Art\u00e9s. L&#8217;Anna, treballadora de l&#8217;empresa, ens ha explicat en detall tot el proc\u00e9s de fabricaci\u00f3 del vi i del cava, des de la verema fins a la fermentaci\u00f3 i l&#8217;embotellament, aix\u00ed [&hellip;]<\/p>\n","protected":false},"author":1,"featured_media":0,"comment_status":"open","ping_status":"closed","sticky":false,"template":"","format":"standard","meta":{"_bbp_topic_count":0,"_bbp_reply_count":0,"_bbp_total_topic_count":0,"_bbp_total_reply_count":0,"_bbp_voice_count":0,"_bbp_anonymous_reply_count":0,"_bbp_topic_count_hidden":0,"_bbp_reply_count_hidden":0,"_bbp_forum_subforum_count":0,"site-sidebar-layout":"default","site-content-layout":"","ast-site-content-layout":"","site-content-style":"default","site-sidebar-style":"default","ast-global-header-display":"","ast-banner-title-visibility":"","ast-main-header-display":"","ast-hfb-above-header-display":"","ast-hfb-below-header-display":"","ast-hfb-mobile-header-display":"","site-post-title":"","ast-breadcrumbs-content":"","ast-featured-img":"","footer-sml-layout":"","theme-transparent-header-meta":"","adv-header-id-meta":"","stick-header-meta":"","header-above-stick-meta":"","header-main-stick-meta":"","header-below-stick-meta":"","astra-migrate-meta-layouts":"default","ast-page-background-enabled":"default","ast-page-background-meta":{"desktop":{"background-color":"var(--ast-global-color-4)","background-image":"","background-repeat":"repeat","background-position":"center center","background-size":"auto","background-attachment":"scroll","background-type":"","background-media":"","overlay-type":"","overlay-color":"","overlay-opacity":"","overlay-gradient":""},"tablet":{"background-color":"","background-image":"","background-repeat":"repeat","background-position":"center center","background-size":"auto","background-attachment":"scroll","background-type":"","background-media":"","overlay-type":"","overlay-color":"","overlay-opacity":"","overlay-gradient":""},"mobile":{"background-color":"","background-image":"","background-repeat":"repeat","background-position":"center center","background-size":"auto","background-attachment":"scroll","background-type":"","background-media":"","overlay-type":"","overlay-color":"","overlay-opacity":"","overlay-gradient":""}},"ast-content-background-meta":{"desktop":{"background-color":"var(--ast-global-color-5)","background-image":"","background-repeat":"repeat","background-position":"center center","background-size":"auto","background-attachment":"scroll","background-type":"","background-media":"","overlay-type":"","overlay-color":"","overlay-opacity":"","overlay-gradient":""},"tablet":{"background-color":"var(--ast-global-color-5)","background-image":"","background-repeat":"repeat","background-position":"center center","background-size":"auto","background-attachment":"scroll","background-type":"","background-media":"","overlay-type":"","overlay-color":"","overlay-opacity":"","overlay-gradient":""},"mobile":{"background-color":"var(--ast-global-color-5)","background-image":"","background-repeat":"repeat","background-position":"center center","background-size":"auto","background-attachment":"scroll","background-type":"","background-media":"","overlay-type":"","overlay-color":"","overlay-opacity":"","overlay-gradient":""}},"footnotes":""},"categories":[350,124,5,12,75],"tags":[225,16],"class_list":["post-12227","post","type-post","status-publish","format-standard","hentry","category-23-24","category-emprenedoria5e","category-primaria","category-prom13a","category-prom13b","tag-cooperativa","tag-sortides"],"post_mailing_queue_ids":[],"_links":{"self":[{"href":"https:\/\/agora.xtec.cat\/escolametllers\/wp-json\/wp\/v2\/posts\/12227","targetHints":{"allow":["GET"]}}],"collection":[{"href":"https:\/\/agora.xtec.cat\/escolametllers\/wp-json\/wp\/v2\/posts"}],"about":[{"href":"https:\/\/agora.xtec.cat\/escolametllers\/wp-json\/wp\/v2\/types\/post"}],"author":[{"embeddable":true,"href":"https:\/\/agora.xtec.cat\/escolametllers\/wp-json\/wp\/v2\/users\/1"}],"replies":[{"embeddable":true,"href":"https:\/\/agora.xtec.cat\/escolametllers\/wp-json\/wp\/v2\/comments?post=12227"}],"version-history":[{"count":1,"href":"https:\/\/agora.xtec.cat\/escolametllers\/wp-json\/wp\/v2\/posts\/12227\/revisions"}],"predecessor-version":[{"id":14285,"href":"https:\/\/agora.xtec.cat\/escolametllers\/wp-json\/wp\/v2\/posts\/12227\/revisions\/14285"}],"wp:attachment":[{"href":"https:\/\/agora.xtec.cat\/escolametllers\/wp-json\/wp\/v2\/media?parent=12227"}],"wp:term":[{"taxonomy":"category","embeddable":true,"href":"https:\/\/agora.xtec.cat\/escolametllers\/wp-json\/wp\/v2\/categories?post=12227"},{"taxonomy":"post_tag","embeddable":true,"href":"https:\/\/agora.xtec.cat\/escolametllers\/wp-json\/wp\/v2\/tags?post=12227"}],"curies":[{"name":"wp","href":"https:\/\/api.w.org\/{rel}","templated":true}]}}