{"id":11946,"date":"2023-06-29T13:18:41","date_gmt":"2023-06-29T11:18:41","guid":{"rendered":"https:\/\/agora.xtec.cat\/escolametllers\/?p=11946"},"modified":"2023-06-29T13:18:41","modified_gmt":"2023-06-29T11:18:41","slug":"plantada-darbres","status":"publish","type":"post","link":"https:\/\/agora.xtec.cat\/escolametllers\/infantil\/plantada-darbres\/","title":{"rendered":"PLANTADA D&#8217;ARBRES"},"content":{"rendered":"<p><a href=\"https:\/\/photos.app.goo.gl\/67ZEWfQijh7WmcGB9\"><img loading=\"lazy\" decoding=\"async\" class=\"alignnone size-full wp-image-11948\" src=\"https:\/\/agora.xtec.cat\/escolametllers\/wp-content\/uploads\/usu1580\/2023\/06\/IMG-20230526-WA0052.jpg\" alt=\"\" width=\"1024\" height=\"768\" srcset=\"https:\/\/agora.xtec.cat\/escolametllers\/wp-content\/uploads\/usu1580\/2023\/06\/IMG-20230526-WA0052.jpg 1024w, https:\/\/agora.xtec.cat\/escolametllers\/wp-content\/uploads\/usu1580\/2023\/06\/IMG-20230526-WA0052-300x225.jpg 300w, https:\/\/agora.xtec.cat\/escolametllers\/wp-content\/uploads\/usu1580\/2023\/06\/IMG-20230526-WA0052-768x576.jpg 768w, https:\/\/agora.xtec.cat\/escolametllers\/wp-content\/uploads\/usu1580\/2023\/06\/IMG-20230526-WA0052-200x150.jpg 200w\" sizes=\"auto, (max-width: 1024px) 100vw, 1024px\" \/><\/a>El divendres 26 de maig els infants de la Classe del Foc vam anar al bosc de davant l\u2019escola a fer una <strong>plantada d\u2019arbres.<\/strong> Aquesta activitat va simbolitzar la cloenda al projecte d\u2019aula que hem anat treballant al llarg del curs: <strong>Qu\u00e8 passa si un bosc es crema?<\/strong><\/p>\n<p>Despr\u00e9s de parlar amb els nens i nenes de les tr\u00e0giques conseq\u00fc\u00e8ncies derivades dels incendis forestals (es cremen els arbres, es moren molts animals, es cremen algunes cases, etc.), vam arribar a la conclusi\u00f3 que el producte final del nostre projecte havia de ser una activitat que don\u00e9s molta import\u00e0ncia al fet que els boscos s\u00f3n necessaris per viure, i &#8230; qu\u00e8 millor que fer una plantada d\u2019arbres!<\/p>\n<p>Vam decidir que la far\u00edem un divendres a la tarda, aprofitant que ja anem al bosc. A m\u00e9s, com que les fam\u00edlies tamb\u00e9 ens hi solen acompanyar, seria un dia perfecte per a convidar a venir a tothom qui volgu\u00e9s. I la veritat \u00e9s que la col.laboraci\u00f3 de mares, pares i avis va ser molt gran!<\/p>\n<p>Vam plantar 7 alzines i a cada una hi vam posar un r\u00e8tol explicant el motiu de la plantada i els noms dels infants que l\u2019havien portat a terme. Tamb\u00e9 hi havia un petit escrit que demanava que la gent que es trob\u00e9s les alzines, les respect\u00e9s. A m\u00e9s els nens i nenes es van comprometre a cuidar de les alzines i anar-les a regar sovint, o b\u00e9 amb l\u2019escola o b\u00e9 amb la fam\u00edlia.<\/p>\n<p>Va ser una experi\u00e8ncia molt gratificant per a tothom que ens va ajudar a sensibilitzar als infants en el fet que cal cuidar i estimar la natura i l\u2019entorn que ens envolta.<\/p>\n<p>MOLTES GR\u00c0CIES PER LA VOSTRA COLABORACI\u00d3 FAM\u00cdLIES<\/p>\n","protected":false},"excerpt":{"rendered":"<p>El divendres 26 de maig els infants de la Classe del Foc vam anar al bosc de davant l\u2019escola a fer una plantada d\u2019arbres. Aquesta activitat va simbolitzar la cloenda al projecte d\u2019aula que hem anat treballant al llarg del curs: Qu\u00e8 passa si un bosc es crema? Despr\u00e9s de parlar amb els nens i [&hellip;]<\/p>\n","protected":false},"author":1,"featured_media":0,"comment_status":"open","ping_status":"closed","sticky":false,"template":"","format":"standard","meta":{"_bbp_topic_count":0,"_bbp_reply_count":0,"_bbp_total_topic_count":0,"_bbp_total_reply_count":0,"_bbp_voice_count":0,"_bbp_anonymous_reply_count":0,"_bbp_topic_count_hidden":0,"_bbp_reply_count_hidden":0,"_bbp_forum_subforum_count":0,"site-sidebar-layout":"default","site-content-layout":"","ast-site-content-layout":"","site-content-style":"default","site-sidebar-style":"default","ast-global-header-display":"","ast-banner-title-visibility":"","ast-main-header-display":"","ast-hfb-above-header-display":"","ast-hfb-below-header-display":"","ast-hfb-mobile-header-display":"","site-post-title":"","ast-breadcrumbs-content":"","ast-featured-img":"","footer-sml-layout":"","theme-transparent-header-meta":"","adv-header-id-meta":"","stick-header-meta":"","header-above-stick-meta":"","header-main-stick-meta":"","header-below-stick-meta":"","astra-migrate-meta-layouts":"default","ast-page-background-enabled":"default","ast-page-background-meta":{"desktop":{"background-color":"var(--ast-global-color-4)","background-image":"","background-repeat":"repeat","background-position":"center center","background-size":"auto","background-attachment":"scroll","background-type":"","background-media":"","overlay-type":"","overlay-color":"","overlay-opacity":"","overlay-gradient":""},"tablet":{"background-color":"","background-image":"","background-repeat":"repeat","background-position":"center center","background-size":"auto","background-attachment":"scroll","background-type":"","background-media":"","overlay-type":"","overlay-color":"","overlay-opacity":"","overlay-gradient":""},"mobile":{"background-color":"","background-image":"","background-repeat":"repeat","background-position":"center center","background-size":"auto","background-attachment":"scroll","background-type":"","background-media":"","overlay-type":"","overlay-color":"","overlay-opacity":"","overlay-gradient":""}},"ast-content-background-meta":{"desktop":{"background-color":"var(--ast-global-color-5)","background-image":"","background-repeat":"repeat","background-position":"center center","background-size":"auto","background-attachment":"scroll","background-type":"","background-media":"","overlay-type":"","overlay-color":"","overlay-opacity":"","overlay-gradient":""},"tablet":{"background-color":"var(--ast-global-color-5)","background-image":"","background-repeat":"repeat","background-position":"center center","background-size":"auto","background-attachment":"scroll","background-type":"","background-media":"","overlay-type":"","overlay-color":"","overlay-opacity":"","overlay-gradient":""},"mobile":{"background-color":"var(--ast-global-color-5)","background-image":"","background-repeat":"repeat","background-position":"center center","background-size":"auto","background-attachment":"scroll","background-type":"","background-media":"","overlay-type":"","overlay-color":"","overlay-opacity":"","overlay-gradient":""}},"footnotes":""},"categories":[258,8,2],"tags":[204],"class_list":["post-11946","post","type-post","status-publish","format-standard","hentry","category-22-23","category-eic","category-infantil","tag-projectes"],"post_mailing_queue_ids":[],"_links":{"self":[{"href":"https:\/\/agora.xtec.cat\/escolametllers\/wp-json\/wp\/v2\/posts\/11946","targetHints":{"allow":["GET"]}}],"collection":[{"href":"https:\/\/agora.xtec.cat\/escolametllers\/wp-json\/wp\/v2\/posts"}],"about":[{"href":"https:\/\/agora.xtec.cat\/escolametllers\/wp-json\/wp\/v2\/types\/post"}],"author":[{"embeddable":true,"href":"https:\/\/agora.xtec.cat\/escolametllers\/wp-json\/wp\/v2\/users\/1"}],"replies":[{"embeddable":true,"href":"https:\/\/agora.xtec.cat\/escolametllers\/wp-json\/wp\/v2\/comments?post=11946"}],"version-history":[{"count":2,"href":"https:\/\/agora.xtec.cat\/escolametllers\/wp-json\/wp\/v2\/posts\/11946\/revisions"}],"predecessor-version":[{"id":11949,"href":"https:\/\/agora.xtec.cat\/escolametllers\/wp-json\/wp\/v2\/posts\/11946\/revisions\/11949"}],"wp:attachment":[{"href":"https:\/\/agora.xtec.cat\/escolametllers\/wp-json\/wp\/v2\/media?parent=11946"}],"wp:term":[{"taxonomy":"category","embeddable":true,"href":"https:\/\/agora.xtec.cat\/escolametllers\/wp-json\/wp\/v2\/categories?post=11946"},{"taxonomy":"post_tag","embeddable":true,"href":"https:\/\/agora.xtec.cat\/escolametllers\/wp-json\/wp\/v2\/tags?post=11946"}],"curies":[{"name":"wp","href":"https:\/\/api.w.org\/{rel}","templated":true}]}}