{"id":11894,"date":"2023-06-18T17:11:12","date_gmt":"2023-06-18T15:11:12","guid":{"rendered":"https:\/\/agora.xtec.cat\/escolametllers\/?p=11894"},"modified":"2023-06-20T13:33:58","modified_gmt":"2023-06-20T11:33:58","slug":"musica-en-directe","status":"publish","type":"post","link":"https:\/\/agora.xtec.cat\/escolametllers\/infantil\/musica-en-directe\/","title":{"rendered":"M\u00daSICA EN DIRECTE"},"content":{"rendered":"<p>L&#8217;avi del Roc, de la classe d&#8217;EIB, ha vingut a l&#8217;escola amb el seu grup de m\u00fasica. Ens han oferit un concert en directe. Hem pogut gaudir del so de la trompeta, del saxo i de la bateria.<\/p>\n<p><span style=\"font-family: inherit; font-size: 1em;\">Gr\u00e0cies per fer-nos passar un mat\u00ed amb molt ritme i disbauxa!!<\/span><\/p>\n<p><a href=\"https:\/\/photos.app.goo.gl\/TLAvxRUkiJK49Kp66\"><img loading=\"lazy\" decoding=\"async\" class=\"aligncenter\" src=\"https:\/\/lh3.googleusercontent.com\/oFtbtLwNK4lPIbyVlOzRIq6eD9kDDB3BtwiaGe_nzNRbnYrzw_YLYPAKbvzEd-loVbB93xMHiXSaPUGr1lsaq_lg9-QPX0gWGKaGWqE7Ym2-EYdryHfqpHU9z-sQCWq-zQ-D-YG6AohVzZ9Yh3WidgYo43uWKjcIc565rmdO8TEn8yQndYowTEvg4AmWhvLIQQu9Za2fxLh6Tzdsks79aj17LfK260RPr5M8Qr3D0mXjJe4_kuO1k8muglXoXsFrgC4hCBugCU-bx3NQe1-t9J2c9FLcnMH2TZIS1CN4eCRu1bW9NkrfhRiOW0oPhahHqYeMfw2YSf8c5BrIOa3IAQxDM_b3m996eCQUMO9l3EZugZjYeBuEPIx2uWxNYsAVoLeVsYXloEOGvWiPNFO9vE6snmclSaRUMzBWee22tig7BlUghsZTekPOsH-4qUWlSfZ6Pp1wj8iiGPJ4HGeNBTT2gCawzknU_zSKBjMysmCmuqEchW0I0paJnpX-0yLLTYiyk0DJ7uy5BOZmh5YirEWuCpORxO1wm_vuua0BIBiIwoJav7fV4R4E5tSDweJDoGxtjGu4chDdjbZQYyuaDDwt--mpZxBJTvZksSYmDlnv4d9I3HeXvyHuBFEYafoXJUoTKVqJIyhyduf2L2c-yWxmjzYsWxUb1j_eTwWyJQodbfxotROuE_9W9BdoLOfS7cSNbiFJ78gU2NvTcFPr0vKPPp_ukRYzKduRnoi5vl-XVeZ924c_hlwcq8y5ur91DnrHUr6zVf1vta1zZWW6-POEAoLxAAGmINe8yDwtoECGXw2eIx-gfTRa84tNiz4Rnc4vlIZ4Gpg2cJDHdW6wKgsClN1S-vY5rS_vRDP4lOKaPkdY8xwTNAT7iORd9S6LPjHWquHmhLk0J3AYoSEyceypGRQZuLToPZxmKSmKAIQJPR66op5FTEYqiu9EZTOqyThdKTjOo9bsNCxn8V3l=w816-h816-s-no?authuser=1\" width=\"555\" height=\"555\" \/><\/a><\/p>\n<p>&nbsp;<\/p>\n","protected":false},"excerpt":{"rendered":"<p>L&#8217;avi del Roc, de la classe d&#8217;EIB, ha vingut a l&#8217;escola amb el seu grup de m\u00fasica. Ens han oferit un concert en directe. Hem pogut gaudir del so de la trompeta, del saxo i de la bateria. Gr\u00e0cies per fer-nos passar un mat\u00ed amb molt ritme i disbauxa!! &nbsp;<\/p>\n","protected":false},"author":46,"featured_media":0,"comment_status":"open","ping_status":"closed","sticky":false,"template":"","format":"standard","meta":{"_bbp_topic_count":0,"_bbp_reply_count":0,"_bbp_total_topic_count":0,"_bbp_total_reply_count":0,"_bbp_voice_count":0,"_bbp_anonymous_reply_count":0,"_bbp_topic_count_hidden":0,"_bbp_reply_count_hidden":0,"_bbp_forum_subforum_count":0,"site-sidebar-layout":"default","site-content-layout":"","ast-site-content-layout":"","site-content-style":"default","site-sidebar-style":"default","ast-global-header-display":"","ast-banner-title-visibility":"","ast-main-header-display":"","ast-hfb-above-header-display":"","ast-hfb-below-header-display":"","ast-hfb-mobile-header-display":"","site-post-title":"","ast-breadcrumbs-content":"","ast-featured-img":"","footer-sml-layout":"","theme-transparent-header-meta":"","adv-header-id-meta":"","stick-header-meta":"","header-above-stick-meta":"","header-main-stick-meta":"","header-below-stick-meta":"","astra-migrate-meta-layouts":"default","ast-page-background-enabled":"default","ast-page-background-meta":{"desktop":{"background-color":"var(--ast-global-color-4)","background-image":"","background-repeat":"repeat","background-position":"center center","background-size":"auto","background-attachment":"scroll","background-type":"","background-media":"","overlay-type":"","overlay-color":"","overlay-opacity":"","overlay-gradient":""},"tablet":{"background-color":"","background-image":"","background-repeat":"repeat","background-position":"center center","background-size":"auto","background-attachment":"scroll","background-type":"","background-media":"","overlay-type":"","overlay-color":"","overlay-opacity":"","overlay-gradient":""},"mobile":{"background-color":"","background-image":"","background-repeat":"repeat","background-position":"center center","background-size":"auto","background-attachment":"scroll","background-type":"","background-media":"","overlay-type":"","overlay-color":"","overlay-opacity":"","overlay-gradient":""}},"ast-content-background-meta":{"desktop":{"background-color":"var(--ast-global-color-5)","background-image":"","background-repeat":"repeat","background-position":"center center","background-size":"auto","background-attachment":"scroll","background-type":"","background-media":"","overlay-type":"","overlay-color":"","overlay-opacity":"","overlay-gradient":""},"tablet":{"background-color":"var(--ast-global-color-5)","background-image":"","background-repeat":"repeat","background-position":"center center","background-size":"auto","background-attachment":"scroll","background-type":"","background-media":"","overlay-type":"","overlay-color":"","overlay-opacity":"","overlay-gradient":""},"mobile":{"background-color":"var(--ast-global-color-5)","background-image":"","background-repeat":"repeat","background-position":"center center","background-size":"auto","background-attachment":"scroll","background-type":"","background-media":"","overlay-type":"","overlay-color":"","overlay-opacity":"","overlay-gradient":""}},"footnotes":""},"categories":[258,279,280,8,2,3,61],"tags":[90],"class_list":["post-11894","post","type-post","status-publish","format-standard","hentry","category-22-23","category-eia","category-eib","category-eic","category-infantil","category-prom17a","category-prom17b","tag-musica"],"post_mailing_queue_ids":[],"_links":{"self":[{"href":"https:\/\/agora.xtec.cat\/escolametllers\/wp-json\/wp\/v2\/posts\/11894","targetHints":{"allow":["GET"]}}],"collection":[{"href":"https:\/\/agora.xtec.cat\/escolametllers\/wp-json\/wp\/v2\/posts"}],"about":[{"href":"https:\/\/agora.xtec.cat\/escolametllers\/wp-json\/wp\/v2\/types\/post"}],"author":[{"embeddable":true,"href":"https:\/\/agora.xtec.cat\/escolametllers\/wp-json\/wp\/v2\/users\/46"}],"replies":[{"embeddable":true,"href":"https:\/\/agora.xtec.cat\/escolametllers\/wp-json\/wp\/v2\/comments?post=11894"}],"version-history":[{"count":2,"href":"https:\/\/agora.xtec.cat\/escolametllers\/wp-json\/wp\/v2\/posts\/11894\/revisions"}],"predecessor-version":[{"id":11896,"href":"https:\/\/agora.xtec.cat\/escolametllers\/wp-json\/wp\/v2\/posts\/11894\/revisions\/11896"}],"wp:attachment":[{"href":"https:\/\/agora.xtec.cat\/escolametllers\/wp-json\/wp\/v2\/media?parent=11894"}],"wp:term":[{"taxonomy":"category","embeddable":true,"href":"https:\/\/agora.xtec.cat\/escolametllers\/wp-json\/wp\/v2\/categories?post=11894"},{"taxonomy":"post_tag","embeddable":true,"href":"https:\/\/agora.xtec.cat\/escolametllers\/wp-json\/wp\/v2\/tags?post=11894"}],"curies":[{"name":"wp","href":"https:\/\/api.w.org\/{rel}","templated":true}]}}