{"id":11889,"date":"2023-06-15T22:46:16","date_gmt":"2023-06-15T20:46:16","guid":{"rendered":"https:\/\/agora.xtec.cat\/escolametllers\/?p=11889"},"modified":"2023-06-20T14:43:35","modified_gmt":"2023-06-20T12:43:35","slug":"escoltem-el-clavicembal","status":"publish","type":"post","link":"https:\/\/agora.xtec.cat\/escolametllers\/primaria\/escoltem-el-clavicembal\/","title":{"rendered":"ESCOLTEM EL CLAVIC\u00c8MBAL"},"content":{"rendered":"<p>Hem tingut l&#8217;oportunitat d&#8217;assistir a una audici\u00f3 de clavic\u00e8mbal al Mas Sant Joan. L&#8217;In\u00e9s, la clavicembalista, ens ha explicat que el clavic\u00e8mbal \u00e9s considerat &#8220;l&#8217;avi del piano&#8221;. Hem vist les semblances i difer\u00e8ncies que t\u00e9 amb el piano de cua. Ens ha interpretat unes obres molt boniques i tranquil\u00b7les. En acabar l&#8217;audici\u00f3 hem pogut veure l&#8217;instrument de molt a prop.<\/p>\n<p><a href=\"https:\/\/photos.app.goo.gl\/J6L8K3uxG1XSG5JH6\"><img loading=\"lazy\" decoding=\"async\" class=\"aligncenter\" src=\"https:\/\/lh3.googleusercontent.com\/X6UrdGNKHEA6OrKIWjTJsoQt85LpKF_jJrV4ZycK0XDtIeQOi8mTAoBWtVbj_NfoR6jYr0bOOcnG03amWzoKK21y93PUnG9yrf-G1-xHRQzYBuqxR6hB7RHDaunttdEMYcPpLKPZbD82PieGYXp_Ux5slgjSlkZZ9XpGsF_8W_0slZQ6FDxqi2YTdAMJKwjNDDX-1VAK6SvU9pAjWgTiRGgDoe6e5qDQ530fCmYzrZex7KwoMEQAerl3BQuGSdR72Ao_KNGGbiSkznVrMIU0JjKN76Y4XvgsqRc6ZX0iqO2N0BtBmNnFrtpzbib_FiAwQfAUwmv4fuWzSRomnD3XikXii2q73U9zkHE_0wOCD6gAZZzEKKyCWhEEtxDWDe0OGG3f9UQ9iRk2hi-NF5uz2TCmxg6MSb1fJQGKvBUZqhSbZwvfc-qVL_UlAw7hTp0hhGVZninIWpyQRwG0NzuT31rC-TURx5HLMIDQ5oF3IET74M5yu6uonZgb2LcBTQnzkuof-gbUr_IZoyoDQpzBQEPrmwCAh_2FdI8MMvzZ3515PQHwf5XPnB3ClsHUvVLN0q-_ZoC3y2pG38YtP-OvN3GYInK_Tn4NC2cZiw4Ko2MiWU8RQyDRUWkSgiluSKbDoTh3ZXh2CWY2GoN0ah1PUIOOTf076M6W7wyLgvId02y46FYEwsG2iydSx6-MRXsYDCPtFsNyb_OJE872pMxfIXMc3UTbeBIRCQTTXEKMyACZjFG_DQj_hxcvYqKXt4WpfYTNhBSt6xfDpbnaltqd9XbII6Lj0Dp8EEh2Zv15kK_MhM1qjW7Hk2PQg9mOjnqPyLZ618455Wo-S8e8QM2J_LfBO1hh_UtUfB3CWBq20_u8VaSpBM4nm9r_E7O5ytlnnJjxgNJ1xGnI06an1inlluBvOZsbRnsO0UzSFaVeYYX-vSVeG97zv2vNTPcJblzVijXjt-qkGH5rPgxoJQ=w545-h728-s-no?authuser=0\" width=\"315\" height=\"421\" \/><\/a><\/p>\n","protected":false},"excerpt":{"rendered":"<p>Hem tingut l&#8217;oportunitat d&#8217;assistir a una audici\u00f3 de clavic\u00e8mbal al Mas Sant Joan. L&#8217;In\u00e9s, la clavicembalista, ens ha explicat que el clavic\u00e8mbal \u00e9s considerat &#8220;l&#8217;avi del piano&#8221;. Hem vist les semblances i difer\u00e8ncies que t\u00e9 amb el piano de cua. Ens ha interpretat unes obres molt boniques i tranquil\u00b7les. En acabar l&#8217;audici\u00f3 hem pogut veure [&hellip;]<\/p>\n","protected":false},"author":1,"featured_media":0,"comment_status":"open","ping_status":"closed","sticky":false,"template":"","format":"standard","meta":{"_bbp_topic_count":0,"_bbp_reply_count":0,"_bbp_total_topic_count":0,"_bbp_total_reply_count":0,"_bbp_voice_count":0,"_bbp_anonymous_reply_count":0,"_bbp_topic_count_hidden":0,"_bbp_reply_count_hidden":0,"_bbp_forum_subforum_count":0,"site-sidebar-layout":"default","site-content-layout":"","ast-site-content-layout":"","site-content-style":"default","site-sidebar-style":"default","ast-global-header-display":"","ast-banner-title-visibility":"","ast-main-header-display":"","ast-hfb-above-header-display":"","ast-hfb-below-header-display":"","ast-hfb-mobile-header-display":"","site-post-title":"","ast-breadcrumbs-content":"","ast-featured-img":"","footer-sml-layout":"","theme-transparent-header-meta":"","adv-header-id-meta":"","stick-header-meta":"","header-above-stick-meta":"","header-main-stick-meta":"","header-below-stick-meta":"","astra-migrate-meta-layouts":"default","ast-page-background-enabled":"default","ast-page-background-meta":{"desktop":{"background-color":"var(--ast-global-color-4)","background-image":"","background-repeat":"repeat","background-position":"center center","background-size":"auto","background-attachment":"scroll","background-type":"","background-media":"","overlay-type":"","overlay-color":"","overlay-opacity":"","overlay-gradient":""},"tablet":{"background-color":"","background-image":"","background-repeat":"repeat","background-position":"center center","background-size":"auto","background-attachment":"scroll","background-type":"","background-media":"","overlay-type":"","overlay-color":"","overlay-opacity":"","overlay-gradient":""},"mobile":{"background-color":"","background-image":"","background-repeat":"repeat","background-position":"center center","background-size":"auto","background-attachment":"scroll","background-type":"","background-media":"","overlay-type":"","overlay-color":"","overlay-opacity":"","overlay-gradient":""}},"ast-content-background-meta":{"desktop":{"background-color":"var(--ast-global-color-5)","background-image":"","background-repeat":"repeat","background-position":"center center","background-size":"auto","background-attachment":"scroll","background-type":"","background-media":"","overlay-type":"","overlay-color":"","overlay-opacity":"","overlay-gradient":""},"tablet":{"background-color":"var(--ast-global-color-5)","background-image":"","background-repeat":"repeat","background-position":"center center","background-size":"auto","background-attachment":"scroll","background-type":"","background-media":"","overlay-type":"","overlay-color":"","overlay-opacity":"","overlay-gradient":""},"mobile":{"background-color":"var(--ast-global-color-5)","background-image":"","background-repeat":"repeat","background-position":"center center","background-size":"auto","background-attachment":"scroll","background-type":"","background-media":"","overlay-type":"","overlay-color":"","overlay-opacity":"","overlay-gradient":""}},"footnotes":""},"categories":[258,87,5,10,73],"tags":[90],"class_list":["post-11889","post","type-post","status-publish","format-standard","hentry","category-22-23","category-musica","category-primaria","category-prom15a","category-prom15b","tag-musica"],"post_mailing_queue_ids":[],"_links":{"self":[{"href":"https:\/\/agora.xtec.cat\/escolametllers\/wp-json\/wp\/v2\/posts\/11889","targetHints":{"allow":["GET"]}}],"collection":[{"href":"https:\/\/agora.xtec.cat\/escolametllers\/wp-json\/wp\/v2\/posts"}],"about":[{"href":"https:\/\/agora.xtec.cat\/escolametllers\/wp-json\/wp\/v2\/types\/post"}],"author":[{"embeddable":true,"href":"https:\/\/agora.xtec.cat\/escolametllers\/wp-json\/wp\/v2\/users\/1"}],"replies":[{"embeddable":true,"href":"https:\/\/agora.xtec.cat\/escolametllers\/wp-json\/wp\/v2\/comments?post=11889"}],"version-history":[{"count":2,"href":"https:\/\/agora.xtec.cat\/escolametllers\/wp-json\/wp\/v2\/posts\/11889\/revisions"}],"predecessor-version":[{"id":11891,"href":"https:\/\/agora.xtec.cat\/escolametllers\/wp-json\/wp\/v2\/posts\/11889\/revisions\/11891"}],"wp:attachment":[{"href":"https:\/\/agora.xtec.cat\/escolametllers\/wp-json\/wp\/v2\/media?parent=11889"}],"wp:term":[{"taxonomy":"category","embeddable":true,"href":"https:\/\/agora.xtec.cat\/escolametllers\/wp-json\/wp\/v2\/categories?post=11889"},{"taxonomy":"post_tag","embeddable":true,"href":"https:\/\/agora.xtec.cat\/escolametllers\/wp-json\/wp\/v2\/tags?post=11889"}],"curies":[{"name":"wp","href":"https:\/\/api.w.org\/{rel}","templated":true}]}}