{"id":11883,"date":"2023-06-14T23:31:33","date_gmt":"2023-06-14T21:31:33","guid":{"rendered":"https:\/\/agora.xtec.cat\/escolametllers\/?p=11883"},"modified":"2023-06-14T23:31:33","modified_gmt":"2023-06-14T21:31:33","slug":"sant-joan-city-2","status":"publish","type":"post","link":"https:\/\/agora.xtec.cat\/escolametllers\/infantil\/sant-joan-city-2\/","title":{"rendered":"SANT JOAN CITY"},"content":{"rendered":"<p>Tot cantant la can\u00e7\u00f3 \u201cSANT JOAN CITY\u201d de la Festa Major Infantil ens ha perm\u00e8s fer un treball d\u2019acompanyament r\u00edtmic amb els instruments de petita percussi\u00f3. Tamb\u00e9 ens ha anat b\u00e9 per ballar una mica.<\/p>\n<p><a href=\"https:\/\/photos.app.goo.gl\/ftzYqc2Kk8VJxR869\"><img loading=\"lazy\" decoding=\"async\" class=\"aligncenter\" src=\"https:\/\/lh3.googleusercontent.com\/fbQy6a9QT17G5gHA9NmYq__pJiemAuiuGbPge_1QeA8WtJuPOrae4aXsxmg4-PDoav8EZmcjleaXlDIDNwbXz9v8dAXu5A_iGnsnj66QrHp4-_kqt-ouQJP1qoybGtcj80Kp5tzUFbRGYB3qBxd4DXffbMF4NBwA7y4fIy0p0kHy7ougba5uUxijXUvfjGp4NVDHH_wiUbTID2D_jIx20CfodDHdu_Lh0hVV_y-ohenaixx6gjc4g8xQsoGlQR5ldw34EqwyUtSScu_mA2vw4yyBmyWNvWy2O714aWZy5OQ1y-iyBRe-2UFYm59tAqwneSZ1skdwjDI_yxlGMzRzcUfWmqRlN9VN-Wzxys9Yrvy_X4eDfw4F8mDhdNv8naGHHG66xTtaJ-3p3WMTr2qldAA3cnAbiCVXxhMima0p7gXj6Zuj3Wm2eghZY3xp7uN7a-ePyr8rXjfymssMv0Rn-CyysxuI52Fe9OLHfOJjaUmEabkreC3fi3xKqvZ6b2l_LWegWrjpE_2O0mQpbXDZKS3Di2NZtBXKbwJ_4FVG8RqZutto7uE-NfjjbOkVkt9upRoJEsGoxKhDD2Woq5fFNJp_3tmy2rNv3TsxGxKNGIInf2o9NjVo3IrOVQXKqK0dwAozS83O-xz6yrOqiVUE-d9WjFzotJEL4qyLDN7gAzPuwZuwG5mEPG9wqZWpzwZJ7gSNnLD5sXCTGqAycUVTyk7cuHrx7BJdVkXm3bngbMgB8K6hKDeDElmvfEwyN6pIRrGGdmlMuVzshe3z0YuoGI4bEGUShzP9RgJKkzMq0n7Mm8AJ-9oZphx9DPEffNyhN2JD_CJ-6MCC2kl1JrPD_S5senb1RnDqdPTd-26SXVf6xGAEgYom9VJEBDoxlJuVQr70wDPuU37Tn6cfDfj9C3r-bv8c8xMXxk7gO0DSfvbOukvK_ypnfUDl5ZBHJAIvwXwYUGOB9Q_pDiWBXQ=w970-h726-s-no?authuser=1\" width=\"481\" height=\"360\" \/><\/a><\/p>\n","protected":false},"excerpt":{"rendered":"<p>Tot cantant la can\u00e7\u00f3 \u201cSANT JOAN CITY\u201d de la Festa Major Infantil ens ha perm\u00e8s fer un treball d\u2019acompanyament r\u00edtmic amb els instruments de petita percussi\u00f3. Tamb\u00e9 ens ha anat b\u00e9 per ballar una mica.<\/p>\n","protected":false},"author":1,"featured_media":0,"comment_status":"open","ping_status":"closed","sticky":false,"template":"","format":"standard","meta":{"_bbp_topic_count":0,"_bbp_reply_count":0,"_bbp_total_topic_count":0,"_bbp_total_reply_count":0,"_bbp_voice_count":0,"_bbp_anonymous_reply_count":0,"_bbp_topic_count_hidden":0,"_bbp_reply_count_hidden":0,"_bbp_forum_subforum_count":0,"site-sidebar-layout":"default","site-content-layout":"","ast-site-content-layout":"","site-content-style":"default","site-sidebar-style":"default","ast-global-header-display":"","ast-banner-title-visibility":"","ast-main-header-display":"","ast-hfb-above-header-display":"","ast-hfb-below-header-display":"","ast-hfb-mobile-header-display":"","site-post-title":"","ast-breadcrumbs-content":"","ast-featured-img":"","footer-sml-layout":"","theme-transparent-header-meta":"","adv-header-id-meta":"","stick-header-meta":"","header-above-stick-meta":"","header-main-stick-meta":"","header-below-stick-meta":"","astra-migrate-meta-layouts":"default","ast-page-background-enabled":"default","ast-page-background-meta":{"desktop":{"background-color":"var(--ast-global-color-4)","background-image":"","background-repeat":"repeat","background-position":"center center","background-size":"auto","background-attachment":"scroll","background-type":"","background-media":"","overlay-type":"","overlay-color":"","overlay-opacity":"","overlay-gradient":""},"tablet":{"background-color":"","background-image":"","background-repeat":"repeat","background-position":"center center","background-size":"auto","background-attachment":"scroll","background-type":"","background-media":"","overlay-type":"","overlay-color":"","overlay-opacity":"","overlay-gradient":""},"mobile":{"background-color":"","background-image":"","background-repeat":"repeat","background-position":"center center","background-size":"auto","background-attachment":"scroll","background-type":"","background-media":"","overlay-type":"","overlay-color":"","overlay-opacity":"","overlay-gradient":""}},"ast-content-background-meta":{"desktop":{"background-color":"var(--ast-global-color-5)","background-image":"","background-repeat":"repeat","background-position":"center center","background-size":"auto","background-attachment":"scroll","background-type":"","background-media":"","overlay-type":"","overlay-color":"","overlay-opacity":"","overlay-gradient":""},"tablet":{"background-color":"var(--ast-global-color-5)","background-image":"","background-repeat":"repeat","background-position":"center center","background-size":"auto","background-attachment":"scroll","background-type":"","background-media":"","overlay-type":"","overlay-color":"","overlay-opacity":"","overlay-gradient":""},"mobile":{"background-color":"var(--ast-global-color-5)","background-image":"","background-repeat":"repeat","background-position":"center center","background-size":"auto","background-attachment":"scroll","background-type":"","background-media":"","overlay-type":"","overlay-color":"","overlay-opacity":"","overlay-gradient":""}},"footnotes":""},"categories":[258,2,87,61],"tags":[294,90],"class_list":["post-11883","post","type-post","status-publish","format-standard","hentry","category-22-23","category-infantil","category-musica","category-prom17b","tag-festes","tag-musica"],"post_mailing_queue_ids":[],"_links":{"self":[{"href":"https:\/\/agora.xtec.cat\/escolametllers\/wp-json\/wp\/v2\/posts\/11883","targetHints":{"allow":["GET"]}}],"collection":[{"href":"https:\/\/agora.xtec.cat\/escolametllers\/wp-json\/wp\/v2\/posts"}],"about":[{"href":"https:\/\/agora.xtec.cat\/escolametllers\/wp-json\/wp\/v2\/types\/post"}],"author":[{"embeddable":true,"href":"https:\/\/agora.xtec.cat\/escolametllers\/wp-json\/wp\/v2\/users\/1"}],"replies":[{"embeddable":true,"href":"https:\/\/agora.xtec.cat\/escolametllers\/wp-json\/wp\/v2\/comments?post=11883"}],"version-history":[{"count":1,"href":"https:\/\/agora.xtec.cat\/escolametllers\/wp-json\/wp\/v2\/posts\/11883\/revisions"}],"predecessor-version":[{"id":11884,"href":"https:\/\/agora.xtec.cat\/escolametllers\/wp-json\/wp\/v2\/posts\/11883\/revisions\/11884"}],"wp:attachment":[{"href":"https:\/\/agora.xtec.cat\/escolametllers\/wp-json\/wp\/v2\/media?parent=11883"}],"wp:term":[{"taxonomy":"category","embeddable":true,"href":"https:\/\/agora.xtec.cat\/escolametllers\/wp-json\/wp\/v2\/categories?post=11883"},{"taxonomy":"post_tag","embeddable":true,"href":"https:\/\/agora.xtec.cat\/escolametllers\/wp-json\/wp\/v2\/tags?post=11883"}],"curies":[{"name":"wp","href":"https:\/\/api.w.org\/{rel}","templated":true}]}}