{"id":11826,"date":"2023-06-12T14:07:03","date_gmt":"2023-06-12T12:07:03","guid":{"rendered":"https:\/\/agora.xtec.cat\/escolametllers\/?p=11826"},"modified":"2023-06-12T14:07:03","modified_gmt":"2023-06-12T12:07:03","slug":"la-sardana-i-la-cobla-2","status":"publish","type":"post","link":"https:\/\/agora.xtec.cat\/escolametllers\/primaria\/la-sardana-i-la-cobla-2\/","title":{"rendered":"LA SARDANA I LA COBLA"},"content":{"rendered":"<p>Per Sant Jordi vam practicar i ballar una sardana amb tota l\u2019escola. Hem apr\u00e8s el dos punts: curts i llargs. Tamb\u00e9 hem aprofitat per con\u00e8ixer els instruments que formen una cobla, l\u2019agrupaci\u00f3 instrumental que interpreta sardanes.<\/p>\n<p><a href=\"https:\/\/photos.app.goo.gl\/K5GHFuUU8SyqfWBo8\"><img loading=\"lazy\" decoding=\"async\" class=\"aligncenter\" src=\"https:\/\/lh3.googleusercontent.com\/QwXQDcimZ9Iq3L3LtYQuHO3-6BFyIXqXw604bFxhPoh64ozJ0v2xlsdbgYR3jQbtnkwWcIH5DCrnJokVM0Fz9hrc58PDXvIzzcVRHlL2V3qB2g8_VUP7e42gH6CbsJ_XnXyiS18Uzl2HnwoDVPFlCAafO-pc1BA1RNTerD7ZmBsQ-zMAWybwsZuPB-aVvce8N3xyT1fy-g2kFiXseOBPVVlg0Eb-gvEQxP5KtNbP3-W6RN-7OfVWNOnYv_iHS2VOQknA81hkwvmw4gp3rsLIPI3aHXjV1RdiyU1nC3-zasG3HWccAxttQ2V5wIaZOHA5bltzoqt-4BZptzROwTmUfrNn4SMJUU1tLkFMj123GdH32sXEWrTmiIyZKWTGCPlv4T8jp4e_AZaQ3oVROtVusJZB-L94dnhSaBodqOKKdwP2XNF8Lm5DE7TKigSAP7yOQIzGHxmJNnIJ_WRD8ERoh-qvQxIXV1WCXDyX8CWdk40RTjQLansLgpgLoliwmQkeKG7r9xnkbA-SO-IA7cD02-6WQm_qjbOiKkcT9BO6hP7FT1YH4DNiFxxOPsb2YjB2SiuXv7RWUsZIH_zCAdFgmXgQLZTahyVn1QAl4Y_HEsJ4g3Kx72J24boL4bQuq3yuUgQFGBxXzoXOFZNKqGVN1h_4qMXqWQ3oD8et5OfGMGr7ILjjE8sHoikECue-A2H9gjfjDn5FwAtzaC6odWnz0lf23C4DoSXLagmi29BzrQ82AYS_Vm3_hBxd2bWuZJYOsnlF4fxcIyhz8f097Xtl7phaIRxXlYFltlaGVTTRk2cEyqKZOMpVJtdHc77hyzb2QhEDBprCLcjZkzDEWW4lig55Wu5sVrO9nHTYTYn6YtTWh2I1B0-SE7AB8VJSIVmweO-iYA4osgttOs_UGWQU7pNbiEW1Si3W_BkWTraG6tzgt7p78hDHLqq9X3GjCHCfLjMR7EVPdjbFUfKENeRrRcP9JtAhaakX4bHALZfLBTzbqYOI9r0=w1040-h780-s-no?authuser=2\" width=\"540\" height=\"405\" \/><\/a><\/p>\n","protected":false},"excerpt":{"rendered":"<p>Per Sant Jordi vam practicar i ballar una sardana amb tota l\u2019escola. Hem apr\u00e8s el dos punts: curts i llargs. Tamb\u00e9 hem aprofitat per con\u00e8ixer els instruments que formen una cobla, l\u2019agrupaci\u00f3 instrumental que interpreta sardanes.<\/p>\n","protected":false},"author":1,"featured_media":0,"comment_status":"open","ping_status":"closed","sticky":false,"template":"","format":"standard","meta":{"_bbp_topic_count":0,"_bbp_reply_count":0,"_bbp_total_topic_count":0,"_bbp_total_reply_count":0,"_bbp_voice_count":0,"_bbp_anonymous_reply_count":0,"_bbp_topic_count_hidden":0,"_bbp_reply_count_hidden":0,"_bbp_forum_subforum_count":0,"site-sidebar-layout":"default","site-content-layout":"","ast-site-content-layout":"","site-content-style":"default","site-sidebar-style":"default","ast-global-header-display":"","ast-banner-title-visibility":"","ast-main-header-display":"","ast-hfb-above-header-display":"","ast-hfb-below-header-display":"","ast-hfb-mobile-header-display":"","site-post-title":"","ast-breadcrumbs-content":"","ast-featured-img":"","footer-sml-layout":"","theme-transparent-header-meta":"","adv-header-id-meta":"","stick-header-meta":"","header-above-stick-meta":"","header-main-stick-meta":"","header-below-stick-meta":"","astra-migrate-meta-layouts":"default","ast-page-background-enabled":"default","ast-page-background-meta":{"desktop":{"background-color":"var(--ast-global-color-4)","background-image":"","background-repeat":"repeat","background-position":"center center","background-size":"auto","background-attachment":"scroll","background-type":"","background-media":"","overlay-type":"","overlay-color":"","overlay-opacity":"","overlay-gradient":""},"tablet":{"background-color":"","background-image":"","background-repeat":"repeat","background-position":"center center","background-size":"auto","background-attachment":"scroll","background-type":"","background-media":"","overlay-type":"","overlay-color":"","overlay-opacity":"","overlay-gradient":""},"mobile":{"background-color":"","background-image":"","background-repeat":"repeat","background-position":"center center","background-size":"auto","background-attachment":"scroll","background-type":"","background-media":"","overlay-type":"","overlay-color":"","overlay-opacity":"","overlay-gradient":""}},"ast-content-background-meta":{"desktop":{"background-color":"var(--ast-global-color-5)","background-image":"","background-repeat":"repeat","background-position":"center center","background-size":"auto","background-attachment":"scroll","background-type":"","background-media":"","overlay-type":"","overlay-color":"","overlay-opacity":"","overlay-gradient":""},"tablet":{"background-color":"var(--ast-global-color-5)","background-image":"","background-repeat":"repeat","background-position":"center center","background-size":"auto","background-attachment":"scroll","background-type":"","background-media":"","overlay-type":"","overlay-color":"","overlay-opacity":"","overlay-gradient":""},"mobile":{"background-color":"var(--ast-global-color-5)","background-image":"","background-repeat":"repeat","background-position":"center center","background-size":"auto","background-attachment":"scroll","background-type":"","background-media":"","overlay-type":"","overlay-color":"","overlay-opacity":"","overlay-gradient":""}},"footnotes":""},"categories":[258,87,5,75],"tags":[90,242],"class_list":["post-11826","post","type-post","status-publish","format-standard","hentry","category-22-23","category-musica","category-primaria","category-prom13b","tag-musica","tag-sant-jordi"],"post_mailing_queue_ids":[],"_links":{"self":[{"href":"https:\/\/agora.xtec.cat\/escolametllers\/wp-json\/wp\/v2\/posts\/11826","targetHints":{"allow":["GET"]}}],"collection":[{"href":"https:\/\/agora.xtec.cat\/escolametllers\/wp-json\/wp\/v2\/posts"}],"about":[{"href":"https:\/\/agora.xtec.cat\/escolametllers\/wp-json\/wp\/v2\/types\/post"}],"author":[{"embeddable":true,"href":"https:\/\/agora.xtec.cat\/escolametllers\/wp-json\/wp\/v2\/users\/1"}],"replies":[{"embeddable":true,"href":"https:\/\/agora.xtec.cat\/escolametllers\/wp-json\/wp\/v2\/comments?post=11826"}],"version-history":[{"count":1,"href":"https:\/\/agora.xtec.cat\/escolametllers\/wp-json\/wp\/v2\/posts\/11826\/revisions"}],"predecessor-version":[{"id":11827,"href":"https:\/\/agora.xtec.cat\/escolametllers\/wp-json\/wp\/v2\/posts\/11826\/revisions\/11827"}],"wp:attachment":[{"href":"https:\/\/agora.xtec.cat\/escolametllers\/wp-json\/wp\/v2\/media?parent=11826"}],"wp:term":[{"taxonomy":"category","embeddable":true,"href":"https:\/\/agora.xtec.cat\/escolametllers\/wp-json\/wp\/v2\/categories?post=11826"},{"taxonomy":"post_tag","embeddable":true,"href":"https:\/\/agora.xtec.cat\/escolametllers\/wp-json\/wp\/v2\/tags?post=11826"}],"curies":[{"name":"wp","href":"https:\/\/api.w.org\/{rel}","templated":true}]}}