{"id":11742,"date":"2023-05-26T13:36:40","date_gmt":"2023-05-26T11:36:40","guid":{"rendered":"https:\/\/agora.xtec.cat\/escolametllers\/?p=11742"},"modified":"2023-05-26T13:36:40","modified_gmt":"2023-05-26T11:36:40","slug":"sortida-granja-el-mujal","status":"publish","type":"post","link":"https:\/\/agora.xtec.cat\/escolametllers\/infantil\/sortida-granja-el-mujal\/","title":{"rendered":"SORTIDA GRANJA EL MUJAL"},"content":{"rendered":"<p lang=\"ca-ES\"><a href=\"https:\/\/photos.app.goo.gl\/zQpzNmD7VHCyhqmB6\"><img loading=\"lazy\" decoding=\"async\" class=\"alignnone size-large wp-image-11743\" src=\"https:\/\/agora.xtec.cat\/escolametllers\/wp-content\/uploads\/usu1580\/2023\/05\/WhatsApp-Image-2023-05-26-at-13.16.51-1-1024x768.jpeg\" alt=\"\" width=\"1024\" height=\"768\" srcset=\"https:\/\/agora.xtec.cat\/escolametllers\/wp-content\/uploads\/usu1580\/2023\/05\/WhatsApp-Image-2023-05-26-at-13.16.51-1-1024x768.jpeg 1024w, https:\/\/agora.xtec.cat\/escolametllers\/wp-content\/uploads\/usu1580\/2023\/05\/WhatsApp-Image-2023-05-26-at-13.16.51-1-300x225.jpeg 300w, https:\/\/agora.xtec.cat\/escolametllers\/wp-content\/uploads\/usu1580\/2023\/05\/WhatsApp-Image-2023-05-26-at-13.16.51-1-768x576.jpeg 768w, https:\/\/agora.xtec.cat\/escolametllers\/wp-content\/uploads\/usu1580\/2023\/05\/WhatsApp-Image-2023-05-26-at-13.16.51-1-1536x1152.jpeg 1536w, https:\/\/agora.xtec.cat\/escolametllers\/wp-content\/uploads\/usu1580\/2023\/05\/WhatsApp-Image-2023-05-26-at-13.16.51-1-200x150.jpeg 200w, https:\/\/agora.xtec.cat\/escolametllers\/wp-content\/uploads\/usu1580\/2023\/05\/WhatsApp-Image-2023-05-26-at-13.16.51-1.jpeg 2040w\" sizes=\"auto, (max-width: 1024px) 100vw, 1024px\" \/><\/a><\/p>\n<p class=\"western\" lang=\"ca-ES\"><span style=\"font-family: Arial, serif;\"><span style=\"font-size: large;\">Els nens i nenes d\u2019EI3\/4 hem posat el punt i final de les nostres sortides anant al Centre d\u2019Apropament de la Natura que hi ha al <\/span><\/span><span style=\"font-family: Arial, serif;\"><span style=\"font-size: large;\"><b>Mujal<\/b><\/span><\/span><span style=\"font-family: Arial, serif;\"><span style=\"font-size: large;\"> (Nav\u00e0s). Aquesta sortida ens ha perm\u00e8s con\u00e8ixer diferents esp\u00e8cies d\u2019animals: mam\u00edfers, aus, r\u00e8ptils&#8230;Mireu quines bestioles tan interessants hem pogut veure (i en alguns casos tocar): tortugues de terra gegants, em\u00fas, ovelles, cabres, daines, esquirols, mofetes, teixons, mussols, \u00e0guiles, guineus, porcs espins, porcs vietnamites, gallines monyudes&#8230;Per\u00f2 el que m\u00e9s ens ha agradat ha estat poder tocar les escates dels r\u00e8ptils i aprendre qu\u00e8 era un var\u00e0, un drac barbut , una serp del blat de moro i un guecko lleopard.<\/span><\/span><!--more--><\/p>\n<p class=\"western\" lang=\"ca-ES\"><span style=\"font-family: Arial, serif;\"><span style=\"font-size: large;\">Els monitors de la granja ens han explicat molts secrets d\u2019aquests animals i ens han deixat donar-los menjar. A m\u00e9s tamb\u00e9 ens han ensenyat a tocar-los sense fer-los mal (per l\u2019esquena). Alguns no els hem pogut tocar o b\u00e9 perqu\u00e8 no els agrada gaire o b\u00e9 perqu\u00e8 eren una mica perillosos.<\/span><\/span><\/p>\n<p class=\"western\" lang=\"ca-ES\"><span style=\"font-family: Arial, serif;\"><span style=\"font-size: large;\">Per\u00f2 ha estat una sortida molt bonica i profitosa, que de ben segur recordarem durant molt de temps.<\/span><\/span><\/p>\n<p class=\"western\" lang=\"ca-ES\"><a name=\"_GoBack\"><\/a> <span style=\"font-family: Arial, serif;\"><span style=\"font-size: large;\">Aqu\u00ed us deixem les fotos. Compartiu-les amb els vostres fills i filles, aix\u00ed us explicaran tot all\u00f2 que vam viure i aprendre plegats.<\/span><\/span><\/p>\n","protected":false},"excerpt":{"rendered":"<p>Els nens i nenes d\u2019EI3\/4 hem posat el punt i final de les nostres sortides anant al Centre d\u2019Apropament de la Natura que hi ha al Mujal (Nav\u00e0s). Aquesta sortida ens ha perm\u00e8s con\u00e8ixer diferents esp\u00e8cies d\u2019animals: mam\u00edfers, aus, r\u00e8ptils&#8230;Mireu quines bestioles tan interessants hem pogut veure (i en alguns casos tocar): tortugues de terra [&hellip;]<\/p>\n","protected":false},"author":1,"featured_media":0,"comment_status":"open","ping_status":"closed","sticky":false,"template":"","format":"standard","meta":{"_bbp_topic_count":0,"_bbp_reply_count":0,"_bbp_total_topic_count":0,"_bbp_total_reply_count":0,"_bbp_voice_count":0,"_bbp_anonymous_reply_count":0,"_bbp_topic_count_hidden":0,"_bbp_reply_count_hidden":0,"_bbp_forum_subforum_count":0,"site-sidebar-layout":"default","site-content-layout":"","ast-site-content-layout":"","site-content-style":"default","site-sidebar-style":"default","ast-global-header-display":"","ast-banner-title-visibility":"","ast-main-header-display":"","ast-hfb-above-header-display":"","ast-hfb-below-header-display":"","ast-hfb-mobile-header-display":"","site-post-title":"","ast-breadcrumbs-content":"","ast-featured-img":"","footer-sml-layout":"","theme-transparent-header-meta":"","adv-header-id-meta":"","stick-header-meta":"","header-above-stick-meta":"","header-main-stick-meta":"","header-below-stick-meta":"","astra-migrate-meta-layouts":"default","ast-page-background-enabled":"default","ast-page-background-meta":{"desktop":{"background-color":"var(--ast-global-color-4)","background-image":"","background-repeat":"repeat","background-position":"center center","background-size":"auto","background-attachment":"scroll","background-type":"","background-media":"","overlay-type":"","overlay-color":"","overlay-opacity":"","overlay-gradient":""},"tablet":{"background-color":"","background-image":"","background-repeat":"repeat","background-position":"center center","background-size":"auto","background-attachment":"scroll","background-type":"","background-media":"","overlay-type":"","overlay-color":"","overlay-opacity":"","overlay-gradient":""},"mobile":{"background-color":"","background-image":"","background-repeat":"repeat","background-position":"center center","background-size":"auto","background-attachment":"scroll","background-type":"","background-media":"","overlay-type":"","overlay-color":"","overlay-opacity":"","overlay-gradient":""}},"ast-content-background-meta":{"desktop":{"background-color":"var(--ast-global-color-5)","background-image":"","background-repeat":"repeat","background-position":"center center","background-size":"auto","background-attachment":"scroll","background-type":"","background-media":"","overlay-type":"","overlay-color":"","overlay-opacity":"","overlay-gradient":""},"tablet":{"background-color":"var(--ast-global-color-5)","background-image":"","background-repeat":"repeat","background-position":"center center","background-size":"auto","background-attachment":"scroll","background-type":"","background-media":"","overlay-type":"","overlay-color":"","overlay-opacity":"","overlay-gradient":""},"mobile":{"background-color":"var(--ast-global-color-5)","background-image":"","background-repeat":"repeat","background-position":"center center","background-size":"auto","background-attachment":"scroll","background-type":"","background-media":"","overlay-type":"","overlay-color":"","overlay-opacity":"","overlay-gradient":""}},"footnotes":""},"categories":[258,8,2],"tags":[16],"class_list":["post-11742","post","type-post","status-publish","format-standard","hentry","category-22-23","category-eic","category-infantil","tag-sortides"],"post_mailing_queue_ids":[],"_links":{"self":[{"href":"https:\/\/agora.xtec.cat\/escolametllers\/wp-json\/wp\/v2\/posts\/11742","targetHints":{"allow":["GET"]}}],"collection":[{"href":"https:\/\/agora.xtec.cat\/escolametllers\/wp-json\/wp\/v2\/posts"}],"about":[{"href":"https:\/\/agora.xtec.cat\/escolametllers\/wp-json\/wp\/v2\/types\/post"}],"author":[{"embeddable":true,"href":"https:\/\/agora.xtec.cat\/escolametllers\/wp-json\/wp\/v2\/users\/1"}],"replies":[{"embeddable":true,"href":"https:\/\/agora.xtec.cat\/escolametllers\/wp-json\/wp\/v2\/comments?post=11742"}],"version-history":[{"count":1,"href":"https:\/\/agora.xtec.cat\/escolametllers\/wp-json\/wp\/v2\/posts\/11742\/revisions"}],"predecessor-version":[{"id":11744,"href":"https:\/\/agora.xtec.cat\/escolametllers\/wp-json\/wp\/v2\/posts\/11742\/revisions\/11744"}],"wp:attachment":[{"href":"https:\/\/agora.xtec.cat\/escolametllers\/wp-json\/wp\/v2\/media?parent=11742"}],"wp:term":[{"taxonomy":"category","embeddable":true,"href":"https:\/\/agora.xtec.cat\/escolametllers\/wp-json\/wp\/v2\/categories?post=11742"},{"taxonomy":"post_tag","embeddable":true,"href":"https:\/\/agora.xtec.cat\/escolametllers\/wp-json\/wp\/v2\/tags?post=11742"}],"curies":[{"name":"wp","href":"https:\/\/api.w.org\/{rel}","templated":true}]}}