{"id":11726,"date":"2023-05-25T22:37:58","date_gmt":"2023-05-25T20:37:58","guid":{"rendered":"https:\/\/agora.xtec.cat\/escolametllers\/?p=11726"},"modified":"2023-05-25T22:40:27","modified_gmt":"2023-05-25T20:40:27","slug":"exposicio-del-projecte-a-les-families","status":"publish","type":"post","link":"https:\/\/agora.xtec.cat\/escolametllers\/primaria\/exposicio-del-projecte-a-les-families\/","title":{"rendered":"EXPOSICI\u00d3 DEL PROJECTE A LES FAM\u00cdLIES!"},"content":{"rendered":"<p><span style=\"font-weight: 400;\">El dimarts passat dia 23 de maig, la classe dels Deserts vam convidar a les nostres fam\u00edlies perqu\u00e8 poguessin venir a con\u00e8ixer el qu\u00e8 hav\u00edem apr\u00e8s sobre el projecte \u201cPer qu\u00e8 quan plou cauen gotes?\u201d<\/span><\/p>\n<p><a href=\"https:\/\/agora.xtec.cat\/escolametllers\/wp-content\/uploads\/usu1580\/2023\/05\/IMG_20230523_151414144-scaled.jpg\"><img loading=\"lazy\" decoding=\"async\" class=\"wp-image-11729 alignleft\" src=\"https:\/\/agora.xtec.cat\/escolametllers\/wp-content\/uploads\/usu1580\/2023\/05\/IMG_20230523_151414144-1024x768.jpg\" alt=\"\" width=\"451\" height=\"338\" srcset=\"https:\/\/agora.xtec.cat\/escolametllers\/wp-content\/uploads\/usu1580\/2023\/05\/IMG_20230523_151414144-1024x768.jpg 1024w, https:\/\/agora.xtec.cat\/escolametllers\/wp-content\/uploads\/usu1580\/2023\/05\/IMG_20230523_151414144-300x225.jpg 300w, https:\/\/agora.xtec.cat\/escolametllers\/wp-content\/uploads\/usu1580\/2023\/05\/IMG_20230523_151414144-768x576.jpg 768w, https:\/\/agora.xtec.cat\/escolametllers\/wp-content\/uploads\/usu1580\/2023\/05\/IMG_20230523_151414144-1536x1152.jpg 1536w, https:\/\/agora.xtec.cat\/escolametllers\/wp-content\/uploads\/usu1580\/2023\/05\/IMG_20230523_151414144-2048x1536.jpg 2048w, https:\/\/agora.xtec.cat\/escolametllers\/wp-content\/uploads\/usu1580\/2023\/05\/IMG_20230523_151414144-200x150.jpg 200w\" sizes=\"auto, (max-width: 451px) 100vw, 451px\" \/><\/a><span style=\"font-weight: 400;\">Vam preparar una exposici\u00f3 oral i tamb\u00e9 una exposici\u00f3 de maquetes, murals i llibretes del projecte.<\/span><\/p>\n<p><span style=\"font-weight: 400;\">Tot el que els hi vam explicar a les fam\u00edlies ens ho vam preparar molt b\u00e9, vam fer 8 grups d\u2019alumnes i cada grup va explicar una part del projecte:<\/span><\/p>\n<p><span style=\"font-weight: 400;\">GRUP 1: Benvinguda i contextualitzar xarxa de relacions.<\/span><\/p>\n<p><span style=\"font-weight: 400;\">GRUP 2: Pregunta repte: resposta Gemma Puig.\u00a0<\/span><\/p>\n<p><span style=\"font-weight: 400;\">GRUP 3: Deserts &#8211; continents i curiositats.\u00a0<\/span><\/p>\n<p><span style=\"font-weight: 400;\">GRUP 4: El cicle de l\u2019aigua\u00a0<\/span><\/p>\n<p><span style=\"font-weight: 400;\">GRUP 5: Tipus de n\u00favols<\/span><\/p>\n<p><span style=\"font-weight: 400;\">GRUP 6: Temperatura di\u00e0ria\u00a0<\/span><\/p>\n<p><span style=\"font-weight: 400;\">GRUP 7: Entrevista Gemma Puig &#8211; preguntes.<\/span><\/p>\n<p><span style=\"font-weight: 400;\">GRUP 8: Canvi clim\u00e0tic: desgla\u00e7, sequera, inundacions i animals en perill d\u2019extinci\u00f3.<\/span><\/p>\n<p><a href=\"https:\/\/agora.xtec.cat\/escolametllers\/wp-content\/uploads\/usu1580\/2023\/05\/IMG_20230523_122645831-scaled.jpg\"><img loading=\"lazy\" decoding=\"async\" class=\"wp-image-11732 alignright\" src=\"https:\/\/agora.xtec.cat\/escolametllers\/wp-content\/uploads\/usu1580\/2023\/05\/IMG_20230523_122645831-1024x768.jpg\" alt=\"\" width=\"407\" height=\"305\" srcset=\"https:\/\/agora.xtec.cat\/escolametllers\/wp-content\/uploads\/usu1580\/2023\/05\/IMG_20230523_122645831-1024x768.jpg 1024w, https:\/\/agora.xtec.cat\/escolametllers\/wp-content\/uploads\/usu1580\/2023\/05\/IMG_20230523_122645831-300x225.jpg 300w, https:\/\/agora.xtec.cat\/escolametllers\/wp-content\/uploads\/usu1580\/2023\/05\/IMG_20230523_122645831-768x576.jpg 768w, https:\/\/agora.xtec.cat\/escolametllers\/wp-content\/uploads\/usu1580\/2023\/05\/IMG_20230523_122645831-1536x1152.jpg 1536w, https:\/\/agora.xtec.cat\/escolametllers\/wp-content\/uploads\/usu1580\/2023\/05\/IMG_20230523_122645831-2048x1536.jpg 2048w, https:\/\/agora.xtec.cat\/escolametllers\/wp-content\/uploads\/usu1580\/2023\/05\/IMG_20230523_122645831-200x150.jpg 200w\" sizes=\"auto, (max-width: 407px) 100vw, 407px\" \/><\/a><\/p>\n<p><span style=\"font-weight: 400;\">Les fam\u00edlies van poder escoltar a tot l\u2019alumnat i van poder veure les maquetes que havien elaborat els seus fills i filles. Amb aquesta exposici\u00f3, donem aquest gran projecte per acabat; un projecte que ens ha aportat molt sobre meteorologia i tamb\u00e9 sobre com les nostres actuacions provoquen canvis negatius o positius al planeta Terra.\u00a0<\/span><\/p>\n<p><span style=\"font-weight: 400;\">Agra\u00efm l\u2019assist\u00e8ncia a totes aquelles fam\u00edlies que van poder venir! <\/span><\/p>\n<p><span style=\"font-weight: 400;\">Els nens i nenes van estar molt contents, motivats i satisfets.<\/span><\/p>\n<p>En aquest enlla\u00e7 podreu veure el recull d&#8217;imatges de l&#8217;exposici\u00f3 i tamb\u00e9 de l&#8217;assaig previ:<\/p>\n<p><a href=\"https:\/\/photos.app.goo.gl\/xFBhXPkB2y6JYV3L6\">IMATGES EXPOSICI\u00d3 FAM\u00cdLIES<\/a><\/p>\n<p>&nbsp;<\/p>\n","protected":false},"excerpt":{"rendered":"<p>El dimarts passat dia 23 de maig, la classe dels Deserts vam convidar a les nostres fam\u00edlies perqu\u00e8 poguessin venir a con\u00e8ixer el qu\u00e8 hav\u00edem apr\u00e8s sobre el projecte \u201cPer qu\u00e8 quan plou cauen gotes?\u201d Vam preparar una exposici\u00f3 oral i tamb\u00e9 una exposici\u00f3 de maquetes, murals i llibretes del projecte. Tot el que els [&hellip;]<\/p>\n","protected":false},"author":1,"featured_media":11734,"comment_status":"open","ping_status":"closed","sticky":false,"template":"","format":"standard","meta":{"_bbp_topic_count":0,"_bbp_reply_count":0,"_bbp_total_topic_count":0,"_bbp_total_reply_count":0,"_bbp_voice_count":0,"_bbp_anonymous_reply_count":0,"_bbp_topic_count_hidden":0,"_bbp_reply_count_hidden":0,"_bbp_forum_subforum_count":0,"site-sidebar-layout":"default","site-content-layout":"","ast-site-content-layout":"","site-content-style":"default","site-sidebar-style":"default","ast-global-header-display":"","ast-banner-title-visibility":"","ast-main-header-display":"","ast-hfb-above-header-display":"","ast-hfb-below-header-display":"","ast-hfb-mobile-header-display":"","site-post-title":"","ast-breadcrumbs-content":"","ast-featured-img":"","footer-sml-layout":"","theme-transparent-header-meta":"","adv-header-id-meta":"","stick-header-meta":"","header-above-stick-meta":"","header-main-stick-meta":"","header-below-stick-meta":"","astra-migrate-meta-layouts":"default","ast-page-background-enabled":"default","ast-page-background-meta":{"desktop":{"background-color":"var(--ast-global-color-4)","background-image":"","background-repeat":"repeat","background-position":"center center","background-size":"auto","background-attachment":"scroll","background-type":"","background-media":"","overlay-type":"","overlay-color":"","overlay-opacity":"","overlay-gradient":""},"tablet":{"background-color":"","background-image":"","background-repeat":"repeat","background-position":"center center","background-size":"auto","background-attachment":"scroll","background-type":"","background-media":"","overlay-type":"","overlay-color":"","overlay-opacity":"","overlay-gradient":""},"mobile":{"background-color":"","background-image":"","background-repeat":"repeat","background-position":"center center","background-size":"auto","background-attachment":"scroll","background-type":"","background-media":"","overlay-type":"","overlay-color":"","overlay-opacity":"","overlay-gradient":""}},"ast-content-background-meta":{"desktop":{"background-color":"var(--ast-global-color-5)","background-image":"","background-repeat":"repeat","background-position":"center center","background-size":"auto","background-attachment":"scroll","background-type":"","background-media":"","overlay-type":"","overlay-color":"","overlay-opacity":"","overlay-gradient":""},"tablet":{"background-color":"var(--ast-global-color-5)","background-image":"","background-repeat":"repeat","background-position":"center center","background-size":"auto","background-attachment":"scroll","background-type":"","background-media":"","overlay-type":"","overlay-color":"","overlay-opacity":"","overlay-gradient":""},"mobile":{"background-color":"var(--ast-global-color-5)","background-image":"","background-repeat":"repeat","background-position":"center center","background-size":"auto","background-attachment":"scroll","background-type":"","background-media":"","overlay-type":"","overlay-color":"","overlay-opacity":"","overlay-gradient":""}},"footnotes":""},"categories":[258,5,11],"tags":[232,216,184,204],"class_list":["post-11726","post","type-post","status-publish","format-standard","has-post-thumbnail","hentry","category-22-23","category-primaria","category-prom14a","tag-experiencies","tag-mural","tag-presentacio","tag-projectes"],"post_mailing_queue_ids":[],"_links":{"self":[{"href":"https:\/\/agora.xtec.cat\/escolametllers\/wp-json\/wp\/v2\/posts\/11726","targetHints":{"allow":["GET"]}}],"collection":[{"href":"https:\/\/agora.xtec.cat\/escolametllers\/wp-json\/wp\/v2\/posts"}],"about":[{"href":"https:\/\/agora.xtec.cat\/escolametllers\/wp-json\/wp\/v2\/types\/post"}],"author":[{"embeddable":true,"href":"https:\/\/agora.xtec.cat\/escolametllers\/wp-json\/wp\/v2\/users\/1"}],"replies":[{"embeddable":true,"href":"https:\/\/agora.xtec.cat\/escolametllers\/wp-json\/wp\/v2\/comments?post=11726"}],"version-history":[{"count":2,"href":"https:\/\/agora.xtec.cat\/escolametllers\/wp-json\/wp\/v2\/posts\/11726\/revisions"}],"predecessor-version":[{"id":11735,"href":"https:\/\/agora.xtec.cat\/escolametllers\/wp-json\/wp\/v2\/posts\/11726\/revisions\/11735"}],"wp:featuredmedia":[{"embeddable":true,"href":"https:\/\/agora.xtec.cat\/escolametllers\/wp-json\/wp\/v2\/media\/11734"}],"wp:attachment":[{"href":"https:\/\/agora.xtec.cat\/escolametllers\/wp-json\/wp\/v2\/media?parent=11726"}],"wp:term":[{"taxonomy":"category","embeddable":true,"href":"https:\/\/agora.xtec.cat\/escolametllers\/wp-json\/wp\/v2\/categories?post=11726"},{"taxonomy":"post_tag","embeddable":true,"href":"https:\/\/agora.xtec.cat\/escolametllers\/wp-json\/wp\/v2\/tags?post=11726"}],"curies":[{"name":"wp","href":"https:\/\/api.w.org\/{rel}","templated":true}]}}