{"id":11586,"date":"2023-05-04T13:56:05","date_gmt":"2023-05-04T11:56:05","guid":{"rendered":"https:\/\/agora.xtec.cat\/escolametllers\/?p=11586"},"modified":"2023-05-04T13:56:05","modified_gmt":"2023-05-04T11:56:05","slug":"sant-jordi-23","status":"publish","type":"post","link":"https:\/\/agora.xtec.cat\/escolametllers\/infantil\/sant-jordi-23\/","title":{"rendered":"SANT JORDI &#8217;23"},"content":{"rendered":"<p><a href=\"https:\/\/photos.app.goo.gl\/fFaab2A76HcBx3F3A\"><img loading=\"lazy\" decoding=\"async\" class=\"alignnone size-large wp-image-11587\" src=\"https:\/\/agora.xtec.cat\/escolametllers\/wp-content\/uploads\/usu1580\/2023\/05\/IMG-20230421-WA0003-1024x768.jpg\" alt=\"\" width=\"1024\" height=\"768\" srcset=\"https:\/\/agora.xtec.cat\/escolametllers\/wp-content\/uploads\/usu1580\/2023\/05\/IMG-20230421-WA0003-1024x768.jpg 1024w, https:\/\/agora.xtec.cat\/escolametllers\/wp-content\/uploads\/usu1580\/2023\/05\/IMG-20230421-WA0003-300x225.jpg 300w, https:\/\/agora.xtec.cat\/escolametllers\/wp-content\/uploads\/usu1580\/2023\/05\/IMG-20230421-WA0003-768x576.jpg 768w, https:\/\/agora.xtec.cat\/escolametllers\/wp-content\/uploads\/usu1580\/2023\/05\/IMG-20230421-WA0003-1536x1152.jpg 1536w, https:\/\/agora.xtec.cat\/escolametllers\/wp-content\/uploads\/usu1580\/2023\/05\/IMG-20230421-WA0003-200x150.jpg 200w, https:\/\/agora.xtec.cat\/escolametllers\/wp-content\/uploads\/usu1580\/2023\/05\/IMG-20230421-WA0003.jpg 2048w\" sizes=\"auto, (max-width: 1024px) 100vw, 1024px\" \/><\/a><\/p>\n<p>Com cada any, a finals d\u2019abril tots els alumnes de l\u2019escola hem celebrat la Diada de Sant Jordi. Uns dies abans els infants d\u2019EI3\/4 vam preparar un <strong>Raconet de Sant<\/strong> <strong>Jordi.<\/strong> Vam posar-hi tots els contes que portaven els nens i nenes de casa i els que l\u2019escola havia comprat nous. Tamb\u00e9 vam posar-hi disfresses de cavaller i de princesa, una rosa feta de Goma Eva, etc.<\/p>\n<p>A les classes d\u2019EI3\/4 tamb\u00e9 vam inventar-nos un conte i vam fer una petita manualitat (a la nostra vam fer un punt de llibre).<\/p>\n<p>Pel que fa al conte inventat, del qual ens sentim molt orgullosos, el vam titular<strong><em>: L\u2019UNICORN I ELS SEUS AMICS. <\/em><\/strong>Entre tots el vam il.lustrar i vam dibuixar els personatges del conte i, com que ens va quedar tant bonic, en vam fer c\u00f2pies i aix\u00ed cadasc\u00fa es va poder endur una c\u00f2pia a casa.<\/p>\n<p>Tant el conte inventat com els punts de llibre que vam fer, els vam exposar al vest\u00edbul de Prim\u00e0ria, junt amb tots els treballs de Sant Jordi de la resta d\u2019alumnes de l\u2019escola.<\/p>\n<p>Altres activitats que vam fer al llarg dels dies previs o posteriors a la diada de Sant Jordi varen ser:<\/p>\n<ul>\n<li><strong>Dia 21 d\u2019abril<\/strong>: Vam anar a comprar contes a la paradeta de roses i llibres que va fer l\u2019<strong>AMPA<\/strong> davant la nostra escola.<\/li>\n<li><strong>Dia 25 d\u2019abril<\/strong>: Vam gaudir de la representaci\u00f3 de la Llegenda de Sant Jordi que ens van venir a fer a l\u2019escola el <strong>Servei Ocupacional d\u2019Ampans<\/strong> de Sant Joan de Vilatorrada. Ens va agradar molt i, a m\u00e9s, ens van regalar un titella de pal d\u2019algun dels personatges que surten a la Llegenda.<\/li>\n<li><strong>Dia 26 d\u2019abril<\/strong>: A la tarda vam fer una petita <em>festa<\/em> al pati dels grans. Tots els alumnes de l\u2019escola vam trobar-nos per ballar el <strong>Galop,<\/strong> seguint el ritme de la can\u00e7\u00f3 tot movent alhora el nostre mocador blanc. La festa es va acabar <strong>ballant una sardana<\/strong> tots els mestres i alumnes conjuntament.<\/li>\n<li><strong>Dia 27 d\u2019abril<\/strong>: Vam anar al gimn\u00e0s dels grans a veure la representaci\u00f3 de la Llegenda de Sant Jordi que van fer els alumnes d\u2019EI5 de la nostra escola. Ens va agradar molt\u00edssim! S\u00f3n uns artistes!<\/li>\n<\/ul>\n<p>Aqu\u00ed us deixem un recull de fotos de tot plegat&#8230;<\/p>\n","protected":false},"excerpt":{"rendered":"<p>Com cada any, a finals d\u2019abril tots els alumnes de l\u2019escola hem celebrat la Diada de Sant Jordi. Uns dies abans els infants d\u2019EI3\/4 vam preparar un Raconet de Sant Jordi. Vam posar-hi tots els contes que portaven els nens i nenes de casa i els que l\u2019escola havia comprat nous. Tamb\u00e9 vam posar-hi disfresses [&hellip;]<\/p>\n","protected":false},"author":1,"featured_media":0,"comment_status":"open","ping_status":"closed","sticky":false,"template":"","format":"standard","meta":{"_bbp_topic_count":0,"_bbp_reply_count":0,"_bbp_total_topic_count":0,"_bbp_total_reply_count":0,"_bbp_voice_count":0,"_bbp_anonymous_reply_count":0,"_bbp_topic_count_hidden":0,"_bbp_reply_count_hidden":0,"_bbp_forum_subforum_count":0,"site-sidebar-layout":"default","site-content-layout":"","ast-site-content-layout":"","site-content-style":"default","site-sidebar-style":"default","ast-global-header-display":"","ast-banner-title-visibility":"","ast-main-header-display":"","ast-hfb-above-header-display":"","ast-hfb-below-header-display":"","ast-hfb-mobile-header-display":"","site-post-title":"","ast-breadcrumbs-content":"","ast-featured-img":"","footer-sml-layout":"","theme-transparent-header-meta":"","adv-header-id-meta":"","stick-header-meta":"","header-above-stick-meta":"","header-main-stick-meta":"","header-below-stick-meta":"","astra-migrate-meta-layouts":"default","ast-page-background-enabled":"default","ast-page-background-meta":{"desktop":{"background-color":"var(--ast-global-color-4)","background-image":"","background-repeat":"repeat","background-position":"center center","background-size":"auto","background-attachment":"scroll","background-type":"","background-media":"","overlay-type":"","overlay-color":"","overlay-opacity":"","overlay-gradient":""},"tablet":{"background-color":"","background-image":"","background-repeat":"repeat","background-position":"center center","background-size":"auto","background-attachment":"scroll","background-type":"","background-media":"","overlay-type":"","overlay-color":"","overlay-opacity":"","overlay-gradient":""},"mobile":{"background-color":"","background-image":"","background-repeat":"repeat","background-position":"center center","background-size":"auto","background-attachment":"scroll","background-type":"","background-media":"","overlay-type":"","overlay-color":"","overlay-opacity":"","overlay-gradient":""}},"ast-content-background-meta":{"desktop":{"background-color":"var(--ast-global-color-5)","background-image":"","background-repeat":"repeat","background-position":"center center","background-size":"auto","background-attachment":"scroll","background-type":"","background-media":"","overlay-type":"","overlay-color":"","overlay-opacity":"","overlay-gradient":""},"tablet":{"background-color":"var(--ast-global-color-5)","background-image":"","background-repeat":"repeat","background-position":"center center","background-size":"auto","background-attachment":"scroll","background-type":"","background-media":"","overlay-type":"","overlay-color":"","overlay-opacity":"","overlay-gradient":""},"mobile":{"background-color":"var(--ast-global-color-5)","background-image":"","background-repeat":"repeat","background-position":"center center","background-size":"auto","background-attachment":"scroll","background-type":"","background-media":"","overlay-type":"","overlay-color":"","overlay-opacity":"","overlay-gradient":""}},"footnotes":""},"categories":[258,8,2],"tags":[242],"class_list":["post-11586","post","type-post","status-publish","format-standard","hentry","category-22-23","category-eic","category-infantil","tag-sant-jordi"],"post_mailing_queue_ids":[],"_links":{"self":[{"href":"https:\/\/agora.xtec.cat\/escolametllers\/wp-json\/wp\/v2\/posts\/11586","targetHints":{"allow":["GET"]}}],"collection":[{"href":"https:\/\/agora.xtec.cat\/escolametllers\/wp-json\/wp\/v2\/posts"}],"about":[{"href":"https:\/\/agora.xtec.cat\/escolametllers\/wp-json\/wp\/v2\/types\/post"}],"author":[{"embeddable":true,"href":"https:\/\/agora.xtec.cat\/escolametllers\/wp-json\/wp\/v2\/users\/1"}],"replies":[{"embeddable":true,"href":"https:\/\/agora.xtec.cat\/escolametllers\/wp-json\/wp\/v2\/comments?post=11586"}],"version-history":[{"count":1,"href":"https:\/\/agora.xtec.cat\/escolametllers\/wp-json\/wp\/v2\/posts\/11586\/revisions"}],"predecessor-version":[{"id":11588,"href":"https:\/\/agora.xtec.cat\/escolametllers\/wp-json\/wp\/v2\/posts\/11586\/revisions\/11588"}],"wp:attachment":[{"href":"https:\/\/agora.xtec.cat\/escolametllers\/wp-json\/wp\/v2\/media?parent=11586"}],"wp:term":[{"taxonomy":"category","embeddable":true,"href":"https:\/\/agora.xtec.cat\/escolametllers\/wp-json\/wp\/v2\/categories?post=11586"},{"taxonomy":"post_tag","embeddable":true,"href":"https:\/\/agora.xtec.cat\/escolametllers\/wp-json\/wp\/v2\/tags?post=11586"}],"curies":[{"name":"wp","href":"https:\/\/api.w.org\/{rel}","templated":true}]}}