{"id":11435,"date":"2023-04-15T22:24:56","date_gmt":"2023-04-15T20:24:56","guid":{"rendered":"https:\/\/agora.xtec.cat\/escolametllers\/?p=11435"},"modified":"2023-05-16T17:51:24","modified_gmt":"2023-05-16T15:51:24","slug":"la-longitud-mesurem","status":"publish","type":"post","link":"https:\/\/agora.xtec.cat\/escolametllers\/primaria\/prom14a\/la-longitud-mesurem\/","title":{"rendered":"LA LONGITUD: Mesurem"},"content":{"rendered":"<p><span style=\"font-weight: 400;\">Els i les alumnes de la classe dels Deserts i dels Volcans hem treballat les unitats de mesura m\u00e9s b\u00e0siques sobre longitud.\u00a0<\/span><\/p>\n<p><span style=\"font-weight: 400;\">En primer lloc, hem elaborat un esquema, entre tots, on hi hem anotat quines s\u00f3n les unitats de mesura m\u00e9s utilitzades: el quil\u00f2metre (km), el metre (m), el cent\u00edmetre (cm) i el mil\u00b7l\u00edmetre (mm). <\/span><\/p>\n<p><span style=\"font-weight: 400;\">Ara ja sabem que s\u00f3n unitats de mesura que s\u2019utilitzen per mesurar la longitud i la llargada de les coses.<\/span><\/p>\n<p><span style=\"font-weight: 400;\">Despr\u00e9s, hem pogut utilitzar els flex\u00f2metres i les cintes m\u00e8triques per mesurar tot all\u00f2 que hem volgut: les mans, els cabells, els ulls, la nostra al\u00e7ada, la llargada del passad\u00eds, la porta, el cap, la geganta, l&#8217;esquelet&#8230;, fins i tot el v\u00e0ter!\u00a0<\/span><\/p>\n<p><span style=\"font-weight: 400;\">Tamb\u00e9 hem apr\u00e8s que la llarga que fan les nostres extremitats superiors de punta a punta \u00e9s la mateixa que la nostra al\u00e7ada, per\u00f2 nom\u00e9s funciona amb adults, els nens i nenes encara estem creixent i les mesures no concorden\u2026<\/span><\/p>\n<p><span style=\"font-weight: 400;\">Us deixem un recull d\u2019imatges on podreu veure com ens ho hem passat de b\u00e9!<\/span><\/p>\n<p><a href=\"https:\/\/photos.app.goo.gl\/8WERsyyU7NqR1NUV7\">IMATGES MESURA LONGITUD 3r A i B<\/a><\/p>\n","protected":false},"excerpt":{"rendered":"<p>Els i les alumnes de la classe dels Deserts i dels Volcans hem treballat les unitats de mesura m\u00e9s b\u00e0siques sobre longitud.\u00a0 En primer lloc, hem elaborat un esquema, entre tots, on hi hem anotat quines s\u00f3n les unitats de mesura m\u00e9s utilitzades: el quil\u00f2metre (km), el metre (m), el cent\u00edmetre (cm) i el mil\u00b7l\u00edmetre [&hellip;]<\/p>\n","protected":false},"author":1,"featured_media":11436,"comment_status":"open","ping_status":"closed","sticky":false,"template":"","format":"standard","meta":{"_bbp_topic_count":0,"_bbp_reply_count":0,"_bbp_total_topic_count":0,"_bbp_total_reply_count":0,"_bbp_voice_count":0,"_bbp_anonymous_reply_count":0,"_bbp_topic_count_hidden":0,"_bbp_reply_count_hidden":0,"_bbp_forum_subforum_count":0,"site-sidebar-layout":"default","site-content-layout":"","ast-site-content-layout":"","site-content-style":"default","site-sidebar-style":"default","ast-global-header-display":"","ast-banner-title-visibility":"","ast-main-header-display":"","ast-hfb-above-header-display":"","ast-hfb-below-header-display":"","ast-hfb-mobile-header-display":"","site-post-title":"","ast-breadcrumbs-content":"","ast-featured-img":"","footer-sml-layout":"","theme-transparent-header-meta":"","adv-header-id-meta":"","stick-header-meta":"","header-above-stick-meta":"","header-main-stick-meta":"","header-below-stick-meta":"","astra-migrate-meta-layouts":"default","ast-page-background-enabled":"default","ast-page-background-meta":{"desktop":{"background-color":"var(--ast-global-color-4)","background-image":"","background-repeat":"repeat","background-position":"center center","background-size":"auto","background-attachment":"scroll","background-type":"","background-media":"","overlay-type":"","overlay-color":"","overlay-opacity":"","overlay-gradient":""},"tablet":{"background-color":"","background-image":"","background-repeat":"repeat","background-position":"center center","background-size":"auto","background-attachment":"scroll","background-type":"","background-media":"","overlay-type":"","overlay-color":"","overlay-opacity":"","overlay-gradient":""},"mobile":{"background-color":"","background-image":"","background-repeat":"repeat","background-position":"center center","background-size":"auto","background-attachment":"scroll","background-type":"","background-media":"","overlay-type":"","overlay-color":"","overlay-opacity":"","overlay-gradient":""}},"ast-content-background-meta":{"desktop":{"background-color":"var(--ast-global-color-5)","background-image":"","background-repeat":"repeat","background-position":"center center","background-size":"auto","background-attachment":"scroll","background-type":"","background-media":"","overlay-type":"","overlay-color":"","overlay-opacity":"","overlay-gradient":""},"tablet":{"background-color":"var(--ast-global-color-5)","background-image":"","background-repeat":"repeat","background-position":"center center","background-size":"auto","background-attachment":"scroll","background-type":"","background-media":"","overlay-type":"","overlay-color":"","overlay-opacity":"","overlay-gradient":""},"mobile":{"background-color":"var(--ast-global-color-5)","background-image":"","background-repeat":"repeat","background-position":"center center","background-size":"auto","background-attachment":"scroll","background-type":"","background-media":"","overlay-type":"","overlay-color":"","overlay-opacity":"","overlay-gradient":""}},"footnotes":""},"categories":[258,11,74],"tags":[232,226],"class_list":["post-11435","post","type-post","status-publish","format-standard","has-post-thumbnail","hentry","category-22-23","category-prom14a","category-prom14b","tag-experiencies","tag-matematiques"],"post_mailing_queue_ids":[],"_links":{"self":[{"href":"https:\/\/agora.xtec.cat\/escolametllers\/wp-json\/wp\/v2\/posts\/11435","targetHints":{"allow":["GET"]}}],"collection":[{"href":"https:\/\/agora.xtec.cat\/escolametllers\/wp-json\/wp\/v2\/posts"}],"about":[{"href":"https:\/\/agora.xtec.cat\/escolametllers\/wp-json\/wp\/v2\/types\/post"}],"author":[{"embeddable":true,"href":"https:\/\/agora.xtec.cat\/escolametllers\/wp-json\/wp\/v2\/users\/1"}],"replies":[{"embeddable":true,"href":"https:\/\/agora.xtec.cat\/escolametllers\/wp-json\/wp\/v2\/comments?post=11435"}],"version-history":[{"count":2,"href":"https:\/\/agora.xtec.cat\/escolametllers\/wp-json\/wp\/v2\/posts\/11435\/revisions"}],"predecessor-version":[{"id":11439,"href":"https:\/\/agora.xtec.cat\/escolametllers\/wp-json\/wp\/v2\/posts\/11435\/revisions\/11439"}],"wp:featuredmedia":[{"embeddable":true,"href":"https:\/\/agora.xtec.cat\/escolametllers\/wp-json\/wp\/v2\/media\/11436"}],"wp:attachment":[{"href":"https:\/\/agora.xtec.cat\/escolametllers\/wp-json\/wp\/v2\/media?parent=11435"}],"wp:term":[{"taxonomy":"category","embeddable":true,"href":"https:\/\/agora.xtec.cat\/escolametllers\/wp-json\/wp\/v2\/categories?post=11435"},{"taxonomy":"post_tag","embeddable":true,"href":"https:\/\/agora.xtec.cat\/escolametllers\/wp-json\/wp\/v2\/tags?post=11435"}],"curies":[{"name":"wp","href":"https:\/\/api.w.org\/{rel}","templated":true}]}}