{"id":11424,"date":"2023-04-14T23:19:06","date_gmt":"2023-04-14T21:19:06","guid":{"rendered":"https:\/\/agora.xtec.cat\/escolametllers\/?p=11424"},"modified":"2023-04-15T12:29:58","modified_gmt":"2023-04-15T10:29:58","slug":"per-que-quan-plou-cauen-gotes","status":"publish","type":"post","link":"https:\/\/agora.xtec.cat\/escolametllers\/primaria\/per-que-quan-plou-cauen-gotes\/","title":{"rendered":"PER QU\u00c8 QUAN PLOU, CAUEN GOTES?"},"content":{"rendered":"<p><span style=\"font-weight: 400;\">A la CLASSE DEL DESERT hem estat treballant un projecte molt interessant!\u00a0<\/span><\/p>\n<p><span style=\"font-weight: 400;\">A partir de la PREGUNTA REPTE del projecte, vam fer una hip\u00f2tesi individual, la vam compartir amb els companys\/es i ens vam agrupar segons les nostres idees. Cada grup va crear noves hip\u00f2tesis i, entre tots\/es, les vam plasmar fent un dibuix, conjunt, a la pissarra.\u00a0<\/span><\/p>\n<p><a href=\"https:\/\/agora.xtec.cat\/escolametllers\/wp-content\/uploads\/usu1580\/2023\/04\/IMG_20221216_114413835-1-scaled.jpg\"><img loading=\"lazy\" decoding=\"async\" class=\"wp-image-11430 alignleft\" src=\"https:\/\/agora.xtec.cat\/escolametllers\/wp-content\/uploads\/usu1580\/2023\/04\/IMG_20221216_114413835-1-1024x768.jpg\" alt=\"\" width=\"276\" height=\"207\" srcset=\"https:\/\/agora.xtec.cat\/escolametllers\/wp-content\/uploads\/usu1580\/2023\/04\/IMG_20221216_114413835-1-1024x768.jpg 1024w, https:\/\/agora.xtec.cat\/escolametllers\/wp-content\/uploads\/usu1580\/2023\/04\/IMG_20221216_114413835-1-300x225.jpg 300w, https:\/\/agora.xtec.cat\/escolametllers\/wp-content\/uploads\/usu1580\/2023\/04\/IMG_20221216_114413835-1-768x576.jpg 768w, https:\/\/agora.xtec.cat\/escolametllers\/wp-content\/uploads\/usu1580\/2023\/04\/IMG_20221216_114413835-1-1536x1152.jpg 1536w, https:\/\/agora.xtec.cat\/escolametllers\/wp-content\/uploads\/usu1580\/2023\/04\/IMG_20221216_114413835-1-2048x1536.jpg 2048w, https:\/\/agora.xtec.cat\/escolametllers\/wp-content\/uploads\/usu1580\/2023\/04\/IMG_20221216_114413835-1-200x150.jpg 200w\" sizes=\"auto, (max-width: 276px) 100vw, 276px\" \/><\/a><\/p>\n<p><span style=\"font-weight: 400;\">Despr\u00e9s de consultar i investigar la selecci\u00f3 de llibres que tenim destinats al projecte vam descobrir que no an\u00e0vem gens desencaminats&#8230; vam reafirmar algunes hip\u00f2tesis que ten\u00edem i vam descobrir que l&#8217;aigua segueix un cicle!<\/span><\/p>\n<p>Vam plasmar els nous coneixements sobre el cicle de l&#8217;aigua tot elaborant un Lapbook que ens va quedar molt bonic!<\/p>\n<p><span style=\"font-weight: 400;\">Vam fer un experiment per entendre i representar el cicle de l&#8217;aigua i vam tenir l&#8217;oportunitat de poder veure els 3 estats de l&#8217;aigua: gas\u00f3s, s\u00f2lid i l\u00edquid.<a href=\"https:\/\/agora.xtec.cat\/escolametllers\/wp-content\/uploads\/usu1580\/2023\/04\/IMG_20221220_095420938-scaled.jpg\"><img loading=\"lazy\" decoding=\"async\" class=\"wp-image-11429 alignright\" src=\"https:\/\/agora.xtec.cat\/escolametllers\/wp-content\/uploads\/usu1580\/2023\/04\/IMG_20221220_095420938-1024x768.jpg\" alt=\"\" width=\"278\" height=\"208\" srcset=\"https:\/\/agora.xtec.cat\/escolametllers\/wp-content\/uploads\/usu1580\/2023\/04\/IMG_20221220_095420938-1024x768.jpg 1024w, https:\/\/agora.xtec.cat\/escolametllers\/wp-content\/uploads\/usu1580\/2023\/04\/IMG_20221220_095420938-300x225.jpg 300w, https:\/\/agora.xtec.cat\/escolametllers\/wp-content\/uploads\/usu1580\/2023\/04\/IMG_20221220_095420938-768x576.jpg 768w, https:\/\/agora.xtec.cat\/escolametllers\/wp-content\/uploads\/usu1580\/2023\/04\/IMG_20221220_095420938-1536x1152.jpg 1536w, https:\/\/agora.xtec.cat\/escolametllers\/wp-content\/uploads\/usu1580\/2023\/04\/IMG_20221220_095420938-2048x1536.jpg 2048w, https:\/\/agora.xtec.cat\/escolametllers\/wp-content\/uploads\/usu1580\/2023\/04\/IMG_20221220_095420938-200x150.jpg 200w\" sizes=\"auto, (max-width: 278px) 100vw, 278px\" \/><\/a><\/span><\/p>\n<p><span style=\"font-weight: 400;\">Durant la investigaci\u00f3 del cicle de l&#8217;aigua, vam parlar molt sobre la TEMPERATURA\u2026\u00a0<\/span><\/p>\n<ul>\n<li style=\"font-weight: 400;\" aria-level=\"1\"><span style=\"font-weight: 400;\">La temperatura de l&#8217;atmosfera.<\/span><\/li>\n<li style=\"font-weight: 400;\" aria-level=\"1\"><span style=\"font-weight: 400;\">La temperatura dels n\u00favols.<\/span><\/li>\n<li style=\"font-weight: 400;\" aria-level=\"1\"><span style=\"font-weight: 400;\">La temperatura de la classe.<\/span><\/li>\n<li style=\"font-weight: 400;\" aria-level=\"1\"><span style=\"font-weight: 400;\">La temperatura de fora al pati.<\/span><\/li>\n<li style=\"font-weight: 400;\" aria-level=\"1\"><span style=\"font-weight: 400;\">La temperatura de l&#8217;aigua del mar.<\/span><\/li>\n<\/ul>\n<p><span style=\"font-weight: 400;\">Per aix\u00f2, vam decidir prendre la temperatura exterior cada dia i enregistrar-la tot elaborant una gr\u00e0fica lineal. D\u2019aquesta manera podrem veure l&#8217;evoluci\u00f3 de la temperatura al llarg dels mesos que som a l\u2019escola.<\/span><\/p>\n<p><a href=\"https:\/\/agora.xtec.cat\/escolametllers\/wp-content\/uploads\/usu1580\/2023\/04\/IMG_20230331_093415158-scaled.jpg\"><img loading=\"lazy\" decoding=\"async\" class=\"wp-image-11426 alignright\" src=\"https:\/\/agora.xtec.cat\/escolametllers\/wp-content\/uploads\/usu1580\/2023\/04\/IMG_20230331_093415158-1024x768.jpg\" alt=\"\" width=\"297\" height=\"223\" srcset=\"https:\/\/agora.xtec.cat\/escolametllers\/wp-content\/uploads\/usu1580\/2023\/04\/IMG_20230331_093415158-1024x768.jpg 1024w, https:\/\/agora.xtec.cat\/escolametllers\/wp-content\/uploads\/usu1580\/2023\/04\/IMG_20230331_093415158-300x225.jpg 300w, https:\/\/agora.xtec.cat\/escolametllers\/wp-content\/uploads\/usu1580\/2023\/04\/IMG_20230331_093415158-768x576.jpg 768w, https:\/\/agora.xtec.cat\/escolametllers\/wp-content\/uploads\/usu1580\/2023\/04\/IMG_20230331_093415158-1536x1152.jpg 1536w, https:\/\/agora.xtec.cat\/escolametllers\/wp-content\/uploads\/usu1580\/2023\/04\/IMG_20230331_093415158-2048x1536.jpg 2048w, https:\/\/agora.xtec.cat\/escolametllers\/wp-content\/uploads\/usu1580\/2023\/04\/IMG_20230331_093415158-200x150.jpg 200w\" sizes=\"auto, (max-width: 297px) 100vw, 297px\" \/><\/a><\/p>\n<p><span style=\"font-weight: 400;\">Despr\u00e9s de la descoberta del cicle de l&#8217;aigua, encara no ten\u00edem resposta a la nostra pregunta repte&#8230; i vam decidir demanar-ho a un expert! Vam enviar un correu electr\u00f2nic a la televisi\u00f3 del Bages, per\u00f2 no vam obtenir resposta. Despr\u00e9s, vam enviar un correu electr\u00f2nic a la Gemma Puig, meteor\u00f2loga de TV3 i, ens va respondre r\u00e0pidament acceptant la nostra proposta!<\/span><\/p>\n<p><span style=\"font-weight: 400;\">Vam preparar l\u2019entrevista pensant i escrivint les preguntes entre tots. Mentrestant, alguns matins mir\u00e0vem el programa on la Gemma explicava la previsi\u00f3 del temps del dia i per fi va arribar el gran dia on la vam poder entrevistar. Ho vam fer a trav\u00e9s de videoconfer\u00e8ncia i ens va explicar un munt de coses, ens va respondre totes les preguntes que li vam demanar i gr\u00e0cies a les seves explicacions, vam entendre molt m\u00e9s b\u00e9 els fen\u00f2mens meteorol\u00f2gics.\u00a0<\/span><\/p>\n<p><span style=\"font-weight: 400;\">Vam voler descobrir quins s\u00f3n els noms dels diferents n\u00favols que podem veure al cel.<\/span><\/p>\n<p><span style=\"font-weight: 400;\">Per fer-ho, vam fer un joc: Agrupats en petits grups hav\u00edem de trobar els noms en els llibres de projecte. Cada grup tenia un encarregat d&#8217;anotar els noms que an\u00e9ssim trobant a la pissarra i per aconseguir trobar tots els noms ten\u00edem 5 minuts de temps! Ens vam posar molt nerviosos, per\u00f2 ens ho vam passar molt b\u00e9!<\/span><\/p>\n<p><span style=\"font-weight: 400;\">Un cop vam haver trobat els 10 noms de n\u00favols, vam agrupar-nos per parelles i grups de tres i vam treballar un tipus de n\u00favol cadascun.\u00a0<\/span><\/p>\n<p><span style=\"font-weight: 400;\">Vam comen\u00e7ar buscant informaci\u00f3 en els llibres de projecte i tamb\u00e9 vam buscar per internet.<\/span><\/p>\n<p><span style=\"font-weight: 400;\">Amb l&#8217;ajuda d&#8217;aquesta pauta, vam poder anar buscant les respostes per aix\u00ed, poder redactar un text explicatiu sobre el n\u00favol que ens havia tocat descobrir.<\/span><\/p>\n<p><span style=\"font-weight: 400;\">NOM DEL N\u00daVOL<\/span><\/p>\n<ul>\n<li style=\"font-weight: 400;\" aria-level=\"1\"><span style=\"font-weight: 400;\">A quina al\u00e7ada es forma?<\/span><\/li>\n<li style=\"font-weight: 400;\" aria-level=\"1\"><span style=\"font-weight: 400;\">Deixa anar algun tipus de precipitaci\u00f3?<\/span><\/li>\n<li style=\"font-weight: 400;\" aria-level=\"1\"><span style=\"font-weight: 400;\">Ens d\u00f3na alguna informaci\u00f3 quan el veiem al cel?<\/span><\/li>\n<li style=\"font-weight: 400;\" aria-level=\"1\"><span style=\"font-weight: 400;\">Com \u00e9s? Feu-ne una breu descripci\u00f3.<\/span><\/li>\n<\/ul>\n<p><span style=\"font-weight: 400;\">Despr\u00e9s d&#8217;investigar sobre el n\u00favol que ens havia tocat, ens vam preparar molt b\u00e9 una exposici\u00f3 oral pels nostres companys\/es i ho vam representar sobre un mural.<\/span><\/p>\n<p><a href=\"https:\/\/photos.app.goo.gl\/AubMfm6nCa6SfsY87\">V\u00cdDEO EXPLICATIU DELS N\u00daVOLS<\/a><\/p>\n<p><a href=\"https:\/\/agora.xtec.cat\/escolametllers\/wp-content\/uploads\/usu1580\/2023\/04\/IMG_20230322_112017001-scaled.jpg\"><img loading=\"lazy\" decoding=\"async\" class=\"wp-image-11427 alignleft\" src=\"https:\/\/agora.xtec.cat\/escolametllers\/wp-content\/uploads\/usu1580\/2023\/04\/IMG_20230322_112017001-1024x768.jpg\" alt=\"\" width=\"427\" height=\"320\" srcset=\"https:\/\/agora.xtec.cat\/escolametllers\/wp-content\/uploads\/usu1580\/2023\/04\/IMG_20230322_112017001-1024x768.jpg 1024w, https:\/\/agora.xtec.cat\/escolametllers\/wp-content\/uploads\/usu1580\/2023\/04\/IMG_20230322_112017001-300x225.jpg 300w, https:\/\/agora.xtec.cat\/escolametllers\/wp-content\/uploads\/usu1580\/2023\/04\/IMG_20230322_112017001-768x576.jpg 768w, https:\/\/agora.xtec.cat\/escolametllers\/wp-content\/uploads\/usu1580\/2023\/04\/IMG_20230322_112017001-1536x1152.jpg 1536w, https:\/\/agora.xtec.cat\/escolametllers\/wp-content\/uploads\/usu1580\/2023\/04\/IMG_20230322_112017001-2048x1536.jpg 2048w, https:\/\/agora.xtec.cat\/escolametllers\/wp-content\/uploads\/usu1580\/2023\/04\/IMG_20230322_112017001-200x150.jpg 200w\" sizes=\"auto, (max-width: 427px) 100vw, 427px\" \/><\/a><span style=\"font-weight: 400;\">Actualment, estem descobrint quines s\u00f3n les causes i les conseq\u00fc\u00e8ncies del canvi clim\u00e0tic, quins animals estan en perill d&#8217;extinci\u00f3 i quins efectes t\u00e9 la sequera, les inundacions i el desgla\u00e7.<\/span><\/p>\n<p><span style=\"font-weight: 400;\">Estem investigant tot utilitzant els Chromebooks i unes aplicacions col\u00b7laboratives: El Padlet i el Jamboard. Tamb\u00e9 aprofitem per treballar ODS! Sabeu qu\u00e8 s\u00f3n?<\/span><\/p>\n<p><span style=\"font-weight: 400;\">Les sigles ODS signifiquen Objectius de Desenvolupament Sostenible, que van ser creats per l&#8217;ONU el 2015 com a crida universal contra la pobresa, la protecci\u00f3 del planeta i la pau al m\u00f3n. Nosaltres treballem l\u2019objectiu 13 concretament que fa refer\u00e8ncia a l\u2019acci\u00f3 pel clima.\u00a0<\/span><\/p>\n<p><span style=\"font-weight: 400;\">Ens hem repartit un seguit d&#8217;articles i not\u00edcies penjades a un mur Padlet sobre el canvi clim\u00e0tic i per parelles, les hem llegit i hem destriat la informaci\u00f3 m\u00e9s important. El que n\u2019hem extret, ho hem escrit al mur de Jamboard, d&#8217;aquesta manera, hem fet un aprenentatge col\u00b7laboratiu on tots i totes hem compartit contingut i hem pogut veure el dels nostres companys.<\/span><\/p>\n<p><span style=\"font-weight: 400;\">Despr\u00e9s, hem fet un mapa conceptual amb els nous continguts apresos a partir de les lectures i an\u00e0lisis de les not\u00edcies i articles treballats. En aquest esquema hi hem escrit:<\/span><\/p>\n<ul>\n<li style=\"font-weight: 400;\" aria-level=\"1\"><span style=\"font-weight: 400;\">Les causes de la sequera, de les inundacions i del desgla\u00e7.<\/span><\/li>\n<li style=\"font-weight: 400;\" aria-level=\"1\"><span style=\"font-weight: 400;\">Les conseq\u00fc\u00e8ncies de la sequera, de les inundacions i del desgla\u00e7.<\/span><\/li>\n<li style=\"font-weight: 400;\" aria-level=\"1\"><span style=\"font-weight: 400;\">Quins s\u00f3n els animals que es troben en perill d&#8217;extinci\u00f3.<\/span><\/li>\n<li style=\"font-weight: 400;\" aria-level=\"1\"><span style=\"font-weight: 400;\">Com podem ajudar nosaltres a frenar aquestes tres amenaces pel planeta.<\/span><\/li>\n<\/ul>\n<p><span style=\"font-weight: 400;\">Estem arribant a la fi del nostre projecte, ens queda ben poc per acabar de respondre totes les preguntes que ten\u00edem i, ben aviat, comen\u00e7arem a fer el producte final!\u00a0<\/span><\/p>\n<p><span style=\"font-weight: 400;\">A continuaci\u00f3 podreu veure algunes imatges de tot el proc\u00e9s que us acabem d\u2019explicar:<\/span><\/p>\n<p><a href=\"https:\/\/photos.app.goo.gl\/XY9aPU6rteYJoAR6A\">IMATGES PROJECTE<\/a><\/p>\n","protected":false},"excerpt":{"rendered":"<p>A la CLASSE DEL DESERT hem estat treballant un projecte molt interessant!\u00a0 A partir de la PREGUNTA REPTE del projecte, vam fer una hip\u00f2tesi individual, la vam compartir amb els companys\/es i ens vam agrupar segons les nostres idees. Cada grup va crear noves hip\u00f2tesis i, entre tots\/es, les vam plasmar fent un dibuix, conjunt, [&hellip;]<\/p>\n","protected":false},"author":1,"featured_media":0,"comment_status":"open","ping_status":"closed","sticky":false,"template":"","format":"standard","meta":{"_bbp_topic_count":0,"_bbp_reply_count":0,"_bbp_total_topic_count":0,"_bbp_total_reply_count":0,"_bbp_voice_count":0,"_bbp_anonymous_reply_count":0,"_bbp_topic_count_hidden":0,"_bbp_reply_count_hidden":0,"_bbp_forum_subforum_count":0,"site-sidebar-layout":"default","site-content-layout":"","ast-site-content-layout":"","site-content-style":"default","site-sidebar-style":"default","ast-global-header-display":"","ast-banner-title-visibility":"","ast-main-header-display":"","ast-hfb-above-header-display":"","ast-hfb-below-header-display":"","ast-hfb-mobile-header-display":"","site-post-title":"","ast-breadcrumbs-content":"","ast-featured-img":"","footer-sml-layout":"","theme-transparent-header-meta":"","adv-header-id-meta":"","stick-header-meta":"","header-above-stick-meta":"","header-main-stick-meta":"","header-below-stick-meta":"","astra-migrate-meta-layouts":"default","ast-page-background-enabled":"default","ast-page-background-meta":{"desktop":{"background-color":"var(--ast-global-color-4)","background-image":"","background-repeat":"repeat","background-position":"center center","background-size":"auto","background-attachment":"scroll","background-type":"","background-media":"","overlay-type":"","overlay-color":"","overlay-opacity":"","overlay-gradient":""},"tablet":{"background-color":"","background-image":"","background-repeat":"repeat","background-position":"center center","background-size":"auto","background-attachment":"scroll","background-type":"","background-media":"","overlay-type":"","overlay-color":"","overlay-opacity":"","overlay-gradient":""},"mobile":{"background-color":"","background-image":"","background-repeat":"repeat","background-position":"center center","background-size":"auto","background-attachment":"scroll","background-type":"","background-media":"","overlay-type":"","overlay-color":"","overlay-opacity":"","overlay-gradient":""}},"ast-content-background-meta":{"desktop":{"background-color":"var(--ast-global-color-5)","background-image":"","background-repeat":"repeat","background-position":"center center","background-size":"auto","background-attachment":"scroll","background-type":"","background-media":"","overlay-type":"","overlay-color":"","overlay-opacity":"","overlay-gradient":""},"tablet":{"background-color":"var(--ast-global-color-5)","background-image":"","background-repeat":"repeat","background-position":"center center","background-size":"auto","background-attachment":"scroll","background-type":"","background-media":"","overlay-type":"","overlay-color":"","overlay-opacity":"","overlay-gradient":""},"mobile":{"background-color":"var(--ast-global-color-5)","background-image":"","background-repeat":"repeat","background-position":"center center","background-size":"auto","background-attachment":"scroll","background-type":"","background-media":"","overlay-type":"","overlay-color":"","overlay-opacity":"","overlay-gradient":""}},"footnotes":""},"categories":[258,5,11],"tags":[232,204],"class_list":["post-11424","post","type-post","status-publish","format-standard","hentry","category-22-23","category-primaria","category-prom14a","tag-experiencies","tag-projectes"],"post_mailing_queue_ids":[],"_links":{"self":[{"href":"https:\/\/agora.xtec.cat\/escolametllers\/wp-json\/wp\/v2\/posts\/11424","targetHints":{"allow":["GET"]}}],"collection":[{"href":"https:\/\/agora.xtec.cat\/escolametllers\/wp-json\/wp\/v2\/posts"}],"about":[{"href":"https:\/\/agora.xtec.cat\/escolametllers\/wp-json\/wp\/v2\/types\/post"}],"author":[{"embeddable":true,"href":"https:\/\/agora.xtec.cat\/escolametllers\/wp-json\/wp\/v2\/users\/1"}],"replies":[{"embeddable":true,"href":"https:\/\/agora.xtec.cat\/escolametllers\/wp-json\/wp\/v2\/comments?post=11424"}],"version-history":[{"count":3,"href":"https:\/\/agora.xtec.cat\/escolametllers\/wp-json\/wp\/v2\/posts\/11424\/revisions"}],"predecessor-version":[{"id":11434,"href":"https:\/\/agora.xtec.cat\/escolametllers\/wp-json\/wp\/v2\/posts\/11424\/revisions\/11434"}],"wp:attachment":[{"href":"https:\/\/agora.xtec.cat\/escolametllers\/wp-json\/wp\/v2\/media?parent=11424"}],"wp:term":[{"taxonomy":"category","embeddable":true,"href":"https:\/\/agora.xtec.cat\/escolametllers\/wp-json\/wp\/v2\/categories?post=11424"},{"taxonomy":"post_tag","embeddable":true,"href":"https:\/\/agora.xtec.cat\/escolametllers\/wp-json\/wp\/v2\/tags?post=11424"}],"curies":[{"name":"wp","href":"https:\/\/api.w.org\/{rel}","templated":true}]}}