{"id":11333,"date":"2023-03-29T14:13:35","date_gmt":"2023-03-29T12:13:35","guid":{"rendered":"https:\/\/agora.xtec.cat\/escolametllers\/?p=11333"},"modified":"2023-05-20T13:13:59","modified_gmt":"2023-05-20T11:13:59","slug":"compartim-el-projecte-amb-les-families","status":"publish","type":"post","link":"https:\/\/agora.xtec.cat\/escolametllers\/primaria\/prom15a\/compartim-el-projecte-amb-les-families\/","title":{"rendered":"COMPARTIM EL PROJECTE AMB LES FAM\u00cdLIES"},"content":{"rendered":"<p>Els nens i nenes de la classse del Volc\u00e0 Kawah hem compartit amb molta il\u00b7lusi\u00f3 una tarda amb les nostres fam\u00edlies per explicar-los el projecte que d\u00f3na nom a la nostra classe.<\/p>\n<p>Per grups, hem preparat una petita presentaci\u00f3 sobre les diferents descobertes que hem fet.<\/p>\n<p>Moltes gr\u00e0cies a tots i totes per la vostra col\u00b7laboraci\u00f3! Ha sigut una tarda molt especial!<\/p>\n<p><a href=\"https:\/\/photos.app.goo.gl\/ZNq9q4KW8vKktHBt6\"><img loading=\"lazy\" decoding=\"async\" class=\"BiCYpc aligncenter\" src=\"https:\/\/lh3.googleusercontent.com\/f5Ij8uWjBH62G0fgCYgwcEfYEEnQ5pzS_QZWiKjyYsswvoXeT_s_-op3Tygt_TG42rq0zrC5KU6uwhrx-cDq7NenfLiiTRs9T03JMf5k5KjQiz4iTlcfF1QOvXKBaFr0H_MSM0GyqSWWJotLXB1TttyUziZ_V5Rgmi_UlKyvnfPiEXKhdLCqAHLC22kUtVtVhjGbHm20-sNJ7bBOhy0ykNCxJJUi72Zt0wdQEnqul5XlxalFqaWC1hVC1qXUekWspf56g3gTYU9B6EJF5RLNQUU-ZsdPNKd3i8S44GRsAuTFu6zqoUQCCKTD_vMUfqmBLBw0GNUqVNHH1jaarjbxdSgvk1rZ2dagjE8jaaTPiBFpH9wwMe-J8BxyB9RSRuE9yA4ms7djgCQpUDTwuVi7y4lmYKKjcwy3UuPW5NI8QgqcTclln6R09iZM5nIqVH2DjL9w69razxve5F0LaBroAz3q746UlELxITGOpm6mYkZNFoUlnjr6-tnBzGzEV7jBJTng8YbVOIJNXHrTmNzbGpAv7yuqY0r0CxgTvMz3Aeu5vZuXzzEHMSfRZE9-SU06eVckcFgakzx7V2dO1q__rKrazhBf-0raCl5Dh4uh0D0xqcAEoHAJg5XghOnONjulju_-Zz7zhH2cHhAzKx9y0mcWP91TeN71fgwIT6pHzxSFOfsFSU-xsTXdTor-6ISzr_foGhOD307mm_wGcdqeS6rYnPM7PwyGQY5ba5w8tZBmB2-5GaOjS6ct4D6gpErp4gmUQyi307sEzbF_ni1uLLt7W0-aePRgJmHBTyjcW-95oaRSMWaUJppoWS7Pnv388EBrAZJaG-sn5Y2qdQHjj6yVVo527ehQNYRTNauM1fnMEdkK03vn3nbI6egZczDIznpPEab420fz3ztTjgvHi1KMTFep_8eC7bEPwJsOiMTiBEaO=w640-h480-s-no?authuser=0\" width=\"451\" height=\"338\" data-atf=\"false\" data-iml=\"1167292\" aria-label=\"Foto - Paisatge - 29 de mar\u00e7 2023, 0:31:12\" \/><\/a><\/p>\n","protected":false},"excerpt":{"rendered":"<p>Els nens i nenes de la classse del Volc\u00e0 Kawah hem compartit amb molta il\u00b7lusi\u00f3 una tarda amb les nostres fam\u00edlies per explicar-los el projecte que d\u00f3na nom a la nostra classe. Per grups, hem preparat una petita presentaci\u00f3 sobre les diferents descobertes que hem fet. Moltes gr\u00e0cies a tots i totes per la vostra [&hellip;]<\/p>\n","protected":false},"author":50,"featured_media":0,"comment_status":"open","ping_status":"closed","sticky":false,"template":"","format":"standard","meta":{"_bbp_topic_count":0,"_bbp_reply_count":0,"_bbp_total_topic_count":0,"_bbp_total_reply_count":0,"_bbp_voice_count":0,"_bbp_anonymous_reply_count":0,"_bbp_topic_count_hidden":0,"_bbp_reply_count_hidden":0,"_bbp_forum_subforum_count":0,"site-sidebar-layout":"default","site-content-layout":"","ast-site-content-layout":"","site-content-style":"default","site-sidebar-style":"default","ast-global-header-display":"","ast-banner-title-visibility":"","ast-main-header-display":"","ast-hfb-above-header-display":"","ast-hfb-below-header-display":"","ast-hfb-mobile-header-display":"","site-post-title":"","ast-breadcrumbs-content":"","ast-featured-img":"","footer-sml-layout":"","theme-transparent-header-meta":"","adv-header-id-meta":"","stick-header-meta":"","header-above-stick-meta":"","header-main-stick-meta":"","header-below-stick-meta":"","astra-migrate-meta-layouts":"default","ast-page-background-enabled":"default","ast-page-background-meta":{"desktop":{"background-color":"var(--ast-global-color-4)","background-image":"","background-repeat":"repeat","background-position":"center center","background-size":"auto","background-attachment":"scroll","background-type":"","background-media":"","overlay-type":"","overlay-color":"","overlay-opacity":"","overlay-gradient":""},"tablet":{"background-color":"","background-image":"","background-repeat":"repeat","background-position":"center center","background-size":"auto","background-attachment":"scroll","background-type":"","background-media":"","overlay-type":"","overlay-color":"","overlay-opacity":"","overlay-gradient":""},"mobile":{"background-color":"","background-image":"","background-repeat":"repeat","background-position":"center center","background-size":"auto","background-attachment":"scroll","background-type":"","background-media":"","overlay-type":"","overlay-color":"","overlay-opacity":"","overlay-gradient":""}},"ast-content-background-meta":{"desktop":{"background-color":"var(--ast-global-color-5)","background-image":"","background-repeat":"repeat","background-position":"center center","background-size":"auto","background-attachment":"scroll","background-type":"","background-media":"","overlay-type":"","overlay-color":"","overlay-opacity":"","overlay-gradient":""},"tablet":{"background-color":"var(--ast-global-color-5)","background-image":"","background-repeat":"repeat","background-position":"center center","background-size":"auto","background-attachment":"scroll","background-type":"","background-media":"","overlay-type":"","overlay-color":"","overlay-opacity":"","overlay-gradient":""},"mobile":{"background-color":"var(--ast-global-color-5)","background-image":"","background-repeat":"repeat","background-position":"center center","background-size":"auto","background-attachment":"scroll","background-type":"","background-media":"","overlay-type":"","overlay-color":"","overlay-opacity":"","overlay-gradient":""}},"footnotes":""},"categories":[258,10],"tags":[204],"class_list":["post-11333","post","type-post","status-publish","format-standard","hentry","category-22-23","category-prom15a","tag-projectes"],"post_mailing_queue_ids":[],"_links":{"self":[{"href":"https:\/\/agora.xtec.cat\/escolametllers\/wp-json\/wp\/v2\/posts\/11333","targetHints":{"allow":["GET"]}}],"collection":[{"href":"https:\/\/agora.xtec.cat\/escolametllers\/wp-json\/wp\/v2\/posts"}],"about":[{"href":"https:\/\/agora.xtec.cat\/escolametllers\/wp-json\/wp\/v2\/types\/post"}],"author":[{"embeddable":true,"href":"https:\/\/agora.xtec.cat\/escolametllers\/wp-json\/wp\/v2\/users\/50"}],"replies":[{"embeddable":true,"href":"https:\/\/agora.xtec.cat\/escolametllers\/wp-json\/wp\/v2\/comments?post=11333"}],"version-history":[{"count":1,"href":"https:\/\/agora.xtec.cat\/escolametllers\/wp-json\/wp\/v2\/posts\/11333\/revisions"}],"predecessor-version":[{"id":11334,"href":"https:\/\/agora.xtec.cat\/escolametllers\/wp-json\/wp\/v2\/posts\/11333\/revisions\/11334"}],"wp:attachment":[{"href":"https:\/\/agora.xtec.cat\/escolametllers\/wp-json\/wp\/v2\/media?parent=11333"}],"wp:term":[{"taxonomy":"category","embeddable":true,"href":"https:\/\/agora.xtec.cat\/escolametllers\/wp-json\/wp\/v2\/categories?post=11333"},{"taxonomy":"post_tag","embeddable":true,"href":"https:\/\/agora.xtec.cat\/escolametllers\/wp-json\/wp\/v2\/tags?post=11333"}],"curies":[{"name":"wp","href":"https:\/\/api.w.org\/{rel}","templated":true}]}}