{"id":11324,"date":"2023-01-28T13:49:10","date_gmt":"2023-01-28T12:49:10","guid":{"rendered":"https:\/\/agora.xtec.cat\/escolametllers\/?p=11324"},"modified":"2023-03-28T13:49:44","modified_gmt":"2023-03-28T11:49:44","slug":"padrins-de-lectura-2","status":"publish","type":"post","link":"https:\/\/agora.xtec.cat\/escolametllers\/primaria\/padrins-de-lectura-2\/","title":{"rendered":"PADRINS DE LECTURA"},"content":{"rendered":"<p><span style=\"font-weight: 400;\">El trimestre passat vam tornar a iniciar els PADRINS DE LECTURA. Els nens i nenes de 1r i de 5\u00e8 compartim una estona de lectura cada quinze dies.<\/span><\/p>\n<p><span style=\"font-weight: 400;\">En aquestes estones s\u2019acaba creant una bonica relaci\u00f3 entre infants de diferents edats, compartim moments i viv\u00e8ncies que ben segur van m\u00e9s enll\u00e0 de l\u2019aprenentatge de la lectura. Una complicitat molt especial entre grans i petits que permet treballar diferents estrat\u00e8gies lectores i fomentar els valors de la responsabilitat, la conviv\u00e8ncia, l\u2019autonomia i l\u2019autoestima.<\/span><\/p>\n<p><a href=\"https:\/\/photos.app.goo.gl\/b7WMcSPEFg99Nu2v6\"><img decoding=\"async\" src=\"https:\/\/lh3.googleusercontent.com\/7wVJUl6NCHKPmh-C3GEnqVE92AkyPAW2GjkDRNYkpjq6R4_KOzpGt9Cd5c9FuD8gGARJRJJGIUTy-6a5nsd7bsUMuRss2ge9-aQCRpuLGFP8L8DcxVsPtgCZ9TL1w1QLLm7A_E_2g9upKlEeDk64KGsTKDrrNJYE3_FDFCmkmsBErZWTnpZe7RiPPPUYrtQZEo4z-J3ISyvMr1eKV9wA-MLi8kP9aM7qh1U0bGcX40813mCUrP-2X0yimJDUaV8O9E28Q695bFlBFn3eQpqu-rWSS424bdCq0kXCiMloG17Ur2LDfj2ww6r9aWLWAyWWKJdfMaBRSm3jlBoDBUDParFghyDy_DbBt1AgDwTYqxPNz8G08Gs0p4lFl3dN3y6pGqARwa9NwyFVXB2KDQ43FQ3YRtrqNoZtlD3U0KEsQ0lY32ahLOwFR867Uym6mCgTApUL03gB7T8stVJwMP92MRIeEZHPPHXAQYCeCN09MAGuKO5417EYdlQLXufiD3_d4B4n12-_Kk670oYmxj8uMOP4YzrwYp9IkoXkPtUrwvgeGRb-8v7_qg2lAVwCB6xfjPFEnUTvLW3K4ffg81_G024s6kXfCgJgHLEQV9VusUDGNu9FgTBYfI4aCWwPU07MJFzOfxaKcHyLjnJpc-eWSkqimmevYFYn3Wuwt0JUaFTrb_hTVDzi9dd11y5X7EHaKLQv-Mg2ZPET7LzMUBXdvLM3sPYy78j9hHLjZuw66kMc0RvEGdCwjnY6xO96GH7820cNIn8hN4m8ly0MNRyJ9uVzLS6RiJZ1Jb5eC07pnWjufZAGnjkmID2Pbzw40fC3cscbXFE7j6rCQIwpMJeh_FaxOkfIAh5hAWLKqkDimp7KoFquNx6-qrabpFUuUYcPRgyYvUip-Sru3nUOmEhl-MjgBeMJugcIuVUNjo1QQwzgVZM_EoguUd6x1t-RfmwT6y4_yZEEKOcsJ3nE4Q=s657-no?authuser=1\" \/><\/a><\/p>\n","protected":false},"excerpt":{"rendered":"<p>El trimestre passat vam tornar a iniciar els PADRINS DE LECTURA. Els nens i nenes de 1r i de 5\u00e8 compartim una estona de lectura cada quinze dies. En aquestes estones s\u2019acaba creant una bonica relaci\u00f3 entre infants de diferents edats, compartim moments i viv\u00e8ncies que ben segur van m\u00e9s enll\u00e0 de l\u2019aprenentatge de la [&hellip;]<\/p>\n","protected":false},"author":1,"featured_media":0,"comment_status":"closed","ping_status":"closed","sticky":false,"template":"","format":"standard","meta":{"_bbp_topic_count":0,"_bbp_reply_count":0,"_bbp_total_topic_count":0,"_bbp_total_reply_count":0,"_bbp_voice_count":0,"_bbp_anonymous_reply_count":0,"_bbp_topic_count_hidden":0,"_bbp_reply_count_hidden":0,"_bbp_forum_subforum_count":0,"site-sidebar-layout":"default","site-content-layout":"","ast-site-content-layout":"","site-content-style":"default","site-sidebar-style":"default","ast-global-header-display":"","ast-banner-title-visibility":"","ast-main-header-display":"","ast-hfb-above-header-display":"","ast-hfb-below-header-display":"","ast-hfb-mobile-header-display":"","site-post-title":"","ast-breadcrumbs-content":"","ast-featured-img":"","footer-sml-layout":"","theme-transparent-header-meta":"","adv-header-id-meta":"","stick-header-meta":"","header-above-stick-meta":"","header-main-stick-meta":"","header-below-stick-meta":"","astra-migrate-meta-layouts":"default","ast-page-background-enabled":"default","ast-page-background-meta":{"desktop":{"background-color":"var(--ast-global-color-4)","background-image":"","background-repeat":"repeat","background-position":"center center","background-size":"auto","background-attachment":"scroll","background-type":"","background-media":"","overlay-type":"","overlay-color":"","overlay-opacity":"","overlay-gradient":""},"tablet":{"background-color":"","background-image":"","background-repeat":"repeat","background-position":"center center","background-size":"auto","background-attachment":"scroll","background-type":"","background-media":"","overlay-type":"","overlay-color":"","overlay-opacity":"","overlay-gradient":""},"mobile":{"background-color":"","background-image":"","background-repeat":"repeat","background-position":"center center","background-size":"auto","background-attachment":"scroll","background-type":"","background-media":"","overlay-type":"","overlay-color":"","overlay-opacity":"","overlay-gradient":""}},"ast-content-background-meta":{"desktop":{"background-color":"var(--ast-global-color-5)","background-image":"","background-repeat":"repeat","background-position":"center center","background-size":"auto","background-attachment":"scroll","background-type":"","background-media":"","overlay-type":"","overlay-color":"","overlay-opacity":"","overlay-gradient":""},"tablet":{"background-color":"var(--ast-global-color-5)","background-image":"","background-repeat":"repeat","background-position":"center center","background-size":"auto","background-attachment":"scroll","background-type":"","background-media":"","overlay-type":"","overlay-color":"","overlay-opacity":"","overlay-gradient":""},"mobile":{"background-color":"var(--ast-global-color-5)","background-image":"","background-repeat":"repeat","background-position":"center center","background-size":"auto","background-attachment":"scroll","background-type":"","background-media":"","overlay-type":"","overlay-color":"","overlay-opacity":"","overlay-gradient":""}},"footnotes":""},"categories":[258,5,76,71],"tags":[232,303,212],"class_list":["post-11324","post","type-post","status-publish","format-standard","hentry","category-22-23","category-primaria","category-prom12b","category-prom16b","tag-experiencies","tag-lectura","tag-llengua"],"post_mailing_queue_ids":[],"_links":{"self":[{"href":"https:\/\/agora.xtec.cat\/escolametllers\/wp-json\/wp\/v2\/posts\/11324","targetHints":{"allow":["GET"]}}],"collection":[{"href":"https:\/\/agora.xtec.cat\/escolametllers\/wp-json\/wp\/v2\/posts"}],"about":[{"href":"https:\/\/agora.xtec.cat\/escolametllers\/wp-json\/wp\/v2\/types\/post"}],"author":[{"embeddable":true,"href":"https:\/\/agora.xtec.cat\/escolametllers\/wp-json\/wp\/v2\/users\/1"}],"replies":[{"embeddable":true,"href":"https:\/\/agora.xtec.cat\/escolametllers\/wp-json\/wp\/v2\/comments?post=11324"}],"version-history":[{"count":3,"href":"https:\/\/agora.xtec.cat\/escolametllers\/wp-json\/wp\/v2\/posts\/11324\/revisions"}],"predecessor-version":[{"id":11328,"href":"https:\/\/agora.xtec.cat\/escolametllers\/wp-json\/wp\/v2\/posts\/11324\/revisions\/11328"}],"wp:attachment":[{"href":"https:\/\/agora.xtec.cat\/escolametllers\/wp-json\/wp\/v2\/media?parent=11324"}],"wp:term":[{"taxonomy":"category","embeddable":true,"href":"https:\/\/agora.xtec.cat\/escolametllers\/wp-json\/wp\/v2\/categories?post=11324"},{"taxonomy":"post_tag","embeddable":true,"href":"https:\/\/agora.xtec.cat\/escolametllers\/wp-json\/wp\/v2\/tags?post=11324"}],"curies":[{"name":"wp","href":"https:\/\/api.w.org\/{rel}","templated":true}]}}