{"id":11300,"date":"2023-04-02T15:40:15","date_gmt":"2023-04-02T13:40:15","guid":{"rendered":"https:\/\/agora.xtec.cat\/escolametllers\/?p=11300"},"modified":"2023-04-02T15:40:15","modified_gmt":"2023-04-02T13:40:15","slug":"sortida-apicultura-a-castellnou","status":"publish","type":"post","link":"https:\/\/agora.xtec.cat\/escolametllers\/infantil\/sortida-apicultura-a-castellnou\/","title":{"rendered":"SORTIDA APICULTURA A CASTELLNOU"},"content":{"rendered":"<p><a href=\"https:\/\/photos.app.goo.gl\/qBwR6Dbq7hfPqdh6A\"><img loading=\"lazy\" decoding=\"async\" class=\"alignnone size-large wp-image-11353\" src=\"https:\/\/agora.xtec.cat\/escolametllers\/wp-content\/uploads\/usu1580\/2023\/03\/WhatsApp-Image-2023-03-20-at-20.43.10-768x1024.jpeg\" alt=\"\" width=\"768\" height=\"1024\" srcset=\"https:\/\/agora.xtec.cat\/escolametllers\/wp-content\/uploads\/usu1580\/2023\/03\/WhatsApp-Image-2023-03-20-at-20.43.10-768x1024.jpeg 768w, https:\/\/agora.xtec.cat\/escolametllers\/wp-content\/uploads\/usu1580\/2023\/03\/WhatsApp-Image-2023-03-20-at-20.43.10-225x300.jpeg 225w, https:\/\/agora.xtec.cat\/escolametllers\/wp-content\/uploads\/usu1580\/2023\/03\/WhatsApp-Image-2023-03-20-at-20.43.10-1152x1536.jpeg 1152w, https:\/\/agora.xtec.cat\/escolametllers\/wp-content\/uploads\/usu1580\/2023\/03\/WhatsApp-Image-2023-03-20-at-20.43.10.jpeg 1536w\" sizes=\"auto, (max-width: 768px) 100vw, 768px\" \/><\/a><\/p>\n<p>El dies 20 i 21 de mar\u00e7 tots els infants d\u2019Educaci\u00f3 Infantil vam anar a Castellnou de Bages a fer d\u2019apicultors i apicultores. All\u00e0 el Ferran i l\u2019Eli ens van explicar moltes coses interessants del m\u00f3n de les abelles i ens van ajudar a estimar-les m\u00e9s ja que, encara que no ens ho sembli, fan una feina molt important: pol.linitzar les plantes. A m\u00e9s tamb\u00e9 ens van explicar com les abelles fan la mel, la cera i el pr\u00f2polis, i vam olorar les plantes arom\u00e0tiques que m\u00e9s els agraden \u00a0(tim\u00f3, roman\u00ed, orenga, menta, rosa silvestre, etc.)<!--more--><\/p>\n<p>Tamb\u00e9 van ensenyar-nos que les abelles s\u00f3n molt diferents de les vespes, tot i que a simple vista s\u2019assemblen for\u00e7a (les abelles tenen molts p\u00e8ls i el color groc del seu cos no \u00e9s tan intens com el de les vespes).<\/p>\n<p>Una altra cosa que vam aprendre \u00e9s que cal tirar fum a les abelles quan t\u2019hi acostes, perqu\u00e8 aix\u00f2 les calma.<\/p>\n<p>Vam poder veure on vivien (en unes caixes de fusta al mig del bosc) i vam poder sentir molt b\u00e9 el brunzit que fan amb les ales. En un moment vam quedar envoltats de moltes abelles, per\u00f2 no ens va passar res perqu\u00e8 an\u00e0vem tots molt ben protegits (amb un mono m\u00e0niga llarga enganxat a una caputxa amb reixa al davant, i amb uns guants que ens arribaven m\u00e9s amunt del colze).<\/p>\n<p>I sabeu qu\u00e8? Vam marxar cap a casa ben carregats: tots els nens i nenes ens vam fer una espelma (cargolant un tros de cera) i ens van donar un potet de mel.<\/p>\n<p>Us convidem a veure les fotos de les activitats que vam fer aquell dia a Castellnou (empresa \u201cAnima ess\u00e8ncies\u201d)&#8230;<\/p>\n","protected":false},"excerpt":{"rendered":"<p>El dies 20 i 21 de mar\u00e7 tots els infants d\u2019Educaci\u00f3 Infantil vam anar a Castellnou de Bages a fer d\u2019apicultors i apicultores. All\u00e0 el Ferran i l\u2019Eli ens van explicar moltes coses interessants del m\u00f3n de les abelles i ens van ajudar a estimar-les m\u00e9s ja que, encara que no ens ho sembli, fan [&hellip;]<\/p>\n","protected":false},"author":1,"featured_media":0,"comment_status":"open","ping_status":"closed","sticky":false,"template":"","format":"standard","meta":{"_bbp_topic_count":0,"_bbp_reply_count":0,"_bbp_total_topic_count":0,"_bbp_total_reply_count":0,"_bbp_voice_count":0,"_bbp_anonymous_reply_count":0,"_bbp_topic_count_hidden":0,"_bbp_reply_count_hidden":0,"_bbp_forum_subforum_count":0,"site-sidebar-layout":"default","site-content-layout":"","ast-site-content-layout":"","site-content-style":"default","site-sidebar-style":"default","ast-global-header-display":"","ast-banner-title-visibility":"","ast-main-header-display":"","ast-hfb-above-header-display":"","ast-hfb-below-header-display":"","ast-hfb-mobile-header-display":"","site-post-title":"","ast-breadcrumbs-content":"","ast-featured-img":"","footer-sml-layout":"","theme-transparent-header-meta":"","adv-header-id-meta":"","stick-header-meta":"","header-above-stick-meta":"","header-main-stick-meta":"","header-below-stick-meta":"","astra-migrate-meta-layouts":"default","ast-page-background-enabled":"default","ast-page-background-meta":{"desktop":{"background-color":"var(--ast-global-color-4)","background-image":"","background-repeat":"repeat","background-position":"center center","background-size":"auto","background-attachment":"scroll","background-type":"","background-media":"","overlay-type":"","overlay-color":"","overlay-opacity":"","overlay-gradient":""},"tablet":{"background-color":"","background-image":"","background-repeat":"repeat","background-position":"center center","background-size":"auto","background-attachment":"scroll","background-type":"","background-media":"","overlay-type":"","overlay-color":"","overlay-opacity":"","overlay-gradient":""},"mobile":{"background-color":"","background-image":"","background-repeat":"repeat","background-position":"center center","background-size":"auto","background-attachment":"scroll","background-type":"","background-media":"","overlay-type":"","overlay-color":"","overlay-opacity":"","overlay-gradient":""}},"ast-content-background-meta":{"desktop":{"background-color":"var(--ast-global-color-5)","background-image":"","background-repeat":"repeat","background-position":"center center","background-size":"auto","background-attachment":"scroll","background-type":"","background-media":"","overlay-type":"","overlay-color":"","overlay-opacity":"","overlay-gradient":""},"tablet":{"background-color":"var(--ast-global-color-5)","background-image":"","background-repeat":"repeat","background-position":"center center","background-size":"auto","background-attachment":"scroll","background-type":"","background-media":"","overlay-type":"","overlay-color":"","overlay-opacity":"","overlay-gradient":""},"mobile":{"background-color":"var(--ast-global-color-5)","background-image":"","background-repeat":"repeat","background-position":"center center","background-size":"auto","background-attachment":"scroll","background-type":"","background-media":"","overlay-type":"","overlay-color":"","overlay-opacity":"","overlay-gradient":""}},"footnotes":""},"categories":[258,279,280,8,2],"tags":[16],"class_list":["post-11300","post","type-post","status-publish","format-standard","hentry","category-22-23","category-eia","category-eib","category-eic","category-infantil","tag-sortides"],"post_mailing_queue_ids":[],"_links":{"self":[{"href":"https:\/\/agora.xtec.cat\/escolametllers\/wp-json\/wp\/v2\/posts\/11300","targetHints":{"allow":["GET"]}}],"collection":[{"href":"https:\/\/agora.xtec.cat\/escolametllers\/wp-json\/wp\/v2\/posts"}],"about":[{"href":"https:\/\/agora.xtec.cat\/escolametllers\/wp-json\/wp\/v2\/types\/post"}],"author":[{"embeddable":true,"href":"https:\/\/agora.xtec.cat\/escolametllers\/wp-json\/wp\/v2\/users\/1"}],"replies":[{"embeddable":true,"href":"https:\/\/agora.xtec.cat\/escolametllers\/wp-json\/wp\/v2\/comments?post=11300"}],"version-history":[{"count":3,"href":"https:\/\/agora.xtec.cat\/escolametllers\/wp-json\/wp\/v2\/posts\/11300\/revisions"}],"predecessor-version":[{"id":11389,"href":"https:\/\/agora.xtec.cat\/escolametllers\/wp-json\/wp\/v2\/posts\/11300\/revisions\/11389"}],"wp:attachment":[{"href":"https:\/\/agora.xtec.cat\/escolametllers\/wp-json\/wp\/v2\/media?parent=11300"}],"wp:term":[{"taxonomy":"category","embeddable":true,"href":"https:\/\/agora.xtec.cat\/escolametllers\/wp-json\/wp\/v2\/categories?post=11300"},{"taxonomy":"post_tag","embeddable":true,"href":"https:\/\/agora.xtec.cat\/escolametllers\/wp-json\/wp\/v2\/tags?post=11300"}],"curies":[{"name":"wp","href":"https:\/\/api.w.org\/{rel}","templated":true}]}}