{"id":11296,"date":"2023-03-29T22:02:13","date_gmt":"2023-03-29T20:02:13","guid":{"rendered":"https:\/\/agora.xtec.cat\/escolametllers\/?p=11296"},"modified":"2023-03-29T22:02:13","modified_gmt":"2023-03-29T20:02:13","slug":"sortida-al-parc-de-bombers-de-manresa","status":"publish","type":"post","link":"https:\/\/agora.xtec.cat\/escolametllers\/infantil\/sortida-al-parc-de-bombers-de-manresa\/","title":{"rendered":"SORTIDA AL PARC DE BOMBERS DE MANRESA"},"content":{"rendered":"<p><a href=\"https:\/\/photos.app.goo.gl\/P5Ya2MQoMPhYrWSn7\"><img loading=\"lazy\" decoding=\"async\" class=\"alignnone size-large wp-image-11351\" src=\"https:\/\/agora.xtec.cat\/escolametllers\/wp-content\/uploads\/usu1580\/2023\/03\/WhatsApp-Image-2023-03-29-at-21.58.18-1024x768.jpeg\" alt=\"\" width=\"1024\" height=\"768\" srcset=\"https:\/\/agora.xtec.cat\/escolametllers\/wp-content\/uploads\/usu1580\/2023\/03\/WhatsApp-Image-2023-03-29-at-21.58.18-1024x768.jpeg 1024w, https:\/\/agora.xtec.cat\/escolametllers\/wp-content\/uploads\/usu1580\/2023\/03\/WhatsApp-Image-2023-03-29-at-21.58.18-300x225.jpeg 300w, https:\/\/agora.xtec.cat\/escolametllers\/wp-content\/uploads\/usu1580\/2023\/03\/WhatsApp-Image-2023-03-29-at-21.58.18-768x576.jpeg 768w, https:\/\/agora.xtec.cat\/escolametllers\/wp-content\/uploads\/usu1580\/2023\/03\/WhatsApp-Image-2023-03-29-at-21.58.18-1536x1152.jpeg 1536w, https:\/\/agora.xtec.cat\/escolametllers\/wp-content\/uploads\/usu1580\/2023\/03\/WhatsApp-Image-2023-03-29-at-21.58.18-200x150.jpeg 200w, https:\/\/agora.xtec.cat\/escolametllers\/wp-content\/uploads\/usu1580\/2023\/03\/WhatsApp-Image-2023-03-29-at-21.58.18.jpeg 1600w\" sizes=\"auto, (max-width: 1024px) 100vw, 1024px\" \/><\/a><\/p>\n<p style=\"text-align: left;\">El passat divendres 17 de mar\u00e7 els nens i nenes de la classe del Foc vam anar a visitar el Parc de Bombers de Manresa, per aprendre m\u00e9s coses relacionades amb el foc i amb el projecte que estem fent. Tamb\u00e9 varen venir els infants de la classe de les Espurnes (EI-5 B), ja que el seu projecte tamb\u00e9 t\u00e9 molta relaci\u00f3 amb el foc.<\/p>\n<p style=\"text-align: left;\"><!--more-->Un cop all\u00e0 vam separar-nos per grups per\u00f2 fou una sortida molt profitosa, doncs vam poder gaudir de moltes activitats interessants:<\/p>\n<ul style=\"text-align: left;\">\n<li>Veure dos v\u00eddeos relacionats amb el m\u00f3n dels Bombers (en el primer explicaven en qu\u00e8 consisteix la seva feina i el segon va ser un cap\u00edtol molt divertit del Mickey Mouse fent de bomber).<\/li>\n<li>Descobrir qu\u00e8 hi ha dins els armaris dels camions de bombers i aprendre alguns noms de les eines que hi guarden.<\/li>\n<li>Pujar als camions i fer tocar les diferents sirenes.<\/li>\n<li>Utilitzar les m\u00e0negues d\u2019aigua, obrint i tancant la \u201cpistola\u201d de la m\u00e0nega (que es diu <em>llan\u00e7a).<\/em><\/li>\n<li>Pujar per una banda al cami\u00f3 gran (el que t\u00e9 una escala molt llarga) i baixar per l\u2019altra.<\/li>\n<li>Veure com es desplega l\u2019escala del cami\u00f3 gran (va arribar molt, molt amunt).<\/li>\n<\/ul>\n<p style=\"text-align: left;\">Ens va agradar molt\u00edssim anar al Parc de Bombers perqu\u00e8 vam adonar-nos que fan moltes m\u00e9s coses de les que ens imagin\u00e0vem i que la seva feina \u00e9s molt important.<\/p>\n<p style=\"text-align: left;\">Ah! A l\u2019escola, el dia abans d\u2019anar al parc de bombers, vam fer-nos el nostre nom en unes <strong>etiquetes<\/strong> que tenien l\u2019anagrama dels Bombers. Arribant all\u00e0 ens les vam enganxar i d\u2019aquesta manera els bombers podien veure com ens d\u00e8iem i nosaltres ens sent\u00edem per un dia bombers de veritat.<\/p>\n<p style=\"text-align: left;\">Aqu\u00ed us deixem un munt de fotografies d\u2019aquella sortida&#8230;<\/p>\n","protected":false},"excerpt":{"rendered":"<p>El passat divendres 17 de mar\u00e7 els nens i nenes de la classe del Foc vam anar a visitar el Parc de Bombers de Manresa, per aprendre m\u00e9s coses relacionades amb el foc i amb el projecte que estem fent. Tamb\u00e9 varen venir els infants de la classe de les Espurnes (EI-5 B), ja que [&hellip;]<\/p>\n","protected":false},"author":1,"featured_media":0,"comment_status":"open","ping_status":"closed","sticky":false,"template":"","format":"standard","meta":{"_bbp_topic_count":0,"_bbp_reply_count":0,"_bbp_total_topic_count":0,"_bbp_total_reply_count":0,"_bbp_voice_count":0,"_bbp_anonymous_reply_count":0,"_bbp_topic_count_hidden":0,"_bbp_reply_count_hidden":0,"_bbp_forum_subforum_count":0,"site-sidebar-layout":"default","site-content-layout":"","ast-site-content-layout":"","site-content-style":"default","site-sidebar-style":"default","ast-global-header-display":"","ast-banner-title-visibility":"","ast-main-header-display":"","ast-hfb-above-header-display":"","ast-hfb-below-header-display":"","ast-hfb-mobile-header-display":"","site-post-title":"","ast-breadcrumbs-content":"","ast-featured-img":"","footer-sml-layout":"","theme-transparent-header-meta":"","adv-header-id-meta":"","stick-header-meta":"","header-above-stick-meta":"","header-main-stick-meta":"","header-below-stick-meta":"","astra-migrate-meta-layouts":"default","ast-page-background-enabled":"default","ast-page-background-meta":{"desktop":{"background-color":"var(--ast-global-color-4)","background-image":"","background-repeat":"repeat","background-position":"center center","background-size":"auto","background-attachment":"scroll","background-type":"","background-media":"","overlay-type":"","overlay-color":"","overlay-opacity":"","overlay-gradient":""},"tablet":{"background-color":"","background-image":"","background-repeat":"repeat","background-position":"center center","background-size":"auto","background-attachment":"scroll","background-type":"","background-media":"","overlay-type":"","overlay-color":"","overlay-opacity":"","overlay-gradient":""},"mobile":{"background-color":"","background-image":"","background-repeat":"repeat","background-position":"center center","background-size":"auto","background-attachment":"scroll","background-type":"","background-media":"","overlay-type":"","overlay-color":"","overlay-opacity":"","overlay-gradient":""}},"ast-content-background-meta":{"desktop":{"background-color":"var(--ast-global-color-5)","background-image":"","background-repeat":"repeat","background-position":"center center","background-size":"auto","background-attachment":"scroll","background-type":"","background-media":"","overlay-type":"","overlay-color":"","overlay-opacity":"","overlay-gradient":""},"tablet":{"background-color":"var(--ast-global-color-5)","background-image":"","background-repeat":"repeat","background-position":"center center","background-size":"auto","background-attachment":"scroll","background-type":"","background-media":"","overlay-type":"","overlay-color":"","overlay-opacity":"","overlay-gradient":""},"mobile":{"background-color":"var(--ast-global-color-5)","background-image":"","background-repeat":"repeat","background-position":"center center","background-size":"auto","background-attachment":"scroll","background-type":"","background-media":"","overlay-type":"","overlay-color":"","overlay-opacity":"","overlay-gradient":""}},"footnotes":""},"categories":[258,8,2],"tags":[204],"class_list":["post-11296","post","type-post","status-publish","format-standard","hentry","category-22-23","category-eic","category-infantil","tag-projectes"],"post_mailing_queue_ids":[],"_links":{"self":[{"href":"https:\/\/agora.xtec.cat\/escolametllers\/wp-json\/wp\/v2\/posts\/11296","targetHints":{"allow":["GET"]}}],"collection":[{"href":"https:\/\/agora.xtec.cat\/escolametllers\/wp-json\/wp\/v2\/posts"}],"about":[{"href":"https:\/\/agora.xtec.cat\/escolametllers\/wp-json\/wp\/v2\/types\/post"}],"author":[{"embeddable":true,"href":"https:\/\/agora.xtec.cat\/escolametllers\/wp-json\/wp\/v2\/users\/1"}],"replies":[{"embeddable":true,"href":"https:\/\/agora.xtec.cat\/escolametllers\/wp-json\/wp\/v2\/comments?post=11296"}],"version-history":[{"count":2,"href":"https:\/\/agora.xtec.cat\/escolametllers\/wp-json\/wp\/v2\/posts\/11296\/revisions"}],"predecessor-version":[{"id":11352,"href":"https:\/\/agora.xtec.cat\/escolametllers\/wp-json\/wp\/v2\/posts\/11296\/revisions\/11352"}],"wp:attachment":[{"href":"https:\/\/agora.xtec.cat\/escolametllers\/wp-json\/wp\/v2\/media?parent=11296"}],"wp:term":[{"taxonomy":"category","embeddable":true,"href":"https:\/\/agora.xtec.cat\/escolametllers\/wp-json\/wp\/v2\/categories?post=11296"},{"taxonomy":"post_tag","embeddable":true,"href":"https:\/\/agora.xtec.cat\/escolametllers\/wp-json\/wp\/v2\/tags?post=11296"}],"curies":[{"name":"wp","href":"https:\/\/api.w.org\/{rel}","templated":true}]}}