{"id":11235,"date":"2023-03-23T15:56:02","date_gmt":"2023-03-23T14:56:02","guid":{"rendered":"https:\/\/agora.xtec.cat\/escolametllers\/?p=11235"},"modified":"2023-03-23T15:56:02","modified_gmt":"2023-03-23T14:56:02","slug":"el-mon-de-les-abelles","status":"publish","type":"post","link":"https:\/\/agora.xtec.cat\/escolametllers\/primaria\/prom17a\/el-mon-de-les-abelles\/","title":{"rendered":"EL M\u00d3N DE LES ABELLES"},"content":{"rendered":"<p>El passat dimarts dia 21 els nens i les nenes d&#8217;EI5 vam anar a Castellnou del Bages a fer diferents propostes sobre l&#8217;apicultura. Ens van explicar la difer\u00e8ncia entre les abelles i les vespes, ens van ensenyar les eines per poder fer mel, hem apr\u00e8s que era la cera, vam tastar el pol\u00b7len&#8230; i ens van ensenyar un v\u00eddeo on explicava molt b\u00e9 on viuen, qu\u00e8 mengen&#8230; les abelles.<br \/>\nDespr\u00e9s d&#8217;aquesta explicaci\u00f3 ens vam vestir com si f\u00f3ssim apicultors i apicultores i ens vam acostar a les arnes per veure ben de prop les abelles, vam tenir la sort de veure algunes abelles que portaven pol\u00b7len, com feien la mel i molts ous!<\/p>\n<p>Si cliqueu la imatge podreu veure fotografies d&#8217;aquesta sortida:<\/p>\n<p><a href=\"https:\/\/photos.app.goo.gl\/4gT6Lc1SCugrnHef7\"><img loading=\"lazy\" decoding=\"async\" class=\"alignnone size-large wp-image-11249\" src=\"https:\/\/agora.xtec.cat\/escolametllers\/wp-content\/uploads\/usu1580\/2023\/03\/IMG_0448-1024x768.jpg\" alt=\"\" width=\"1024\" height=\"768\" srcset=\"https:\/\/agora.xtec.cat\/escolametllers\/wp-content\/uploads\/usu1580\/2023\/03\/IMG_0448-1024x768.jpg 1024w, https:\/\/agora.xtec.cat\/escolametllers\/wp-content\/uploads\/usu1580\/2023\/03\/IMG_0448-300x225.jpg 300w, https:\/\/agora.xtec.cat\/escolametllers\/wp-content\/uploads\/usu1580\/2023\/03\/IMG_0448-768x576.jpg 768w, https:\/\/agora.xtec.cat\/escolametllers\/wp-content\/uploads\/usu1580\/2023\/03\/IMG_0448-1536x1152.jpg 1536w, https:\/\/agora.xtec.cat\/escolametllers\/wp-content\/uploads\/usu1580\/2023\/03\/IMG_0448-2048x1536.jpg 2048w, https:\/\/agora.xtec.cat\/escolametllers\/wp-content\/uploads\/usu1580\/2023\/03\/IMG_0448-200x150.jpg 200w\" sizes=\"auto, (max-width: 1024px) 100vw, 1024px\" \/><\/a><\/p>\n<p>&nbsp;<\/p>\n","protected":false},"excerpt":{"rendered":"<p>El passat dimarts dia 21 els nens i les nenes d&#8217;EI5 vam anar a Castellnou del Bages a fer diferents propostes sobre l&#8217;apicultura. Ens van explicar la difer\u00e8ncia entre les abelles i les vespes, ens van ensenyar les eines per poder fer mel, hem apr\u00e8s que era la cera, vam tastar el pol\u00b7len&#8230; i ens [&hellip;]<\/p>\n","protected":false},"author":86,"featured_media":0,"comment_status":"open","ping_status":"closed","sticky":false,"template":"","format":"standard","meta":{"_bbp_topic_count":0,"_bbp_reply_count":0,"_bbp_total_topic_count":0,"_bbp_total_reply_count":0,"_bbp_voice_count":0,"_bbp_anonymous_reply_count":0,"_bbp_topic_count_hidden":0,"_bbp_reply_count_hidden":0,"_bbp_forum_subforum_count":0,"site-sidebar-layout":"default","site-content-layout":"","ast-site-content-layout":"","site-content-style":"default","site-sidebar-style":"default","ast-global-header-display":"","ast-banner-title-visibility":"","ast-main-header-display":"","ast-hfb-above-header-display":"","ast-hfb-below-header-display":"","ast-hfb-mobile-header-display":"","site-post-title":"","ast-breadcrumbs-content":"","ast-featured-img":"","footer-sml-layout":"","theme-transparent-header-meta":"","adv-header-id-meta":"","stick-header-meta":"","header-above-stick-meta":"","header-main-stick-meta":"","header-below-stick-meta":"","astra-migrate-meta-layouts":"default","ast-page-background-enabled":"default","ast-page-background-meta":{"desktop":{"background-color":"var(--ast-global-color-4)","background-image":"","background-repeat":"repeat","background-position":"center center","background-size":"auto","background-attachment":"scroll","background-type":"","background-media":"","overlay-type":"","overlay-color":"","overlay-opacity":"","overlay-gradient":""},"tablet":{"background-color":"","background-image":"","background-repeat":"repeat","background-position":"center center","background-size":"auto","background-attachment":"scroll","background-type":"","background-media":"","overlay-type":"","overlay-color":"","overlay-opacity":"","overlay-gradient":""},"mobile":{"background-color":"","background-image":"","background-repeat":"repeat","background-position":"center center","background-size":"auto","background-attachment":"scroll","background-type":"","background-media":"","overlay-type":"","overlay-color":"","overlay-opacity":"","overlay-gradient":""}},"ast-content-background-meta":{"desktop":{"background-color":"var(--ast-global-color-5)","background-image":"","background-repeat":"repeat","background-position":"center center","background-size":"auto","background-attachment":"scroll","background-type":"","background-media":"","overlay-type":"","overlay-color":"","overlay-opacity":"","overlay-gradient":""},"tablet":{"background-color":"var(--ast-global-color-5)","background-image":"","background-repeat":"repeat","background-position":"center center","background-size":"auto","background-attachment":"scroll","background-type":"","background-media":"","overlay-type":"","overlay-color":"","overlay-opacity":"","overlay-gradient":""},"mobile":{"background-color":"var(--ast-global-color-5)","background-image":"","background-repeat":"repeat","background-position":"center center","background-size":"auto","background-attachment":"scroll","background-type":"","background-media":"","overlay-type":"","overlay-color":"","overlay-opacity":"","overlay-gradient":""}},"footnotes":""},"categories":[3,61],"tags":[325],"class_list":["post-11235","post","type-post","status-publish","format-standard","hentry","category-prom17a","category-prom17b","tag-apicultura"],"post_mailing_queue_ids":[],"_links":{"self":[{"href":"https:\/\/agora.xtec.cat\/escolametllers\/wp-json\/wp\/v2\/posts\/11235","targetHints":{"allow":["GET"]}}],"collection":[{"href":"https:\/\/agora.xtec.cat\/escolametllers\/wp-json\/wp\/v2\/posts"}],"about":[{"href":"https:\/\/agora.xtec.cat\/escolametllers\/wp-json\/wp\/v2\/types\/post"}],"author":[{"embeddable":true,"href":"https:\/\/agora.xtec.cat\/escolametllers\/wp-json\/wp\/v2\/users\/86"}],"replies":[{"embeddable":true,"href":"https:\/\/agora.xtec.cat\/escolametllers\/wp-json\/wp\/v2\/comments?post=11235"}],"version-history":[{"count":1,"href":"https:\/\/agora.xtec.cat\/escolametllers\/wp-json\/wp\/v2\/posts\/11235\/revisions"}],"predecessor-version":[{"id":11250,"href":"https:\/\/agora.xtec.cat\/escolametllers\/wp-json\/wp\/v2\/posts\/11235\/revisions\/11250"}],"wp:attachment":[{"href":"https:\/\/agora.xtec.cat\/escolametllers\/wp-json\/wp\/v2\/media?parent=11235"}],"wp:term":[{"taxonomy":"category","embeddable":true,"href":"https:\/\/agora.xtec.cat\/escolametllers\/wp-json\/wp\/v2\/categories?post=11235"},{"taxonomy":"post_tag","embeddable":true,"href":"https:\/\/agora.xtec.cat\/escolametllers\/wp-json\/wp\/v2\/tags?post=11235"}],"curies":[{"name":"wp","href":"https:\/\/api.w.org\/{rel}","templated":true}]}}