{"id":11141,"date":"2023-03-08T21:29:39","date_gmt":"2023-03-08T20:29:39","guid":{"rendered":"https:\/\/agora.xtec.cat\/escolametllers\/?p=11141"},"modified":"2024-09-09T21:44:27","modified_gmt":"2024-09-09T19:44:27","slug":"8-de-marc-dia-de-les-dones","status":"publish","type":"post","link":"https:\/\/agora.xtec.cat\/escolametllers\/portada\/8-de-marc-dia-de-les-dones\/","title":{"rendered":"8 DE MAR\u00c7: DIA DE LES DONES"},"content":{"rendered":"<p style=\"text-align: justify;\">Avui hem celebrat el Dia de la dona a l&#8217;Escola Ametllers i ho hem fet d&#8217;una forma especial. Hem fet una caminada solid\u00e0ria tota l&#8217;escola pujant a esmorzar a la falda del Collbaix, on les parelles d&#8217;apadrinament lector anaven juntes, acompanyades tamb\u00e9 per alguns familiars. Ha sigut molt especial, aqu\u00ed teniu algunes fotos de la jornada.<\/p>\n<p style=\"text-align: justify;\"><a href=\"https:\/\/photos.app.goo.gl\/2sZMAY2J9rBUvEFA9\"><img loading=\"lazy\" decoding=\"async\" class=\" aligncenter\" src=\"https:\/\/lh3.googleusercontent.com\/wahDEChOn_nU9ub1eHAy6mz-DJb4BnHSziwG2gGRdH2alYDYeWkGSMW8BcDwOyuC7JXGNt0w9EfjN3-DcESGcWjdNcFpPWPX-ZdsKCasqYjLN2x1kcoRfIsRclFycH3Mfj2xjbEqRbSUrCTPJVpB0lPcrZ83j5ey-1GbhdMjl6_oH4BZ_7gOiKO0YrLfBzNLMll5m9rpI2myDzCFQOUxV20JeLuEMo-RihfzsyDH2_VBnRwXeXJDgs-fAtKqjzR2ENT4pZPzpSmiC_jg8M4tSu0jdyKQc1x2ShmKPVmSkLKfGFiqLduJR5w66IfaV_jkrRsRJoNk5F7I0fKQLEZFWHG7HcpKAsalbDc5kP-PR-EVoJrZCBhQZkj3pTG20crrDrz5yW8wns29vAylWYZwho__SHxR6SnVJGb13E6b3mpWyT3LWPpulehHMDqnRmN3vCy_s8EH5lJCYocXZK-1jY25IMcVLb-np_lvWIAlIrXcP2bm120dHzwemVB55XMKPRNj1Omuy5d0jcyRikSBxdzVXmqgrj3x2XTCdNihV8ZBidHecKm33KKds85JWJTgqtD4XzIVz6TaOQ61s7c8kW05_BT6YJEF54Tkq18glLoAoCVzqY66RSw9AX6nCACJiRWrb4k2Yw_N4ZgEuqwNVF0S2ibqktIYE83V9OpRDKCQmQD860g1doyE8Tql5zPZ3FQNOEeTk-MnqSvnkigUDwTkHYAYXKVvLqDxLDH_g0ELSwjQ6a1IT7EbtCAc1PbEKVE04PzA9SEgGZJNFt2V2FfH1y6Su8bNtLogyJHUfSZuz-E6_n6M6b9j3u2qOgs3TFMUKcCWVPfvRaMjwD_JAgXobtAI3XU_WMTOdSjYsI39A47DP8heaHG3umbxEDaAq_ThYBOe1l1p8WNhSHJ1HIEmrczjVP_FjWBG9LqGcuLFkOJouojLXZlO9Zmdjdd9tk8OnxvLF2TUqC5CFtpZFekM6iWTzLRDCxZFkSTimS6Pe7jpJNqq_9mWxqpTEVGUsYiizc5iWrDe9kwpM2_AtK9NhK8=w1024-h768-no?authuser=3\" width=\"987\" height=\"740\" \/><\/a><\/p>\n<p style=\"text-align: justify;\">I aqu\u00ed us deixem un resum de l&#8217;InfoK molt interessant sobre la hist\u00f2ria i la import\u00e0ncia del Dia de les dones:<\/p>\n<p style=\"text-align: center;\"><iframe loading=\"lazy\" title=\"YouTube video player\" src=\"https:\/\/www.youtube.com\/embed\/zsspErRx7b8\" width=\"700\" height=\"480\" frameborder=\"0\" allowfullscreen=\"allowfullscreen\"><span data-mce-type=\"bookmark\" style=\"display: inline-block; width: 0px; overflow: hidden; line-height: 0;\" class=\"mce_SELRES_start\">\ufeff<\/span><span data-mce-type=\"bookmark\" style=\"display: inline-block; width: 0px; overflow: hidden; line-height: 0;\" class=\"mce_SELRES_start\">\ufeff<\/span><\/iframe><\/p>\n<p>Seguim endavant! \u270a<b>\u2640\ufe0f<\/b><\/p>\n","protected":false},"excerpt":{"rendered":"<p>Avui hem celebrat el Dia de la dona a l&#8217;Escola Ametllers i ho hem fet d&#8217;una forma especial. Hem fet una caminada solid\u00e0ria tota l&#8217;escola pujant a esmorzar a la falda del Collbaix, on les parelles d&#8217;apadrinament lector anaven juntes, acompanyades tamb\u00e9 per alguns familiars. Ha sigut molt especial, aqu\u00ed teniu algunes fotos de la [&hellip;]<\/p>\n","protected":false},"author":1,"featured_media":0,"comment_status":"open","ping_status":"closed","sticky":false,"template":"","format":"standard","meta":{"_bbp_topic_count":0,"_bbp_reply_count":0,"_bbp_total_topic_count":0,"_bbp_total_reply_count":0,"_bbp_voice_count":0,"_bbp_anonymous_reply_count":0,"_bbp_topic_count_hidden":0,"_bbp_reply_count_hidden":0,"_bbp_forum_subforum_count":0,"site-sidebar-layout":"default","site-content-layout":"","ast-site-content-layout":"","site-content-style":"default","site-sidebar-style":"default","ast-global-header-display":"","ast-banner-title-visibility":"","ast-main-header-display":"","ast-hfb-above-header-display":"","ast-hfb-below-header-display":"","ast-hfb-mobile-header-display":"","site-post-title":"","ast-breadcrumbs-content":"","ast-featured-img":"","footer-sml-layout":"","theme-transparent-header-meta":"","adv-header-id-meta":"","stick-header-meta":"","header-above-stick-meta":"","header-main-stick-meta":"","header-below-stick-meta":"","astra-migrate-meta-layouts":"default","ast-page-background-enabled":"default","ast-page-background-meta":{"desktop":{"background-color":"var(--ast-global-color-4)","background-image":"","background-repeat":"repeat","background-position":"center center","background-size":"auto","background-attachment":"scroll","background-type":"","background-media":"","overlay-type":"","overlay-color":"","overlay-opacity":"","overlay-gradient":""},"tablet":{"background-color":"","background-image":"","background-repeat":"repeat","background-position":"center center","background-size":"auto","background-attachment":"scroll","background-type":"","background-media":"","overlay-type":"","overlay-color":"","overlay-opacity":"","overlay-gradient":""},"mobile":{"background-color":"","background-image":"","background-repeat":"repeat","background-position":"center center","background-size":"auto","background-attachment":"scroll","background-type":"","background-media":"","overlay-type":"","overlay-color":"","overlay-opacity":"","overlay-gradient":""}},"ast-content-background-meta":{"desktop":{"background-color":"var(--ast-global-color-5)","background-image":"","background-repeat":"repeat","background-position":"center center","background-size":"auto","background-attachment":"scroll","background-type":"","background-media":"","overlay-type":"","overlay-color":"","overlay-opacity":"","overlay-gradient":""},"tablet":{"background-color":"var(--ast-global-color-5)","background-image":"","background-repeat":"repeat","background-position":"center center","background-size":"auto","background-attachment":"scroll","background-type":"","background-media":"","overlay-type":"","overlay-color":"","overlay-opacity":"","overlay-gradient":""},"mobile":{"background-color":"var(--ast-global-color-5)","background-image":"","background-repeat":"repeat","background-position":"center center","background-size":"auto","background-attachment":"scroll","background-type":"","background-media":"","overlay-type":"","overlay-color":"","overlay-opacity":"","overlay-gradient":""}},"footnotes":""},"categories":[258,4],"tags":[317],"class_list":["post-11141","post","type-post","status-publish","format-standard","hentry","category-22-23","category-portada","tag-dia-de-la-dona"],"post_mailing_queue_ids":[],"_links":{"self":[{"href":"https:\/\/agora.xtec.cat\/escolametllers\/wp-json\/wp\/v2\/posts\/11141","targetHints":{"allow":["GET"]}}],"collection":[{"href":"https:\/\/agora.xtec.cat\/escolametllers\/wp-json\/wp\/v2\/posts"}],"about":[{"href":"https:\/\/agora.xtec.cat\/escolametllers\/wp-json\/wp\/v2\/types\/post"}],"author":[{"embeddable":true,"href":"https:\/\/agora.xtec.cat\/escolametllers\/wp-json\/wp\/v2\/users\/1"}],"replies":[{"embeddable":true,"href":"https:\/\/agora.xtec.cat\/escolametllers\/wp-json\/wp\/v2\/comments?post=11141"}],"version-history":[{"count":1,"href":"https:\/\/agora.xtec.cat\/escolametllers\/wp-json\/wp\/v2\/posts\/11141\/revisions"}],"predecessor-version":[{"id":14302,"href":"https:\/\/agora.xtec.cat\/escolametllers\/wp-json\/wp\/v2\/posts\/11141\/revisions\/14302"}],"wp:attachment":[{"href":"https:\/\/agora.xtec.cat\/escolametllers\/wp-json\/wp\/v2\/media?parent=11141"}],"wp:term":[{"taxonomy":"category","embeddable":true,"href":"https:\/\/agora.xtec.cat\/escolametllers\/wp-json\/wp\/v2\/categories?post=11141"},{"taxonomy":"post_tag","embeddable":true,"href":"https:\/\/agora.xtec.cat\/escolametllers\/wp-json\/wp\/v2\/tags?post=11141"}],"curies":[{"name":"wp","href":"https:\/\/api.w.org\/{rel}","templated":true}]}}