{"id":11113,"date":"2023-03-06T12:16:34","date_gmt":"2023-03-06T11:16:34","guid":{"rendered":"https:\/\/agora.xtec.cat\/escolametllers\/?p=11113"},"modified":"2023-03-06T14:17:58","modified_gmt":"2023-03-06T13:17:58","slug":"lhivern-i-el-fred","status":"publish","type":"post","link":"https:\/\/agora.xtec.cat\/escolametllers\/infantil\/lhivern-i-el-fred\/","title":{"rendered":"L&#8217;HIVERN I EL FRED"},"content":{"rendered":"<p>Al llarg d&#8217;aquest 2n trimestre, hem estat fent activitats relacionades amb la tem\u00e0tica de l&#8217;HIVERN:<\/p>\n<ul>\n<li>Parlat de les caracter\u00edstiques d&#8217;aquesta estaci\u00f3: el temps, la roba que fem servir,&#8230;<\/li>\n<li>Escoltat i apr\u00e8s<a href=\"https:\/\/www.youtube.com\/watch?v=j5t0hmKbiaM\"> can\u00e7ons<\/a>, una dita i un poema.<\/li>\n<li>Muntat el rac\u00f3 d&#8217;hivern.<\/li>\n<li>Constru\u00efr el nostre minimon d&#8217;hivern.<\/li>\n<li>Fet treballs pl\u00e0stics fent \u00fas de colors freds (lila, rosa, blau, blanc, gris,&#8230;).<\/li>\n<li>Fet neu artificial.<\/li>\n<li>Pintat amb gla\u00e7ons.<\/li>\n<li>Activitats relacionades amb les festes que celebrem a l&#8217;hivern com els reis (compartit amb els companys\/es la joguina de reis que v\u00e0rem portar de casa, collage amb paper de regal).<\/li>\n<\/ul>\n<p>&nbsp;<\/p>\n<p><a href=\"https:\/\/photos.app.goo.gl\/f9P53siS2ZnGo5vbA\"><img loading=\"lazy\" decoding=\"async\" class=\"aligncenter\" src=\"https:\/\/lh3.googleusercontent.com\/D0M8ZllgTwCrYuvVDx9PJfFMfWV3lI-bGyyQrYmSLPHPWBI10vxEXHsk_Ii6FmzEqxoV8Siuw5YTRl0dUTsZUNp7PURwAvzZDDq0eIjtzX3Cp4aybMZbT7zPFKurSFGb1BePVWbGebX9vYQPxrKwVuCZoVxlkpRbSuGLq_v8oWLOo_TPNe4fxNw3AgKF0CY4IYVyY1z7kZH_sT6qEjhG3vApMzMXYkKZFlAw5dmt8Sca0RqvltRqM09r7yLkjvygXgmP-WMdxF_VHDJGiDTcsXCOWfBI5uVeRAI3hdEaYgVlvKfQbZRrG0ejFOCkEwSgpsZ430wNea33fU_3uDD7iHje2ypFHfi-iu_pFI9Vm4CZX4HceZ5s2WP586KYhmZOc3WNYnLnkTI-UBFciS5LIKYmozPsHgMEheircx7kqnhTj8Vp2NdCl9Bi6wu5Nw4vLIqYVPmiBR-KXEaD-F8ix-KIDYqL-Ssy4g6EuaX1KMN3-xx8ZrwfHmYjXRqOp0FYaIJYSieq5sSDKUpAj0GG0eiONbjIAAs9suZhg28k_LTqIIkCHzh3vzLYKXYSEJ8CtJHIrXK0OiUrPBq0-oSVdCZ60QkEK_3_ACcSc134xZXkhXj1AungGfU9OqUj1ELQ6628p5oMjN2hnuJ_qxb_QQm3oO0MhpWC7t8feCHPRRYlGa4a2BBpVNVDKxx-Fi9IYonQIew-bb_od4Hz49diSVuFVtoVqvItBypX1IszQFp0aUJgI5pCX7eEozoCDXeqt_FqLYSsLZ9lg-BtU-o3yp4_ZA6UFJtPwldRL-pPQ9IKzkLotgN70jwd4TSxUYz9nUuh8tnR-N99tFJIBAY0ad5LyC-zXUM0T2mzW8BlVnSQd44u9JpUPbZMagh_lwbDmAC1_qADAVMt1dzVhQithZIrbtSVCaaN6UIGCZvQCvXhksjcycYXnurAmL8RzBiWPM4K8MfhNSb_-_ikUQ=w1216-h912-no?authuser=1\" width=\"991\" height=\"743\" \/><\/a><\/p>\n","protected":false},"excerpt":{"rendered":"<p>Al llarg d&#8217;aquest 2n trimestre, hem estat fent activitats relacionades amb la tem\u00e0tica de l&#8217;HIVERN: Parlat de les caracter\u00edstiques d&#8217;aquesta estaci\u00f3: el temps, la roba que fem servir,&#8230; Escoltat i apr\u00e8s can\u00e7ons, una dita i un poema. Muntat el rac\u00f3 d&#8217;hivern. Constru\u00efr el nostre minimon d&#8217;hivern. Fet treballs pl\u00e0stics fent \u00fas de colors freds (lila, [&hellip;]<\/p>\n","protected":false},"author":46,"featured_media":11114,"comment_status":"open","ping_status":"closed","sticky":false,"template":"","format":"standard","meta":{"_bbp_topic_count":0,"_bbp_reply_count":0,"_bbp_total_topic_count":0,"_bbp_total_reply_count":0,"_bbp_voice_count":0,"_bbp_anonymous_reply_count":0,"_bbp_topic_count_hidden":0,"_bbp_reply_count_hidden":0,"_bbp_forum_subforum_count":0,"site-sidebar-layout":"default","site-content-layout":"","ast-site-content-layout":"","site-content-style":"default","site-sidebar-style":"default","ast-global-header-display":"","ast-banner-title-visibility":"","ast-main-header-display":"","ast-hfb-above-header-display":"","ast-hfb-below-header-display":"","ast-hfb-mobile-header-display":"","site-post-title":"","ast-breadcrumbs-content":"","ast-featured-img":"","footer-sml-layout":"","theme-transparent-header-meta":"","adv-header-id-meta":"","stick-header-meta":"","header-above-stick-meta":"","header-main-stick-meta":"","header-below-stick-meta":"","astra-migrate-meta-layouts":"default","ast-page-background-enabled":"default","ast-page-background-meta":{"desktop":{"background-color":"var(--ast-global-color-4)","background-image":"","background-repeat":"repeat","background-position":"center center","background-size":"auto","background-attachment":"scroll","background-type":"","background-media":"","overlay-type":"","overlay-color":"","overlay-opacity":"","overlay-gradient":""},"tablet":{"background-color":"","background-image":"","background-repeat":"repeat","background-position":"center center","background-size":"auto","background-attachment":"scroll","background-type":"","background-media":"","overlay-type":"","overlay-color":"","overlay-opacity":"","overlay-gradient":""},"mobile":{"background-color":"","background-image":"","background-repeat":"repeat","background-position":"center center","background-size":"auto","background-attachment":"scroll","background-type":"","background-media":"","overlay-type":"","overlay-color":"","overlay-opacity":"","overlay-gradient":""}},"ast-content-background-meta":{"desktop":{"background-color":"var(--ast-global-color-5)","background-image":"","background-repeat":"repeat","background-position":"center center","background-size":"auto","background-attachment":"scroll","background-type":"","background-media":"","overlay-type":"","overlay-color":"","overlay-opacity":"","overlay-gradient":""},"tablet":{"background-color":"var(--ast-global-color-5)","background-image":"","background-repeat":"repeat","background-position":"center center","background-size":"auto","background-attachment":"scroll","background-type":"","background-media":"","overlay-type":"","overlay-color":"","overlay-opacity":"","overlay-gradient":""},"mobile":{"background-color":"var(--ast-global-color-5)","background-image":"","background-repeat":"repeat","background-position":"center center","background-size":"auto","background-attachment":"scroll","background-type":"","background-media":"","overlay-type":"","overlay-color":"","overlay-opacity":"","overlay-gradient":""}},"footnotes":""},"categories":[258,280,2],"tags":[237],"class_list":["post-11113","post","type-post","status-publish","format-standard","has-post-thumbnail","hentry","category-22-23","category-eib","category-infantil","tag-hivern"],"post_mailing_queue_ids":[],"_links":{"self":[{"href":"https:\/\/agora.xtec.cat\/escolametllers\/wp-json\/wp\/v2\/posts\/11113","targetHints":{"allow":["GET"]}}],"collection":[{"href":"https:\/\/agora.xtec.cat\/escolametllers\/wp-json\/wp\/v2\/posts"}],"about":[{"href":"https:\/\/agora.xtec.cat\/escolametllers\/wp-json\/wp\/v2\/types\/post"}],"author":[{"embeddable":true,"href":"https:\/\/agora.xtec.cat\/escolametllers\/wp-json\/wp\/v2\/users\/46"}],"replies":[{"embeddable":true,"href":"https:\/\/agora.xtec.cat\/escolametllers\/wp-json\/wp\/v2\/comments?post=11113"}],"version-history":[{"count":2,"href":"https:\/\/agora.xtec.cat\/escolametllers\/wp-json\/wp\/v2\/posts\/11113\/revisions"}],"predecessor-version":[{"id":11123,"href":"https:\/\/agora.xtec.cat\/escolametllers\/wp-json\/wp\/v2\/posts\/11113\/revisions\/11123"}],"wp:featuredmedia":[{"embeddable":true,"href":"https:\/\/agora.xtec.cat\/escolametllers\/wp-json\/wp\/v2\/media\/11114"}],"wp:attachment":[{"href":"https:\/\/agora.xtec.cat\/escolametllers\/wp-json\/wp\/v2\/media?parent=11113"}],"wp:term":[{"taxonomy":"category","embeddable":true,"href":"https:\/\/agora.xtec.cat\/escolametllers\/wp-json\/wp\/v2\/categories?post=11113"},{"taxonomy":"post_tag","embeddable":true,"href":"https:\/\/agora.xtec.cat\/escolametllers\/wp-json\/wp\/v2\/tags?post=11113"}],"curies":[{"name":"wp","href":"https:\/\/api.w.org\/{rel}","templated":true}]}}