{"id":10893,"date":"2024-09-09T21:28:52","date_gmt":"2024-09-09T19:28:52","guid":{"rendered":"https:\/\/agora.xtec.cat\/escolametllers\/?p=10893"},"modified":"2024-09-09T21:28:52","modified_gmt":"2024-09-09T19:28:52","slug":"exposicio-del-projecte","status":"publish","type":"post","link":"https:\/\/agora.xtec.cat\/escolametllers\/primaria\/exposicio-del-projecte\/","title":{"rendered":"EXPOSICI\u00d3 DEL PROJECTE"},"content":{"rendered":"<p style=\"text-align: justify;\">Aquest dijous dia 2 de febrer, la classe de les Roques i minerals vam exposar a les fam\u00edlies el nostre projecte: &#8220;Com \u00e9s que hi ha tantes pedres al bosc?&#8221;. Feia temps que ho prepar\u00e0vem amb molta il\u00b7lusi\u00f3!<\/p>\n<p style=\"text-align: justify;\">Aqu\u00ed podeu veure la presentaci\u00f3 que vam visualitzar plegats:<\/p>\n<div style=\"position: relative; width: 100%; height: 0; padding-top: 56.2500%; padding-bottom: 0; box-shadow: 0 2px 8px 0 rgba(63,69,81,0.16); margin-top: 1.6em; margin-bottom: 0.9em; overflow: hidden; border-radius: 8px; will-change: transform;\"><iframe style=\"position: absolute; width: 100%; height: 100%; top: 0; left: 0; border: none; padding: 0; margin: 0;\" src=\"https:\/\/www.canva.com\/design\/DAFZiiEBdfQ\/view?embed\" allowfullscreen=\"allowfullscreen\"><br \/>\n<\/iframe><\/div>\n<p style=\"text-align: justify;\">Per veure el v\u00eddeo del taller &#8220;Fabriquem f\u00f2ssils&#8221;, <strong><a href=\"https:\/\/drive.google.com\/file\/d\/19wtnDEc9jn0Bo_kCUS2X7ncpWbzHWHK3\/view\">feu clic aqu\u00ed<\/a><\/strong>.<br \/>\nHa sigut un projecte en qu\u00e8 hem apr\u00e8s moltes coses de la Terra i la seva hist\u00f2ria, per\u00f2 sobretot tamb\u00e9 a investigar i a treballar en equip.<br \/>\nA continuaci\u00f3 teniu un recull d&#8217;imatges dels moments m\u00e9s importants del projecte:<\/p>\n<p style=\"text-align: center;\"><iframe loading=\"lazy\" src=\"https:\/\/drive.google.com\/file\/d\/1EXgr55Jt_8I9X_kxfbTINiTuZxm_h0eg\/preview\" width=\"640\" height=\"480\"><\/iframe><\/p>\n<p style=\"text-align: justify;\">Un agra\u00efment especial a totes les fam\u00edlies per la vostra col\u00b7laboraci\u00f3 i assist\u00e8ncia.<br \/>\nSalut!<\/p>\n","protected":false},"excerpt":{"rendered":"<p>Aquest dijous dia 2 de febrer, la classe de les Roques i minerals vam exposar a les fam\u00edlies el nostre projecte: &#8220;Com \u00e9s que hi ha tantes pedres al bosc?&#8221;. Feia temps que ho prepar\u00e0vem amb molta il\u00b7lusi\u00f3! Aqu\u00ed podeu veure la presentaci\u00f3 que vam visualitzar plegats: Per veure el v\u00eddeo del taller &#8220;Fabriquem f\u00f2ssils&#8221;, [&hellip;]<\/p>\n","protected":false},"author":1,"featured_media":0,"comment_status":"open","ping_status":"closed","sticky":false,"template":"","format":"standard","meta":{"_bbp_topic_count":0,"_bbp_reply_count":0,"_bbp_total_topic_count":0,"_bbp_total_reply_count":0,"_bbp_voice_count":0,"_bbp_anonymous_reply_count":0,"_bbp_topic_count_hidden":0,"_bbp_reply_count_hidden":0,"_bbp_forum_subforum_count":0,"site-sidebar-layout":"default","site-content-layout":"","ast-site-content-layout":"","site-content-style":"default","site-sidebar-style":"default","ast-global-header-display":"","ast-banner-title-visibility":"","ast-main-header-display":"","ast-hfb-above-header-display":"","ast-hfb-below-header-display":"","ast-hfb-mobile-header-display":"","site-post-title":"","ast-breadcrumbs-content":"","ast-featured-img":"","footer-sml-layout":"","theme-transparent-header-meta":"","adv-header-id-meta":"","stick-header-meta":"","header-above-stick-meta":"","header-main-stick-meta":"","header-below-stick-meta":"","astra-migrate-meta-layouts":"default","ast-page-background-enabled":"default","ast-page-background-meta":{"desktop":{"background-color":"var(--ast-global-color-4)","background-image":"","background-repeat":"repeat","background-position":"center center","background-size":"auto","background-attachment":"scroll","background-type":"","background-media":"","overlay-type":"","overlay-color":"","overlay-opacity":"","overlay-gradient":""},"tablet":{"background-color":"","background-image":"","background-repeat":"repeat","background-position":"center center","background-size":"auto","background-attachment":"scroll","background-type":"","background-media":"","overlay-type":"","overlay-color":"","overlay-opacity":"","overlay-gradient":""},"mobile":{"background-color":"","background-image":"","background-repeat":"repeat","background-position":"center center","background-size":"auto","background-attachment":"scroll","background-type":"","background-media":"","overlay-type":"","overlay-color":"","overlay-opacity":"","overlay-gradient":""}},"ast-content-background-meta":{"desktop":{"background-color":"var(--ast-global-color-5)","background-image":"","background-repeat":"repeat","background-position":"center center","background-size":"auto","background-attachment":"scroll","background-type":"","background-media":"","overlay-type":"","overlay-color":"","overlay-opacity":"","overlay-gradient":""},"tablet":{"background-color":"var(--ast-global-color-5)","background-image":"","background-repeat":"repeat","background-position":"center center","background-size":"auto","background-attachment":"scroll","background-type":"","background-media":"","overlay-type":"","overlay-color":"","overlay-opacity":"","overlay-gradient":""},"mobile":{"background-color":"var(--ast-global-color-5)","background-image":"","background-repeat":"repeat","background-position":"center center","background-size":"auto","background-attachment":"scroll","background-type":"","background-media":"","overlay-type":"","overlay-color":"","overlay-opacity":"","overlay-gradient":""}},"footnotes":""},"categories":[258,5,75],"tags":[287,204],"class_list":["post-10893","post","type-post","status-publish","format-standard","hentry","category-22-23","category-primaria","category-prom13b","tag-conferencies","tag-projectes"],"post_mailing_queue_ids":[],"_links":{"self":[{"href":"https:\/\/agora.xtec.cat\/escolametllers\/wp-json\/wp\/v2\/posts\/10893","targetHints":{"allow":["GET"]}}],"collection":[{"href":"https:\/\/agora.xtec.cat\/escolametllers\/wp-json\/wp\/v2\/posts"}],"about":[{"href":"https:\/\/agora.xtec.cat\/escolametllers\/wp-json\/wp\/v2\/types\/post"}],"author":[{"embeddable":true,"href":"https:\/\/agora.xtec.cat\/escolametllers\/wp-json\/wp\/v2\/users\/1"}],"replies":[{"embeddable":true,"href":"https:\/\/agora.xtec.cat\/escolametllers\/wp-json\/wp\/v2\/comments?post=10893"}],"version-history":[{"count":1,"href":"https:\/\/agora.xtec.cat\/escolametllers\/wp-json\/wp\/v2\/posts\/10893\/revisions"}],"predecessor-version":[{"id":14312,"href":"https:\/\/agora.xtec.cat\/escolametllers\/wp-json\/wp\/v2\/posts\/10893\/revisions\/14312"}],"wp:attachment":[{"href":"https:\/\/agora.xtec.cat\/escolametllers\/wp-json\/wp\/v2\/media?parent=10893"}],"wp:term":[{"taxonomy":"category","embeddable":true,"href":"https:\/\/agora.xtec.cat\/escolametllers\/wp-json\/wp\/v2\/categories?post=10893"},{"taxonomy":"post_tag","embeddable":true,"href":"https:\/\/agora.xtec.cat\/escolametllers\/wp-json\/wp\/v2\/tags?post=10893"}],"curies":[{"name":"wp","href":"https:\/\/api.w.org\/{rel}","templated":true}]}}