{"id":10866,"date":"2023-01-31T15:44:29","date_gmt":"2023-01-31T14:44:29","guid":{"rendered":"https:\/\/agora.xtec.cat\/escolametllers\/?p=10866"},"modified":"2023-02-02T18:20:32","modified_gmt":"2023-02-02T17:20:32","slug":"padrins-de-lectura","status":"publish","type":"post","link":"https:\/\/agora.xtec.cat\/escolametllers\/primaria\/prom15a\/padrins-de-lectura\/","title":{"rendered":"PADRINS DE LECTURA"},"content":{"rendered":"<p>Aquest curs hem tornat a iniciar els padrins de lectura. Els nens i nenes de 2n i de 6\u00e8 compartim una estona de lectura cada quinze dies. La lectura ens ajuda a con\u00e8ixer l&#8217; altre i un mateix. Tamb\u00e9 ens ajuda a interpretar l&#8217;entorn i \u00e9s font d&#8217;imaginaci\u00f3 i de noves experi\u00e8ncies.<\/p>\n<p>Esperem amb moltes ganes aquesta estona i en gaudim!<\/p>\n<p><a href=\"https:\/\/photos.app.goo.gl\/SrTVioUS2LHwnhpC6\"><img loading=\"lazy\" decoding=\"async\" class=\"aligncenter\" src=\"https:\/\/lh3.googleusercontent.com\/EJ4kVf3WZjzev379m_tZhgB8QZRVt-4G0e6htDEgjcA9R7SMmHNyCC6he8DOLPSxSKo6WXzGzrhgcWVGE2Gl4sbVRwVCfG2eqj21UaqAthbx3KXEMjOrs0LLeUXJ-oqgiscQwHH4Lv2GvBdS-xstqlWOdFD0eXLVwjtnBhqtdKhoC4JwGm0qzNgVyFWsk17JLz-kV6G7r-PtTuafS4SYEo8iO0GcU2yoQGZxdu1VSRi_LVHuIBxy-GqXShJ8u66fbiRZ25RtuzhEmtRhF70DRz4r41TnpU0E6AYPpycqLoKDsOwOu6m0eyJCFRyGsSMQJz2t0z2jAMQIr1JY6sEb_PSKGhZ1oTWsqfjF6qzyiwk31RnarI2SRxYkHbYyaPWHYs2ckXNcTEPqGqEsP2_WJLPp5rIYIeMOV8REjRGqShybJSQ9Ctp_QkSiaMANc1T5IV3X2xp3GdTlmssAQ50fEP9FiTmjPhZIZn6h4kYBNH8JJIJRVS5dY2Y3P78gFiTDG73FYN7IOL4K1hdOk5SCzn-0D_yjE4Gs-WhaUWXW1udJ4S6Gwtr4mZmxAOOwFW2WqG_cQJL3v1v6gBiaO054Ox7oSjrYB2gdeNfejaR438FLpxO4N-RKU9YApPCqhnZiEbiC7SpwnizqcKpvdBxerSnHf26_xT2fbdvPaEa9YO86JQ77z-a3RA05igT0n83jHKFMX38W224r57dT1S4RuJWKOK3PghLO6bmzmSzFbdvMF4yhM_vZem_TR85fEStdM4Lja3KkZUG2zjsy88oPolda7eoWWb--S4Hk35Lh4IXbdYvwMY_oBU93ZCa4DX7Q198RTht3fEPL4T4wzOsgQNEzinTlvihe3qHmLnqsjxAmaMWuM0IA2RptBD12kjjMvPyPH8LDUgkkqFTybwuSI9O0_2fwdOkHar64TjJux5FG=w1920-h864-no?authuser=0\" width=\"384\" height=\"173\" \/><\/a><\/p>\n","protected":false},"excerpt":{"rendered":"<p>Aquest curs hem tornat a iniciar els padrins de lectura. Els nens i nenes de 2n i de 6\u00e8 compartim una estona de lectura cada quinze dies. La lectura ens ajuda a con\u00e8ixer l&#8217; altre i un mateix. Tamb\u00e9 ens ajuda a interpretar l&#8217;entorn i \u00e9s font d&#8217;imaginaci\u00f3 i de noves experi\u00e8ncies. Esperem amb moltes [&hellip;]<\/p>\n","protected":false},"author":50,"featured_media":0,"comment_status":"open","ping_status":"closed","sticky":false,"template":"","format":"standard","meta":{"_bbp_topic_count":0,"_bbp_reply_count":0,"_bbp_total_topic_count":0,"_bbp_total_reply_count":0,"_bbp_voice_count":0,"_bbp_anonymous_reply_count":0,"_bbp_topic_count_hidden":0,"_bbp_reply_count_hidden":0,"_bbp_forum_subforum_count":0,"site-sidebar-layout":"default","site-content-layout":"","ast-site-content-layout":"","site-content-style":"default","site-sidebar-style":"default","ast-global-header-display":"","ast-banner-title-visibility":"","ast-main-header-display":"","ast-hfb-above-header-display":"","ast-hfb-below-header-display":"","ast-hfb-mobile-header-display":"","site-post-title":"","ast-breadcrumbs-content":"","ast-featured-img":"","footer-sml-layout":"","theme-transparent-header-meta":"","adv-header-id-meta":"","stick-header-meta":"","header-above-stick-meta":"","header-main-stick-meta":"","header-below-stick-meta":"","astra-migrate-meta-layouts":"default","ast-page-background-enabled":"default","ast-page-background-meta":{"desktop":{"background-color":"var(--ast-global-color-4)","background-image":"","background-repeat":"repeat","background-position":"center center","background-size":"auto","background-attachment":"scroll","background-type":"","background-media":"","overlay-type":"","overlay-color":"","overlay-opacity":"","overlay-gradient":""},"tablet":{"background-color":"","background-image":"","background-repeat":"repeat","background-position":"center center","background-size":"auto","background-attachment":"scroll","background-type":"","background-media":"","overlay-type":"","overlay-color":"","overlay-opacity":"","overlay-gradient":""},"mobile":{"background-color":"","background-image":"","background-repeat":"repeat","background-position":"center center","background-size":"auto","background-attachment":"scroll","background-type":"","background-media":"","overlay-type":"","overlay-color":"","overlay-opacity":"","overlay-gradient":""}},"ast-content-background-meta":{"desktop":{"background-color":"var(--ast-global-color-5)","background-image":"","background-repeat":"repeat","background-position":"center center","background-size":"auto","background-attachment":"scroll","background-type":"","background-media":"","overlay-type":"","overlay-color":"","overlay-opacity":"","overlay-gradient":""},"tablet":{"background-color":"var(--ast-global-color-5)","background-image":"","background-repeat":"repeat","background-position":"center center","background-size":"auto","background-attachment":"scroll","background-type":"","background-media":"","overlay-type":"","overlay-color":"","overlay-opacity":"","overlay-gradient":""},"mobile":{"background-color":"var(--ast-global-color-5)","background-image":"","background-repeat":"repeat","background-position":"center center","background-size":"auto","background-attachment":"scroll","background-type":"","background-media":"","overlay-type":"","overlay-color":"","overlay-opacity":"","overlay-gradient":""}},"footnotes":""},"categories":[258,10],"tags":[303],"class_list":["post-10866","post","type-post","status-publish","format-standard","hentry","category-22-23","category-prom15a","tag-lectura"],"post_mailing_queue_ids":[],"_links":{"self":[{"href":"https:\/\/agora.xtec.cat\/escolametllers\/wp-json\/wp\/v2\/posts\/10866","targetHints":{"allow":["GET"]}}],"collection":[{"href":"https:\/\/agora.xtec.cat\/escolametllers\/wp-json\/wp\/v2\/posts"}],"about":[{"href":"https:\/\/agora.xtec.cat\/escolametllers\/wp-json\/wp\/v2\/types\/post"}],"author":[{"embeddable":true,"href":"https:\/\/agora.xtec.cat\/escolametllers\/wp-json\/wp\/v2\/users\/50"}],"replies":[{"embeddable":true,"href":"https:\/\/agora.xtec.cat\/escolametllers\/wp-json\/wp\/v2\/comments?post=10866"}],"version-history":[{"count":1,"href":"https:\/\/agora.xtec.cat\/escolametllers\/wp-json\/wp\/v2\/posts\/10866\/revisions"}],"predecessor-version":[{"id":10867,"href":"https:\/\/agora.xtec.cat\/escolametllers\/wp-json\/wp\/v2\/posts\/10866\/revisions\/10867"}],"wp:attachment":[{"href":"https:\/\/agora.xtec.cat\/escolametllers\/wp-json\/wp\/v2\/media?parent=10866"}],"wp:term":[{"taxonomy":"category","embeddable":true,"href":"https:\/\/agora.xtec.cat\/escolametllers\/wp-json\/wp\/v2\/categories?post=10866"},{"taxonomy":"post_tag","embeddable":true,"href":"https:\/\/agora.xtec.cat\/escolametllers\/wp-json\/wp\/v2\/tags?post=10866"}],"curies":[{"name":"wp","href":"https:\/\/api.w.org\/{rel}","templated":true}]}}